{"id":1760,"date":"2026-08-31T07:45:38","date_gmt":"2026-08-31T06:45:38","guid":{"rendered":"http:\/\/tuzfalcsoport.blog\/?p=1760"},"modified":"2026-08-31T07:50:41","modified_gmt":"2026-08-31T06:50:41","slug":"a-tiszasok-mar-a-kepviseloiket-fenyegetik","status":"publish","type":"post","link":"http:\/\/tuzfalcsoport.blog\/?p=1760","title":{"rendered":"\ud83d\udcccA tisz\u00e1sok m\u00e1r a k\u00e9pvisel\u0151iket fenyegetik!"},"content":{"rendered":"<p>\u26a0\ufe0fM\u00e1ris boml\u00e1snak indultak a TISZA-szigetek?<\/p>\n<p>Augusztus 20-\u00e1n Magyar P\u00e9ter azzal pr\u00f3b\u00e1lta megnyugtatni a h\u00f3napok \u00f3ta z\u00fagol\u00f3d\u00f3 TISZA-szigetek tagjait, hogy a v\u00e1laszt\u00e1si gy\u0151zelem ut\u00e1n val\u00f3j\u00e1ban nem feledkeztek meg r\u00f3luk: csup\u00e1n pihenni akart\u00e1k hagyni az aktivist\u00e1kat. Magyar\u00e1zatnak ez harmatgyenge, de n\u00e9h\u00e1ny napig \u00fagy t\u0171nt, siker\u00fclt n\u00e9mileg tomp\u00edtani az indulatokat. Azt\u00e1n az Orsz\u00e1ggy\u0171l\u00e9s megv\u00e1lasztotta Unger Anna R\u00f3z\u00e1t az \u00faj \u00c1HV \u00e9l\u00e9re. Ez pedig a jelek szerint nem egyszer\u0171en felsz\u00edtotta a bels\u0151 vit\u00e1kat, hanem a szakad\u00e1s sz\u00e9l\u00e9re sodorta a t\u00e1bort.<\/p>\n<p>Ezt a legjobban tal\u00e1n az \u00fajpesti Ugr\u00f3 Gyula TISZA Sziget augusztus 30-\u00e1n megjelent Facebook-bejegyz\u00e9se szeml\u00e9lteti. A szerz\u0151k hosszasan k\u00e9rlelik a k\u00f6z\u00f6ss\u00e9g tagjait, hogy legyenek \u201e\u00e1tgondoltak\u201d, \u201et\u00fcrelmesek\u201d, hallgass\u00e1k meg egym\u00e1st, a vita \u201ene vezessen sz\u00e9th\u00faz\u00e1shoz vagy k\u00f6zfelh\u00e1borod\u00e1shoz\u201d, \u00e9s mindenki \u00fcgyeljen arra, hogy \u201ene \u00e1rtsunk a k\u00f6z\u00f6ss\u00e9gnek\u201d. A v\u00e9g\u00e9n pedig m\u00e1r csupa nagybet\u0171vel \u00e9rkezik a felsz\u00f3l\u00edt\u00e1s:<\/p>\n<p>\u201eMARADJUNK EGYBEN, TARTSUNK \u00d6SSZE, EZ A TISZA EGYIK LEGNAGYOBB EREJE!\u201d<\/p>\n<p>Nem kell k\u00fcl\u00f6n\u00f6sebb pszichol\u00f3giai vagy nyelv\u00e9szeti tud\u00e1s ahhoz, hogy \u00e9szrevegy\u00fck: ilyen k\u00f6zlem\u00e9nyt akkor \u00edr egy k\u00f6z\u00f6ss\u00e9g vezet\u00e9se, amikor t\u00e9nyleg \u00e9g a h\u00e1z.<\/p>\n<p>Egy\u00e9bk\u00e9nt pedig a poszt legjobb mondata ez: \u201eNe feledj\u00e9tek: most tanuljuk a demokratikus gondolkod\u00e1st!\u201d<\/p>\n<p>A tisz\u00e1s potent\u00e1tok szerint teh\u00e1t a demokr\u00e1cia azt jelenti, hogy az aktivist\u00e1knak meg kell tanulniuk sz\u00f3 n\u00e9lk\u00fcl elfogadni a k\u00f6zpont d\u00f6nt\u00e9seit. Ez k\u00eds\u00e9rtetiesen hasonl\u00edt a kommunist\u00e1k demokr\u00e1ciafelfog\u00e1s\u00e1ra, \u00e9s \u00f3hatatlanul a n\u00e9pszer\u0171 szat\u00edr\u00e1t, a Szt\u00e1lin hal\u00e1l\u00e1t juttatja esz\u00fcnkbe, amelynek egyik jelent\u00e9ben Malenkov azt mondja, &#8222;Sz\u00e1lin nem szerette a frakci\u00f3z\u00e1st&#8221;. Magyar P\u00e9ter sem szereti, mik\u00f6zben sok tisz\u00e1s aktivista komolyan elhitte, hogy a korm\u00e1nyv\u00e1lt\u00e1s ut\u00e1n &#8222;val\u00f3di demokr\u00e1cia&#8221; lesz, \u00e9s az \u0151 hangjuk is sz\u00e1m\u00edt majd valamit.<\/p>\n<p>De maradjunk Unger Ann\u00e1n\u00e1l \u00e9s az omin\u00f3zus posztn\u00e1l. Azt m\u00e9g az \u00fajpesti sziget vezet\u0151i is elismert\u00e9k, hogy \u201emindannyian nagyon \u00f6r\u00fclt\u00fcnk volna Ligeti Mikl\u00f3s kinevez\u00e9s\u00e9nek\u201d, de &#8211; \u00e9s ebb\u0151l is l\u00e1tszik, milyen nagy lehetett az el\u00e9gedetlens\u00e9g -r\u00f6gt\u00f6n arra k\u00e9rik a tagokat, hogy legyenek t\u00fcrelmesek, hiszen bizony\u00e1ra vannak olyan r\u00e9szletek, amelyeket nem ismerhetnek meg, \u201ep\u00e9ld\u00e1ul biztons\u00e1gi okokb\u00f3l\u201d. Sz\u00f3val, a konkl\u00fazi\u00f3 nem az, hogy \u00e1tl\u00e1that\u00f3s\u00e1gra \u00e9s demokratikus vit\u00e1ra van sz\u00fcks\u00e9g, hanem az, hogy \u201ev\u00e9gtelen t\u00fcrelemre \u00e9s bizalomra van sz\u00fcks\u00e9g\u201d.<\/p>\n<p>Fontos hozz\u00e1tenni, hogy nem egyetlen \u00fajpesti k\u00f6z\u00f6ss\u00e9g el\u00e9gedetlen. N\u00e9gy n\u00f3gr\u00e1di TISZA-sziget m\u00e1r a parlamenti szavaz\u00e1s el\u0151tt nyilv\u00e1nosan arra k\u00e9rte saj\u00e1t k\u00e9pvisel\u0151j\u00e9t, hogy ne Unger Ann\u00e1t, hanem Ligeti Mikl\u00f3st t\u00e1mogassa. Ennek ellen\u00e9re Mell\u00e9thei-Barna M\u00e1rton kiv\u00e9tel\u00e9vel mindenki k\u00f6vette a p\u00e1rtutas\u00edt\u00e1st. A parlamenti d\u00f6nt\u00e9s ut\u00e1n pedig a k\u00e9pvisel\u0151k egym\u00e1s ut\u00e1n tett\u00e9k ki a k\u00ednosabbn\u00e1l k\u00ednosabb, magyar\u00e1zkod\u00f3 posztokat. Ez is egy\u00e9rtelm\u0171en jelzi, hogy aggaszt\u00f3 m\u00e9reteket \u00f6lt\u00f6tt a harag \u00e9s a csal\u00f3dotts\u00e1g a saj\u00e1t t\u00e1borukban.<\/p>\n<p>Akadt azonban, aki meglehet\u0151sen saj\u00e1tos m\u00f3dj\u00e1t v\u00e1lasztotta a reakci\u00f3nak. Ferenczi G\u00e1bor tisz\u00e1s k\u00e9pvisel\u0151 &#8211; aki arr\u00f3l panaszkodik, hogy egy tisz\u00e1s \u00e9jjel 11-kor \u00fczenetben mocskolta a szavaz\u00e1s ut\u00e1n \u00a0&#8211; p\u00e9ld\u00e1ul azt is k\u00f6z\u00f6lte, hogy nem fog<\/p>\n<p>\u201elaikusok facebook kommentjei, meg felt\u0171n\u00e9si viszketegs\u00e9gben szenved\u0151 emberek posztjai alapj\u00e1n\u201d<\/p>\n<p>szavazni, majd saj\u00e1t v\u00e1laszt\u00e1si indul\u00e1s\u00e1t egy m\u00e1rt\u00edr\u00e9val veteked\u0151 \u00e1ldozatv\u00e1llal\u00e1sk\u00e9nt mutatta be, s v\u00e9g\u00fcl eljutott od\u00e1ig, hogy:<\/p>\n<p>\u201eKem\u00e9ny, neh\u00e9z id\u0151kben, olyan b\u00e1tor, t\u00f6k\u00f6s emberekre volt sz\u00fcks\u00e9g, mint Magyar P\u00e9ter, vagy \u00c9n. Majd egyenesbe j\u00f6n az orsz\u00e1g \u00e9s j\u00f6hetnek a gyeng\u00e9k, a puh\u00e1k.\u201d<\/p>\n<p>Neh\u00e9z elk\u00e9pzelni, hogy \u00e9ppen ez a hangnem fogja meggy\u0151zni azokat az \u00f6nk\u00e9nteseket, akik k\u00e9t \u00e9ven kereszt\u00fcl pultoztak, sz\u00f3r\u00f3lapoztak, kopogtattak \u00e9s kamp\u00e1nyoltak a TISZA mellett, \u00e9s szem\u00e9lyesen Ferenczi G\u00e1bor megv\u00e1laszt\u00e1sa \u00e9rdek\u00e9ben is.<\/p>\n<p>Ann\u00e1l is ink\u00e1bb, mert az el\u00e9gedetlens\u00e9g j\u00f3val az Unger-\u00fcgy el\u0151tt elkezd\u0151d\u00f6tt. J\u00falius 25-\u00e9n m\u00e1r a TISZA-rajong\u00f3k egyik virtu\u00e1lis gy\u00fclekez\u0151hely\u00e9n, a Reddit-k\u00f6z\u00f6ss\u00e9g soraiban is felvet\u0151d\u00f6tt, hogy a szigetekben azt hallani: a v\u00e1laszt\u00e1s ut\u00e1n \u201ele vannak szarva\u201d. Augusztus 20-\u00e1n pedig a HVG-nek is arra panaszkodott valaki, hogy \u201en\u00e9lk\u00fcl\u00fcnk sehol se lenn\u00e9nek\u201d, \u00e1prilis 12. \u00f3ta m\u00e9gsem figyel r\u00e1juk senki.<\/p>\n<p>A ki\u00e1br\u00e1ndults\u00e1g valahol \u00e9rthet\u0151, ugyanakkor sejthet\u0151 volt, hogy a Magyar P\u00e9ter\u00e9k nem mintademokrat\u00e1k. A TISZA P\u00e1rtnak hivatalosan csup\u00e1n 29 tagja van, \u00e9s Radnai M\u00e1rk a v\u00e1laszt\u00e1si gy\u0151zelmet k\u00f6vet\u0151en vil\u00e1goss\u00e1 tette, hogy nem tud olyan sz\u00e1nd\u00e9kr\u00f3l, amely szerint megnyitn\u00e1k a tags\u00e1got a sokezrenyi aktivista sz\u00e1m\u00e1ra.<\/p>\n<div id='gallery-1' class='gallery galleryid-1760 gallery-columns-3 gallery-size-thumbnail'><figure class='gallery-item'>\n\t\t\t<div class='gallery-icon portrait'>\n\t\t\t\t<a href='http:\/\/tuzfalcsoport.blog\/?attachment_id=1761'><img loading=\"lazy\" decoding=\"async\" width=\"150\" height=\"150\" src=\"http:\/\/tuzfalcsoport.blog\/wp-content\/uploads\/2026\/08\/IMG_8214-150x150.jpeg\" class=\"attachment-thumbnail size-thumbnail\" alt=\"\" \/><\/a>\n\t\t\t<\/div><\/figure><figure class='gallery-item'>\n\t\t\t<div class='gallery-icon landscape'>\n\t\t\t\t<a href='http:\/\/tuzfalcsoport.blog\/?attachment_id=1762'><img loading=\"lazy\" decoding=\"async\" width=\"150\" height=\"150\" src=\"http:\/\/tuzfalcsoport.blog\/wp-content\/uploads\/2026\/08\/IMG_8215-150x150.jpeg\" class=\"attachment-thumbnail size-thumbnail\" alt=\"\" \/><\/a>\n\t\t\t<\/div><\/figure><figure class='gallery-item'>\n\t\t\t<div class='gallery-icon portrait'>\n\t\t\t\t<a href='http:\/\/tuzfalcsoport.blog\/?attachment_id=1763'><img loading=\"lazy\" decoding=\"async\" width=\"150\" height=\"150\" src=\"http:\/\/tuzfalcsoport.blog\/wp-content\/uploads\/2026\/08\/IMG_8216-150x150.jpeg\" class=\"attachment-thumbnail size-thumbnail\" alt=\"\" \/><\/a>\n\t\t\t<\/div><\/figure><figure class='gallery-item'>\n\t\t\t<div class='gallery-icon landscape'>\n\t\t\t\t<a href='http:\/\/tuzfalcsoport.blog\/?attachment_id=1764'><img loading=\"lazy\" decoding=\"async\" width=\"150\" height=\"150\" src=\"http:\/\/tuzfalcsoport.blog\/wp-content\/uploads\/2026\/08\/IMG_8217-150x150.jpeg\" class=\"attachment-thumbnail size-thumbnail\" alt=\"\" \/><\/a>\n\t\t\t<\/div><\/figure>\n\t\t<\/div>\n\n","protected":false},"excerpt":{"rendered":"<p>\u26a0\ufe0fM\u00e1ris boml\u00e1snak indultak a TISZA-szigetek? Augusztus 20-\u00e1n Magyar P\u00e9ter azzal pr\u00f3b\u00e1lta megnyugtatni a h\u00f3napok \u00f3ta z\u00fagol\u00f3d\u00f3 TISZA-szigetek tagjait, hogy a v\u00e1laszt\u00e1si gy\u0151zelem ut\u00e1n val\u00f3j\u00e1ban nem feledkeztek meg r\u00f3luk: csup\u00e1n pihenni akart\u00e1k hagyni az aktivist\u00e1kat. Magyar\u00e1zatnak ez harmatgyenge, de n\u00e9h\u00e1ny napig \u00fagy t\u0171nt, siker\u00fclt n\u00e9mileg tomp\u00edtani az indulatokat. Azt\u00e1n az Orsz\u00e1ggy\u0171l\u00e9s megv\u00e1lasztotta Unger Anna R\u00f3z\u00e1t az [&hellip;]<\/p>\n","protected":false},"author":1,"featured_media":1766,"comment_status":"open","ping_status":"open","sticky":false,"template":"","format":"standard","meta":{"footnotes":""},"categories":[1],"tags":[],"class_list":["post-1760","post","type-post","status-publish","format-standard","has-post-thumbnail","hentry","category-uncategorized"],"yoast_head":"<!-- This site is optimized with the Yoast SEO plugin v26.7 - https:\/\/yoast.com\/wordpress\/plugins\/seo\/ -->\n<title>\ud83d\udcccA tisz\u00e1sok m\u00e1r a k\u00e9pvisel\u0151iket fenyegetik! -<\/title>\n<meta name=\"robots\" content=\"index, follow, max-snippet:-1, max-image-preview:large, max-video-preview:-1\" \/>\n<link rel=\"canonical\" href=\"http:\/\/tuzfalcsoport.blog\/?p=1760\" \/>\n<meta property=\"og:locale\" content=\"hu_HU\" \/>\n<meta property=\"og:type\" content=\"article\" \/>\n<meta property=\"og:title\" content=\"\ud83d\udcccA tisz\u00e1sok m\u00e1r a k\u00e9pvisel\u0151iket fenyegetik! -\" \/>\n<meta property=\"og:description\" content=\"\u26a0\ufe0fM\u00e1ris boml\u00e1snak indultak a TISZA-szigetek? Augusztus 20-\u00e1n Magyar P\u00e9ter azzal pr\u00f3b\u00e1lta megnyugtatni a h\u00f3napok \u00f3ta z\u00fagol\u00f3d\u00f3 TISZA-szigetek tagjait, hogy a v\u00e1laszt\u00e1si gy\u0151zelem ut\u00e1n val\u00f3j\u00e1ban nem feledkeztek meg r\u00f3luk: csup\u00e1n pihenni akart\u00e1k hagyni az aktivist\u00e1kat. Magyar\u00e1zatnak ez harmatgyenge, de n\u00e9h\u00e1ny napig \u00fagy t\u0171nt, siker\u00fclt n\u00e9mileg tomp\u00edtani az indulatokat. Azt\u00e1n az Orsz\u00e1ggy\u0171l\u00e9s megv\u00e1lasztotta Unger Anna R\u00f3z\u00e1t az [&hellip;]\" \/>\n<meta property=\"og:url\" content=\"http:\/\/tuzfalcsoport.blog\/?p=1760\" \/>\n<meta property=\"article:published_time\" content=\"2026-08-31T06:45:38+00:00\" \/>\n<meta property=\"article:modified_time\" content=\"2026-08-31T06:50:41+00:00\" \/>\n<meta property=\"og:image\" content=\"http:\/\/tuzfalcsoport.blog\/wp-content\/uploads\/2026\/08\/IMG_8216-1.jpeg\" \/>\n\t<meta property=\"og:image:width\" content=\"1284\" \/>\n\t<meta property=\"og:image:height\" content=\"2045\" \/>\n\t<meta property=\"og:image:type\" content=\"image\/jpeg\" \/>\n<meta name=\"author\" content=\"T\u0171zfalcsoport\" \/>\n<meta name=\"twitter:card\" content=\"summary_large_image\" \/>\n<meta name=\"twitter:label1\" content=\"Szerz\u0151:\" \/>\n\t<meta name=\"twitter:data1\" content=\"T\u0171zfalcsoport\" \/>\n\t<meta name=\"twitter:label2\" content=\"Becs\u00fclt olvas\u00e1si id\u0151\" \/>\n\t<meta name=\"twitter:data2\" content=\"4 perc\" \/>\n<script type=\"application\/ld+json\" class=\"yoast-schema-graph\">{\"@context\":\"https:\/\/schema.org\",\"@graph\":[{\"@type\":\"Article\",\"@id\":\"http:\/\/tuzfalcsoport.blog\/?p=1760#article\",\"isPartOf\":{\"@id\":\"http:\/\/tuzfalcsoport.blog\/?p=1760\"},\"author\":{\"name\":\"T\u0171zfalcsoport\",\"@id\":\"https:\/\/tuzfalcsoport.blog\/#\/schema\/person\/0dbc8ce6fe1c972173556c4bea45d879\"},\"headline\":\"\ud83d\udcccA tisz\u00e1sok m\u00e1r a k\u00e9pvisel\u0151iket fenyegetik!\",\"datePublished\":\"2026-08-31T06:45:38+00:00\",\"dateModified\":\"2026-08-31T06:50:41+00:00\",\"mainEntityOfPage\":{\"@id\":\"http:\/\/tuzfalcsoport.blog\/?p=1760\"},\"wordCount\":952,\"commentCount\":0,\"image\":{\"@id\":\"http:\/\/tuzfalcsoport.blog\/?p=1760#primaryimage\"},\"thumbnailUrl\":\"http:\/\/tuzfalcsoport.blog\/wp-content\/uploads\/2026\/08\/IMG_8216-1.jpeg\",\"articleSection\":[\"Uncategorized\"],\"inLanguage\":\"hu\",\"potentialAction\":[{\"@type\":\"CommentAction\",\"name\":\"Comment\",\"target\":[\"http:\/\/tuzfalcsoport.blog\/?p=1760#respond\"]}]},{\"@type\":\"WebPage\",\"@id\":\"http:\/\/tuzfalcsoport.blog\/?p=1760\",\"url\":\"http:\/\/tuzfalcsoport.blog\/?p=1760\",\"name\":\"\ud83d\udcccA tisz\u00e1sok m\u00e1r a k\u00e9pvisel\u0151iket fenyegetik! -\",\"isPartOf\":{\"@id\":\"https:\/\/tuzfalcsoport.blog\/#website\"},\"primaryImageOfPage\":{\"@id\":\"http:\/\/tuzfalcsoport.blog\/?p=1760#primaryimage\"},\"image\":{\"@id\":\"http:\/\/tuzfalcsoport.blog\/?p=1760#primaryimage\"},\"thumbnailUrl\":\"http:\/\/tuzfalcsoport.blog\/wp-content\/uploads\/2026\/08\/IMG_8216-1.jpeg\",\"datePublished\":\"2026-08-31T06:45:38+00:00\",\"dateModified\":\"2026-08-31T06:50:41+00:00\",\"author\":{\"@id\":\"https:\/\/tuzfalcsoport.blog\/#\/schema\/person\/0dbc8ce6fe1c972173556c4bea45d879\"},\"breadcrumb\":{\"@id\":\"http:\/\/tuzfalcsoport.blog\/?p=1760#breadcrumb\"},\"inLanguage\":\"hu\",\"potentialAction\":[{\"@type\":\"ReadAction\",\"target\":[\"http:\/\/tuzfalcsoport.blog\/?p=1760\"]}]},{\"@type\":\"ImageObject\",\"inLanguage\":\"hu\",\"@id\":\"http:\/\/tuzfalcsoport.blog\/?p=1760#primaryimage\",\"url\":\"http:\/\/tuzfalcsoport.blog\/wp-content\/uploads\/2026\/08\/IMG_8216-1.jpeg\",\"contentUrl\":\"http:\/\/tuzfalcsoport.blog\/wp-content\/uploads\/2026\/08\/IMG_8216-1.jpeg\",\"width\":1284,\"height\":2045},{\"@type\":\"BreadcrumbList\",\"@id\":\"http:\/\/tuzfalcsoport.blog\/?p=1760#breadcrumb\",\"itemListElement\":[{\"@type\":\"ListItem\",\"position\":1,\"name\":\"Home\",\"item\":\"https:\/\/tuzfalcsoport.blog\/\"},{\"@type\":\"ListItem\",\"position\":2,\"name\":\"\ud83d\udcccA tisz\u00e1sok m\u00e1r a k\u00e9pvisel\u0151iket fenyegetik!\"}]},{\"@type\":\"WebSite\",\"@id\":\"https:\/\/tuzfalcsoport.blog\/#website\",\"url\":\"https:\/\/tuzfalcsoport.blog\/\",\"name\":\"\",\"description\":\"Oknyomoz\u00f3 blog 2015 \u00f3ta\",\"potentialAction\":[{\"@type\":\"SearchAction\",\"target\":{\"@type\":\"EntryPoint\",\"urlTemplate\":\"https:\/\/tuzfalcsoport.blog\/?s={search_term_string}\"},\"query-input\":{\"@type\":\"PropertyValueSpecification\",\"valueRequired\":true,\"valueName\":\"search_term_string\"}}],\"inLanguage\":\"hu\"},{\"@type\":\"Person\",\"@id\":\"https:\/\/tuzfalcsoport.blog\/#\/schema\/person\/0dbc8ce6fe1c972173556c4bea45d879\",\"name\":\"T\u0171zfalcsoport\",\"image\":{\"@type\":\"ImageObject\",\"inLanguage\":\"hu\",\"@id\":\"https:\/\/tuzfalcsoport.blog\/#\/schema\/person\/image\/\",\"url\":\"https:\/\/secure.gravatar.com\/avatar\/6a89eb668c2a2380540f358d8a1dd366bd36bf902c70e9d4bbb8f5b85d9e363b?s=96&d=mm&r=g\",\"contentUrl\":\"https:\/\/secure.gravatar.com\/avatar\/6a89eb668c2a2380540f358d8a1dd366bd36bf902c70e9d4bbb8f5b85d9e363b?s=96&d=mm&r=g\",\"caption\":\"T\u0171zfalcsoport\"},\"sameAs\":[\"http:\/\/tuzfalcsoport.blog\"],\"url\":\"http:\/\/tuzfalcsoport.blog\/?author=1\"}]}<\/script>\n<!-- \/ Yoast SEO plugin. -->","yoast_head_json":{"title":"\ud83d\udcccA tisz\u00e1sok m\u00e1r a k\u00e9pvisel\u0151iket fenyegetik! -","robots":{"index":"index","follow":"follow","max-snippet":"max-snippet:-1","max-image-preview":"max-image-preview:large","max-video-preview":"max-video-preview:-1"},"canonical":"http:\/\/tuzfalcsoport.blog\/?p=1760","og_locale":"hu_HU","og_type":"article","og_title":"\ud83d\udcccA tisz\u00e1sok m\u00e1r a k\u00e9pvisel\u0151iket fenyegetik! -","og_description":"\u26a0\ufe0fM\u00e1ris boml\u00e1snak indultak a TISZA-szigetek? Augusztus 20-\u00e1n Magyar P\u00e9ter azzal pr\u00f3b\u00e1lta megnyugtatni a h\u00f3napok \u00f3ta z\u00fagol\u00f3d\u00f3 TISZA-szigetek tagjait, hogy a v\u00e1laszt\u00e1si gy\u0151zelem ut\u00e1n val\u00f3j\u00e1ban nem feledkeztek meg r\u00f3luk: csup\u00e1n pihenni akart\u00e1k hagyni az aktivist\u00e1kat. Magyar\u00e1zatnak ez harmatgyenge, de n\u00e9h\u00e1ny napig \u00fagy t\u0171nt, siker\u00fclt n\u00e9mileg tomp\u00edtani az indulatokat. Azt\u00e1n az Orsz\u00e1ggy\u0171l\u00e9s megv\u00e1lasztotta Unger Anna R\u00f3z\u00e1t az [&hellip;]","og_url":"http:\/\/tuzfalcsoport.blog\/?p=1760","article_published_time":"2026-08-31T06:45:38+00:00","article_modified_time":"2026-08-31T06:50:41+00:00","og_image":[{"width":1284,"height":2045,"url":"http:\/\/tuzfalcsoport.blog\/wp-content\/uploads\/2026\/08\/IMG_8216-1.jpeg","type":"image\/jpeg"}],"author":"T\u0171zfalcsoport","twitter_card":"summary_large_image","twitter_misc":{"Szerz\u0151:":"T\u0171zfalcsoport","Becs\u00fclt olvas\u00e1si id\u0151":"4 perc"},"schema":{"@context":"https:\/\/schema.org","@graph":[{"@type":"Article","@id":"http:\/\/tuzfalcsoport.blog\/?p=1760#article","isPartOf":{"@id":"http:\/\/tuzfalcsoport.blog\/?p=1760"},"author":{"name":"T\u0171zfalcsoport","@id":"https:\/\/tuzfalcsoport.blog\/#\/schema\/person\/0dbc8ce6fe1c972173556c4bea45d879"},"headline":"\ud83d\udcccA tisz\u00e1sok m\u00e1r a k\u00e9pvisel\u0151iket fenyegetik!","datePublished":"2026-08-31T06:45:38+00:00","dateModified":"2026-08-31T06:50:41+00:00","mainEntityOfPage":{"@id":"http:\/\/tuzfalcsoport.blog\/?p=1760"},"wordCount":952,"commentCount":0,"image":{"@id":"http:\/\/tuzfalcsoport.blog\/?p=1760#primaryimage"},"thumbnailUrl":"http:\/\/tuzfalcsoport.blog\/wp-content\/uploads\/2026\/08\/IMG_8216-1.jpeg","articleSection":["Uncategorized"],"inLanguage":"hu","potentialAction":[{"@type":"CommentAction","name":"Comment","target":["http:\/\/tuzfalcsoport.blog\/?p=1760#respond"]}]},{"@type":"WebPage","@id":"http:\/\/tuzfalcsoport.blog\/?p=1760","url":"http:\/\/tuzfalcsoport.blog\/?p=1760","name":"\ud83d\udcccA tisz\u00e1sok m\u00e1r a k\u00e9pvisel\u0151iket fenyegetik! -","isPartOf":{"@id":"https:\/\/tuzfalcsoport.blog\/#website"},"primaryImageOfPage":{"@id":"http:\/\/tuzfalcsoport.blog\/?p=1760#primaryimage"},"image":{"@id":"http:\/\/tuzfalcsoport.blog\/?p=1760#primaryimage"},"thumbnailUrl":"http:\/\/tuzfalcsoport.blog\/wp-content\/uploads\/2026\/08\/IMG_8216-1.jpeg","datePublished":"2026-08-31T06:45:38+00:00","dateModified":"2026-08-31T06:50:41+00:00","author":{"@id":"https:\/\/tuzfalcsoport.blog\/#\/schema\/person\/0dbc8ce6fe1c972173556c4bea45d879"},"breadcrumb":{"@id":"http:\/\/tuzfalcsoport.blog\/?p=1760#breadcrumb"},"inLanguage":"hu","potentialAction":[{"@type":"ReadAction","target":["http:\/\/tuzfalcsoport.blog\/?p=1760"]}]},{"@type":"ImageObject","inLanguage":"hu","@id":"http:\/\/tuzfalcsoport.blog\/?p=1760#primaryimage","url":"http:\/\/tuzfalcsoport.blog\/wp-content\/uploads\/2026\/08\/IMG_8216-1.jpeg","contentUrl":"http:\/\/tuzfalcsoport.blog\/wp-content\/uploads\/2026\/08\/IMG_8216-1.jpeg","width":1284,"height":2045},{"@type":"BreadcrumbList","@id":"http:\/\/tuzfalcsoport.blog\/?p=1760#breadcrumb","itemListElement":[{"@type":"ListItem","position":1,"name":"Home","item":"https:\/\/tuzfalcsoport.blog\/"},{"@type":"ListItem","position":2,"name":"\ud83d\udcccA tisz\u00e1sok m\u00e1r a k\u00e9pvisel\u0151iket fenyegetik!"}]},{"@type":"WebSite","@id":"https:\/\/tuzfalcsoport.blog\/#website","url":"https:\/\/tuzfalcsoport.blog\/","name":"","description":"Oknyomoz\u00f3 blog 2015 \u00f3ta","potentialAction":[{"@type":"SearchAction","target":{"@type":"EntryPoint","urlTemplate":"https:\/\/tuzfalcsoport.blog\/?s={search_term_string}"},"query-input":{"@type":"PropertyValueSpecification","valueRequired":true,"valueName":"search_term_string"}}],"inLanguage":"hu"},{"@type":"Person","@id":"https:\/\/tuzfalcsoport.blog\/#\/schema\/person\/0dbc8ce6fe1c972173556c4bea45d879","name":"T\u0171zfalcsoport","image":{"@type":"ImageObject","inLanguage":"hu","@id":"https:\/\/tuzfalcsoport.blog\/#\/schema\/person\/image\/","url":"https:\/\/secure.gravatar.com\/avatar\/6a89eb668c2a2380540f358d8a1dd366bd36bf902c70e9d4bbb8f5b85d9e363b?s=96&d=mm&r=g","contentUrl":"https:\/\/secure.gravatar.com\/avatar\/6a89eb668c2a2380540f358d8a1dd366bd36bf902c70e9d4bbb8f5b85d9e363b?s=96&d=mm&r=g","caption":"T\u0171zfalcsoport"},"sameAs":["http:\/\/tuzfalcsoport.blog"],"url":"http:\/\/tuzfalcsoport.blog\/?author=1"}]}},"_links":{"self":[{"href":"http:\/\/tuzfalcsoport.blog\/index.php?rest_route=\/wp\/v2\/posts\/1760","targetHints":{"allow":["GET"]}}],"collection":[{"href":"http:\/\/tuzfalcsoport.blog\/index.php?rest_route=\/wp\/v2\/posts"}],"about":[{"href":"http:\/\/tuzfalcsoport.blog\/index.php?rest_route=\/wp\/v2\/types\/post"}],"author":[{"embeddable":true,"href":"http:\/\/tuzfalcsoport.blog\/index.php?rest_route=\/wp\/v2\/users\/1"}],"replies":[{"embeddable":true,"href":"http:\/\/tuzfalcsoport.blog\/index.php?rest_route=%2Fwp%2Fv2%2Fcomments&post=1760"}],"version-history":[{"count":2,"href":"http:\/\/tuzfalcsoport.blog\/index.php?rest_route=\/wp\/v2\/posts\/1760\/revisions"}],"predecessor-version":[{"id":1767,"href":"http:\/\/tuzfalcsoport.blog\/index.php?rest_route=\/wp\/v2\/posts\/1760\/revisions\/1767"}],"wp:featuredmedia":[{"embeddable":true,"href":"http:\/\/tuzfalcsoport.blog\/index.php?rest_route=\/wp\/v2\/media\/1766"}],"wp:attachment":[{"href":"http:\/\/tuzfalcsoport.blog\/index.php?rest_route=%2Fwp%2Fv2%2Fmedia&parent=1760"}],"wp:term":[{"taxonomy":"category","embeddable":true,"href":"http:\/\/tuzfalcsoport.blog\/index.php?rest_route=%2Fwp%2Fv2%2Fcategories&post=1760"},{"taxonomy":"post_tag","embeddable":true,"href":"http:\/\/tuzfalcsoport.blog\/index.php?rest_route=%2Fwp%2Fv2%2Ftags&post=1760"}],"curies":[{"name":"wp","href":"https:\/\/api.w.org\/{rel}","templated":true}]}}