{"id":1768,"date":"2026-09-01T08:14:34","date_gmt":"2026-09-01T07:14:34","guid":{"rendered":"http:\/\/tuzfalcsoport.blog\/?p=1768"},"modified":"2026-09-01T08:18:55","modified_gmt":"2026-09-01T07:18:55","slug":"%f0%9f%93%8chiaba-a-kozponti-tereles-a-tisza-szigetek-szetesoben","status":"publish","type":"post","link":"http:\/\/tuzfalcsoport.blog\/?p=1768","title":{"rendered":"\ud83d\udcccHi\u00e1ba a k\u00f6zponti terel\u00e9s, a Tisza szigetek sz\u00e9tes\u0151ben"},"content":{"rendered":"","protected":true},"excerpt":{"rendered":"","protected":true},"author":1,"featured_media":1771,"comment_status":"open","ping_status":"open","sticky":false,"template":"","format":"standard","meta":{"footnotes":""},"categories":[1],"tags":[],"class_list":["post-1768","post","type-post","status-publish","format-standard","post-password-required","hentry","category-uncategorized"],"yoast_head":"<!-- This site is optimized with the Yoast SEO plugin v26.7 - https:\/\/yoast.com\/wordpress\/plugins\/seo\/ -->\n<title>\ud83d\udcccHi\u00e1ba a k\u00f6zponti terel\u00e9s, a Tisza szigetek sz\u00e9tes\u0151ben -<\/title>\n<meta name=\"robots\" content=\"index, follow, max-snippet:-1, max-image-preview:large, max-video-preview:-1\" \/>\n<link rel=\"canonical\" href=\"http:\/\/tuzfalcsoport.blog\/?p=1768\" \/>\n<meta property=\"og:locale\" content=\"hu_HU\" \/>\n<meta property=\"og:type\" content=\"article\" \/>\n<meta property=\"og:title\" content=\"\ud83d\udcccHi\u00e1ba a k\u00f6zponti terel\u00e9s, a Tisza szigetek sz\u00e9tes\u0151ben -\" \/>\n<meta property=\"og:description\" content=\"Nincs kivonat, mert ez egy v\u00e9dett tartalm\u00fa bejegyz\u00e9s.\" \/>\n<meta property=\"og:url\" content=\"http:\/\/tuzfalcsoport.blog\/?p=1768\" \/>\n<meta property=\"article:published_time\" content=\"2026-09-01T07:14:34+00:00\" \/>\n<meta property=\"article:modified_time\" content=\"2026-09-01T07:18:55+00:00\" \/>\n<meta name=\"author\" content=\"T\u0171zfalcsoport\" \/>\n<meta name=\"twitter:card\" content=\"summary_large_image\" \/>\n<meta name=\"twitter:label1\" content=\"Szerz\u0151:\" \/>\n\t<meta name=\"twitter:data1\" content=\"T\u0171zfalcsoport\" \/>\n\t<meta name=\"twitter:label2\" content=\"Becs\u00fclt olvas\u00e1si id\u0151\" \/>\n\t<meta name=\"twitter:data2\" content=\"8 perc\" \/>\n<script type=\"application\/ld+json\" class=\"yoast-schema-graph\">{\"@context\":\"https:\/\/schema.org\",\"@graph\":[{\"@type\":\"WebPage\",\"@id\":\"http:\/\/tuzfalcsoport.blog\/?p=1768\",\"url\":\"http:\/\/tuzfalcsoport.blog\/?p=1768\",\"name\":\"\ud83d\udcccHi\u00e1ba a k\u00f6zponti terel\u00e9s, a Tisza szigetek sz\u00e9tes\u0151ben -\",\"isPartOf\":{\"@id\":\"http:\/\/tuzfalcsoport.blog\/#website\"},\"datePublished\":\"2026-09-01T07:14:34+00:00\",\"dateModified\":\"2026-09-01T07:18:55+00:00\",\"breadcrumb\":{\"@id\":\"http:\/\/tuzfalcsoport.blog\/?p=1768#breadcrumb\"},\"inLanguage\":\"hu\"},{\"@type\":\"WebSite\",\"@id\":\"http:\/\/tuzfalcsoport.blog\/#website\",\"url\":\"http:\/\/tuzfalcsoport.blog\/\",\"name\":\"\",\"description\":\"Oknyomoz\u00f3 blog 2015 \u00f3ta\",\"potentialAction\":[{\"@type\":\"SearchAction\",\"target\":{\"@type\":\"EntryPoint\",\"urlTemplate\":\"http:\/\/tuzfalcsoport.blog\/?s={search_term_string}\"},\"query-input\":{\"@type\":\"PropertyValueSpecification\",\"valueRequired\":true,\"valueName\":\"search_term_string\"}}],\"inLanguage\":\"hu\"}]}<\/script>\n<!-- \/ Yoast SEO plugin. -->","yoast_head_json":{"title":"\ud83d\udcccHi\u00e1ba a k\u00f6zponti terel\u00e9s, a Tisza szigetek sz\u00e9tes\u0151ben -","robots":{"index":"index","follow":"follow","max-snippet":"max-snippet:-1","max-image-preview":"max-image-preview:large","max-video-preview":"max-video-preview:-1"},"canonical":"http:\/\/tuzfalcsoport.blog\/?p=1768","og_locale":"hu_HU","og_type":"article","og_title":"\ud83d\udcccHi\u00e1ba a k\u00f6zponti terel\u00e9s, a Tisza szigetek sz\u00e9tes\u0151ben -","og_description":"Nincs kivonat, mert ez egy v\u00e9dett tartalm\u00fa bejegyz\u00e9s.","og_url":"http:\/\/tuzfalcsoport.blog\/?p=1768","article_published_time":"2026-09-01T07:14:34+00:00","article_modified_time":"2026-09-01T07:18:55+00:00","author":"T\u0171zfalcsoport","twitter_card":"summary_large_image","twitter_misc":{"Szerz\u0151:":"T\u0171zfalcsoport","Becs\u00fclt olvas\u00e1si id\u0151":"8 perc"},"schema":{"@context":"https:\/\/schema.org","@graph":[{"@type":"WebPage","@id":"http:\/\/tuzfalcsoport.blog\/?p=1768","url":"http:\/\/tuzfalcsoport.blog\/?p=1768","name":"\ud83d\udcccHi\u00e1ba a k\u00f6zponti terel\u00e9s, a Tisza szigetek sz\u00e9tes\u0151ben -","isPartOf":{"@id":"http:\/\/tuzfalcsoport.blog\/#website"},"datePublished":"2026-09-01T07:14:34+00:00","dateModified":"2026-09-01T07:18:55+00:00","breadcrumb":{"@id":"http:\/\/tuzfalcsoport.blog\/?p=1768#breadcrumb"},"inLanguage":"hu"},{"@type":"WebSite","@id":"http:\/\/tuzfalcsoport.blog\/#website","url":"http:\/\/tuzfalcsoport.blog\/","name":"","description":"Oknyomoz\u00f3 blog 2015 \u00f3ta","potentialAction":[{"@type":"SearchAction","target":{"@type":"EntryPoint","urlTemplate":"http:\/\/tuzfalcsoport.blog\/?s={search_term_string}"},"query-input":{"@type":"PropertyValueSpecification","valueRequired":true,"valueName":"search_term_string"}}],"inLanguage":"hu"}]}},"_links":{"self":[{"href":"http:\/\/tuzfalcsoport.blog\/index.php?rest_route=\/wp\/v2\/posts\/1768","targetHints":{"allow":["GET"]}}],"collection":[{"href":"http:\/\/tuzfalcsoport.blog\/index.php?rest_route=\/wp\/v2\/posts"}],"about":[{"href":"http:\/\/tuzfalcsoport.blog\/index.php?rest_route=\/wp\/v2\/types\/post"}],"author":[{"embeddable":true,"href":"http:\/\/tuzfalcsoport.blog\/index.php?rest_route=\/wp\/v2\/users\/1"}],"replies":[{"embeddable":true,"href":"http:\/\/tuzfalcsoport.blog\/index.php?rest_route=%2Fwp%2Fv2%2Fcomments&post=1768"}],"version-history":[{"count":2,"href":"http:\/\/tuzfalcsoport.blog\/index.php?rest_route=\/wp\/v2\/posts\/1768\/revisions"}],"predecessor-version":[{"id":1770,"href":"http:\/\/tuzfalcsoport.blog\/index.php?rest_route=\/wp\/v2\/posts\/1768\/revisions\/1770"}],"wp:featuredmedia":[{"embeddable":true,"href":"http:\/\/tuzfalcsoport.blog\/index.php?rest_route=\/wp\/v2\/media\/1771"}],"wp:attachment":[{"href":"http:\/\/tuzfalcsoport.blog\/index.php?rest_route=%2Fwp%2Fv2%2Fmedia&parent=1768"}],"wp:term":[{"taxonomy":"category","embeddable":true,"href":"http:\/\/tuzfalcsoport.blog\/index.php?rest_route=%2Fwp%2Fv2%2Fcategories&post=1768"},{"taxonomy":"post_tag","embeddable":true,"href":"http:\/\/tuzfalcsoport.blog\/index.php?rest_route=%2Fwp%2Fv2%2Ftags&post=1768"}],"curies":[{"name":"wp","href":"https:\/\/api.w.org\/{rel}","templated":true}]}}