{"id":1776,"date":"2026-09-04T09:24:18","date_gmt":"2026-09-04T08:24:18","guid":{"rendered":"http:\/\/tuzfalcsoport.blog\/?p=1776"},"modified":"2026-09-04T09:24:18","modified_gmt":"2026-09-04T08:24:18","slug":"%f0%9f%93%8ca-mukodo-magyarorszagon-az-azbeszt-negy-honapot-vart-a-kormanyra","status":"publish","type":"post","link":"http:\/\/tuzfalcsoport.blog\/?p=1776","title":{"rendered":"\ud83d\udcccA m\u0171k\u00f6d\u0151 Magyarorsz\u00e1gon az azbeszt n\u00e9gy h\u00f3napot v\u00e1rt a korm\u00e1nyra"},"content":{"rendered":"","protected":true},"excerpt":{"rendered":"","protected":true},"author":1,"featured_media":1777,"comment_status":"open","ping_status":"open","sticky":false,"template":"","format":"standard","meta":{"footnotes":""},"categories":[1],"tags":[],"class_list":["post-1776","post","type-post","status-publish","format-standard","post-password-required","hentry","category-uncategorized"],"yoast_head":"<!-- This site is optimized with the Yoast SEO plugin v26.7 - https:\/\/yoast.com\/wordpress\/plugins\/seo\/ -->\n<title>\ud83d\udcccA m\u0171k\u00f6d\u0151 Magyarorsz\u00e1gon az azbeszt n\u00e9gy h\u00f3napot v\u00e1rt a korm\u00e1nyra -<\/title>\n<meta name=\"robots\" content=\"index, follow, max-snippet:-1, max-image-preview:large, max-video-preview:-1\" \/>\n<link rel=\"canonical\" href=\"http:\/\/tuzfalcsoport.blog\/?p=1776\" \/>\n<meta property=\"og:locale\" content=\"hu_HU\" \/>\n<meta property=\"og:type\" content=\"article\" \/>\n<meta property=\"og:title\" content=\"\ud83d\udcccA m\u0171k\u00f6d\u0151 Magyarorsz\u00e1gon az azbeszt n\u00e9gy h\u00f3napot v\u00e1rt a korm\u00e1nyra -\" \/>\n<meta property=\"og:description\" content=\"Nincs kivonat, mert ez egy v\u00e9dett tartalm\u00fa bejegyz\u00e9s.\" \/>\n<meta property=\"og:url\" content=\"http:\/\/tuzfalcsoport.blog\/?p=1776\" \/>\n<meta property=\"article:published_time\" content=\"2026-09-04T08:24:18+00:00\" \/>\n<meta name=\"author\" content=\"T\u0171zfalcsoport\" \/>\n<meta name=\"twitter:card\" content=\"summary_large_image\" \/>\n<meta name=\"twitter:label1\" content=\"Szerz\u0151:\" \/>\n\t<meta name=\"twitter:data1\" content=\"T\u0171zfalcsoport\" \/>\n\t<meta name=\"twitter:label2\" content=\"Becs\u00fclt olvas\u00e1si id\u0151\" \/>\n\t<meta name=\"twitter:data2\" content=\"3 perc\" \/>\n<script type=\"application\/ld+json\" class=\"yoast-schema-graph\">{\"@context\":\"https:\/\/schema.org\",\"@graph\":[{\"@type\":\"WebPage\",\"@id\":\"http:\/\/tuzfalcsoport.blog\/?p=1776\",\"url\":\"http:\/\/tuzfalcsoport.blog\/?p=1776\",\"name\":\"\ud83d\udcccA m\u0171k\u00f6d\u0151 Magyarorsz\u00e1gon az azbeszt n\u00e9gy h\u00f3napot v\u00e1rt a korm\u00e1nyra -\",\"isPartOf\":{\"@id\":\"http:\/\/tuzfalcsoport.blog\/#website\"},\"datePublished\":\"2026-09-04T08:24:18+00:00\",\"breadcrumb\":{\"@id\":\"http:\/\/tuzfalcsoport.blog\/?p=1776#breadcrumb\"},\"inLanguage\":\"hu\"},{\"@type\":\"WebSite\",\"@id\":\"http:\/\/tuzfalcsoport.blog\/#website\",\"url\":\"http:\/\/tuzfalcsoport.blog\/\",\"name\":\"\",\"description\":\"Oknyomoz\u00f3 blog 2015 \u00f3ta\",\"potentialAction\":[{\"@type\":\"SearchAction\",\"target\":{\"@type\":\"EntryPoint\",\"urlTemplate\":\"http:\/\/tuzfalcsoport.blog\/?s={search_term_string}\"},\"query-input\":{\"@type\":\"PropertyValueSpecification\",\"valueRequired\":true,\"valueName\":\"search_term_string\"}}],\"inLanguage\":\"hu\"}]}<\/script>\n<!-- \/ Yoast SEO plugin. -->","yoast_head_json":{"title":"\ud83d\udcccA m\u0171k\u00f6d\u0151 Magyarorsz\u00e1gon az azbeszt n\u00e9gy h\u00f3napot v\u00e1rt a korm\u00e1nyra -","robots":{"index":"index","follow":"follow","max-snippet":"max-snippet:-1","max-image-preview":"max-image-preview:large","max-video-preview":"max-video-preview:-1"},"canonical":"http:\/\/tuzfalcsoport.blog\/?p=1776","og_locale":"hu_HU","og_type":"article","og_title":"\ud83d\udcccA m\u0171k\u00f6d\u0151 Magyarorsz\u00e1gon az azbeszt n\u00e9gy h\u00f3napot v\u00e1rt a korm\u00e1nyra -","og_description":"Nincs kivonat, mert ez egy v\u00e9dett tartalm\u00fa bejegyz\u00e9s.","og_url":"http:\/\/tuzfalcsoport.blog\/?p=1776","article_published_time":"2026-09-04T08:24:18+00:00","author":"T\u0171zfalcsoport","twitter_card":"summary_large_image","twitter_misc":{"Szerz\u0151:":"T\u0171zfalcsoport","Becs\u00fclt olvas\u00e1si id\u0151":"3 perc"},"schema":{"@context":"https:\/\/schema.org","@graph":[{"@type":"WebPage","@id":"http:\/\/tuzfalcsoport.blog\/?p=1776","url":"http:\/\/tuzfalcsoport.blog\/?p=1776","name":"\ud83d\udcccA m\u0171k\u00f6d\u0151 Magyarorsz\u00e1gon az azbeszt n\u00e9gy h\u00f3napot v\u00e1rt a korm\u00e1nyra -","isPartOf":{"@id":"http:\/\/tuzfalcsoport.blog\/#website"},"datePublished":"2026-09-04T08:24:18+00:00","breadcrumb":{"@id":"http:\/\/tuzfalcsoport.blog\/?p=1776#breadcrumb"},"inLanguage":"hu"},{"@type":"WebSite","@id":"http:\/\/tuzfalcsoport.blog\/#website","url":"http:\/\/tuzfalcsoport.blog\/","name":"","description":"Oknyomoz\u00f3 blog 2015 \u00f3ta","potentialAction":[{"@type":"SearchAction","target":{"@type":"EntryPoint","urlTemplate":"http:\/\/tuzfalcsoport.blog\/?s={search_term_string}"},"query-input":{"@type":"PropertyValueSpecification","valueRequired":true,"valueName":"search_term_string"}}],"inLanguage":"hu"}]}},"_links":{"self":[{"href":"http:\/\/tuzfalcsoport.blog\/index.php?rest_route=\/wp\/v2\/posts\/1776","targetHints":{"allow":["GET"]}}],"collection":[{"href":"http:\/\/tuzfalcsoport.blog\/index.php?rest_route=\/wp\/v2\/posts"}],"about":[{"href":"http:\/\/tuzfalcsoport.blog\/index.php?rest_route=\/wp\/v2\/types\/post"}],"author":[{"embeddable":true,"href":"http:\/\/tuzfalcsoport.blog\/index.php?rest_route=\/wp\/v2\/users\/1"}],"replies":[{"embeddable":true,"href":"http:\/\/tuzfalcsoport.blog\/index.php?rest_route=%2Fwp%2Fv2%2Fcomments&post=1776"}],"version-history":[{"count":1,"href":"http:\/\/tuzfalcsoport.blog\/index.php?rest_route=\/wp\/v2\/posts\/1776\/revisions"}],"predecessor-version":[{"id":1778,"href":"http:\/\/tuzfalcsoport.blog\/index.php?rest_route=\/wp\/v2\/posts\/1776\/revisions\/1778"}],"wp:featuredmedia":[{"embeddable":true,"href":"http:\/\/tuzfalcsoport.blog\/index.php?rest_route=\/wp\/v2\/media\/1777"}],"wp:attachment":[{"href":"http:\/\/tuzfalcsoport.blog\/index.php?rest_route=%2Fwp%2Fv2%2Fmedia&parent=1776"}],"wp:term":[{"taxonomy":"category","embeddable":true,"href":"http:\/\/tuzfalcsoport.blog\/index.php?rest_route=%2Fwp%2Fv2%2Fcategories&post=1776"},{"taxonomy":"post_tag","embeddable":true,"href":"http:\/\/tuzfalcsoport.blog\/index.php?rest_route=%2Fwp%2Fv2%2Ftags&post=1776"}],"curies":[{"name":"wp","href":"https:\/\/api.w.org\/{rel}","templated":true}]}}