{"id":305,"date":"2026-03-08T11:41:04","date_gmt":"2026-03-08T10:41:04","guid":{"rendered":"http:\/\/tuzfalcsoport.blog\/?p=305"},"modified":"2026-03-08T11:53:53","modified_gmt":"2026-03-08T10:53:53","slug":"%f0%9f%93%8ca-tisza-jol-atverte-az-rtl-t-az-utcakon-is-plakatolnak","status":"publish","type":"post","link":"http:\/\/tuzfalcsoport.blog\/?p=305","title":{"rendered":"\ud83d\udcccHazudik az RTL? A Tisza az utc\u00e1kon is plak\u00e1tol."},"content":{"rendered":"<p class=\"p3\"><span style=\"font-size: inherit;\">\u26a0\ufe0fEzzel p\u00e1rhuzamosan egy d\u00e9lpesti tisz\u00e1s aktivista a h\u00e1bor\u00fatagad\u00f3 akci\u00f3ja keret\u00e9ben folyamatosan takarja le k\u00f6zt\u00e9ri plak\u00e1tokon Zelenszkij\u00e9k arc\u00e1t<\/span><\/p>\n<p class=\"p3\"><span class=\"s2\">Plak\u00e1tol a Tisza P\u00e1rt, de nem az utc\u00e1kon &#8211; c\u00edmmel arr\u00f3l <a href=\"https:\/\/rtl.hu\/hirado\/2026\/03\/02\/tisza-part-plakat-kampany-oriasplakat-nelkul\">sz\u00e1molt be <\/a>a Magyar P\u00e9ter h\u00e1zi m\u00e9di\u00e1j\u00e1nak sz\u00e1m\u00edt\u00f3 RTL arr\u00f3l, hogy \u201cutcai plak\u00e1tok helyett saj\u00e1t h\u00e1zukra, erk\u00e9ly\u00fckre, ker\u00edt\u00e9s\u00fckre teszik ki a Tisza plak\u00e1tjait az ellenz\u00e9ki p\u00e1rt szimpatiz\u00e1nsai.\u201d Ezt sietve azzal is megt\u00e1mogatta a balos csatorna, hogy megk\u00e9rdezt\u00e9k egy \u201ckommunik\u00e1ci\u00f3s szakembert\u201d, aki szerint az \u00f3ri\u00e1si rekl\u00e1mzaj miatt egyre kisebb a plak\u00e1tok szerepe a v\u00e1laszt\u00e1si kamp\u00e1nyban.<\/span><\/p>\n<p class=\"p3\"><span class=\"s2\">Nos, minden jel szerint vagy megvezett\u00e9k \u0151ket Magyar P\u00e9ter\u00e9k, vagy sz\u00e1nd\u00e9kosan \u00e1ll\u00edtanak val\u00f3tlant. Olvas\u00f3ink t\u00f6bb fot\u00f3t is k\u00fcldtek arr\u00f3l, hogy \u00e1ll\u00edt\u00e1suk ellen\u00e9re igenis plak\u00e1tol a Tisza az utc\u00e1kon is.<\/span><\/p>\n<p class=\"p3\"><span class=\"s2\">R\u00e1ad\u00e1sul ezzel p\u00e1rhuzamosan a val\u00f3s\u00e1gtagad\u00e1sban lev\u0151 d\u00e9lpesti tisz\u00e1s aktivista <a href=\"http:\/\/tuzfalcsoport.blog\/?p=276\">egyre t\u00f6bb<\/a> k\u00f6zt\u00e9ri fel\u00fcleten takarja le, a h\u00e1bor\u00faellenes plak\u00e1tokat.<\/span><\/p>\n<figure id=\"attachment_306\" aria-describedby=\"caption-attachment-306\" style=\"width: 290px\" class=\"wp-caption alignnone\"><img loading=\"lazy\" decoding=\"async\" class=\"size-medium wp-image-306\" src=\"http:\/\/tuzfalcsoport.blog\/wp-content\/uploads\/2026\/03\/IMG_5526-300x180.jpeg\" alt=\"\" width=\"300\" height=\"180\" srcset=\"http:\/\/tuzfalcsoport.blog\/wp-content\/uploads\/2026\/03\/IMG_5526-300x180.jpeg 300w, http:\/\/tuzfalcsoport.blog\/wp-content\/uploads\/2026\/03\/IMG_5526-1024x615.jpeg 1024w, http:\/\/tuzfalcsoport.blog\/wp-content\/uploads\/2026\/03\/IMG_5526-768x461.jpeg 768w, http:\/\/tuzfalcsoport.blog\/wp-content\/uploads\/2026\/03\/IMG_5526.jpeg 1162w\" sizes=\"auto, (max-width: 300px) 100vw, 300px\" \/><figcaption id=\"caption-attachment-306\" class=\"wp-caption-text\">Screenshot<\/figcaption><\/figure>\n","protected":false},"excerpt":{"rendered":"<p>\u26a0\ufe0fEzzel p\u00e1rhuzamosan egy d\u00e9lpesti tisz\u00e1s aktivista a h\u00e1bor\u00fatagad\u00f3 akci\u00f3ja keret\u00e9ben folyamatosan takarja le k\u00f6zt\u00e9ri plak\u00e1tokon Zelenszkij\u00e9k arc\u00e1t Plak\u00e1tol a Tisza P\u00e1rt, de nem az utc\u00e1kon &#8211; c\u00edmmel arr\u00f3l sz\u00e1molt be a Magyar P\u00e9ter h\u00e1zi m\u00e9di\u00e1j\u00e1nak sz\u00e1m\u00edt\u00f3 RTL arr\u00f3l, hogy \u201cutcai plak\u00e1tok helyett saj\u00e1t h\u00e1zukra, erk\u00e9ly\u00fckre, ker\u00edt\u00e9s\u00fckre teszik ki a Tisza plak\u00e1tjait az ellenz\u00e9ki p\u00e1rt szimpatiz\u00e1nsai.\u201d &#8230; <a title=\"\ud83d\udcccHazudik az RTL? A Tisza az utc\u00e1kon is plak\u00e1tol.\" class=\"read-more\" href=\"http:\/\/tuzfalcsoport.blog\/?p=305\" aria-label=\"Read more about \ud83d\udcccHazudik az RTL? A Tisza az utc\u00e1kon is plak\u00e1tol.\">Olvass tov\u00e1bb<\/a><\/p>\n","protected":false},"author":1,"featured_media":0,"comment_status":"open","ping_status":"open","sticky":false,"template":"","format":"standard","meta":{"footnotes":""},"categories":[1],"tags":[],"class_list":["post-305","post","type-post","status-publish","format-standard","hentry","category-uncategorized"],"yoast_head":"<!-- This site is optimized with the Yoast SEO plugin v26.7 - https:\/\/yoast.com\/wordpress\/plugins\/seo\/ -->\n<title>\ud83d\udcccHazudik az RTL? A Tisza az utc\u00e1kon is plak\u00e1tol. - T\u0171zfalcsoport<\/title>\n<meta name=\"robots\" content=\"index, follow, max-snippet:-1, max-image-preview:large, max-video-preview:-1\" \/>\n<link rel=\"canonical\" href=\"http:\/\/tuzfalcsoport.blog\/?p=305\" \/>\n<meta property=\"og:locale\" content=\"hu_HU\" \/>\n<meta property=\"og:type\" content=\"article\" \/>\n<meta property=\"og:title\" content=\"\ud83d\udcccHazudik az RTL? A Tisza az utc\u00e1kon is plak\u00e1tol. - T\u0171zfalcsoport\" \/>\n<meta property=\"og:description\" content=\"\u26a0\ufe0fEzzel p\u00e1rhuzamosan egy d\u00e9lpesti tisz\u00e1s aktivista a h\u00e1bor\u00fatagad\u00f3 akci\u00f3ja keret\u00e9ben folyamatosan takarja le k\u00f6zt\u00e9ri plak\u00e1tokon Zelenszkij\u00e9k arc\u00e1t Plak\u00e1tol a Tisza P\u00e1rt, de nem az utc\u00e1kon &#8211; c\u00edmmel arr\u00f3l sz\u00e1molt be a Magyar P\u00e9ter h\u00e1zi m\u00e9di\u00e1j\u00e1nak sz\u00e1m\u00edt\u00f3 RTL arr\u00f3l, hogy \u201cutcai plak\u00e1tok helyett saj\u00e1t h\u00e1zukra, erk\u00e9ly\u00fckre, ker\u00edt\u00e9s\u00fckre teszik ki a Tisza plak\u00e1tjait az ellenz\u00e9ki p\u00e1rt szimpatiz\u00e1nsai.\u201d ... Olvass tov\u00e1bb\" \/>\n<meta property=\"og:url\" content=\"http:\/\/tuzfalcsoport.blog\/?p=305\" \/>\n<meta property=\"og:site_name\" content=\"T\u0171zfalcsoport\" \/>\n<meta property=\"article:published_time\" content=\"2026-03-08T10:41:04+00:00\" \/>\n<meta property=\"article:modified_time\" content=\"2026-03-08T10:53:53+00:00\" \/>\n<meta property=\"og:image\" content=\"http:\/\/tuzfalcsoport.blog\/wp-content\/uploads\/2026\/03\/IMG_5526-300x180.jpeg\" \/>\n<meta name=\"author\" content=\"T\u0171zfalcsoport\" \/>\n<meta name=\"twitter:card\" content=\"summary_large_image\" \/>\n<meta name=\"twitter:label1\" content=\"Szerz\u0151:\" \/>\n\t<meta name=\"twitter:data1\" content=\"T\u0171zfalcsoport\" \/>\n\t<meta name=\"twitter:label2\" content=\"Becs\u00fclt olvas\u00e1si id\u0151\" \/>\n\t<meta name=\"twitter:data2\" content=\"1 perc\" \/>\n<script type=\"application\/ld+json\" class=\"yoast-schema-graph\">{\"@context\":\"https:\/\/schema.org\",\"@graph\":[{\"@type\":\"Article\",\"@id\":\"http:\/\/tuzfalcsoport.blog\/?p=305#article\",\"isPartOf\":{\"@id\":\"http:\/\/tuzfalcsoport.blog\/?p=305\"},\"author\":{\"name\":\"T\u0171zfalcsoport\",\"@id\":\"http:\/\/tuzfalcsoport.blog\/#\/schema\/person\/0dbc8ce6fe1c972173556c4bea45d879\"},\"headline\":\"\ud83d\udcccHazudik az RTL? A Tisza az utc\u00e1kon is plak\u00e1tol.\",\"datePublished\":\"2026-03-08T10:41:04+00:00\",\"dateModified\":\"2026-03-08T10:53:53+00:00\",\"mainEntityOfPage\":{\"@id\":\"http:\/\/tuzfalcsoport.blog\/?p=305\"},\"wordCount\":229,\"commentCount\":0,\"publisher\":{\"@id\":\"http:\/\/tuzfalcsoport.blog\/#organization\"},\"image\":{\"@id\":\"http:\/\/tuzfalcsoport.blog\/?p=305#primaryimage\"},\"thumbnailUrl\":\"http:\/\/tuzfalcsoport.blog\/wp-content\/uploads\/2026\/03\/IMG_5526-300x180.jpeg\",\"articleSection\":[\"Uncategorized\"],\"inLanguage\":\"hu\",\"potentialAction\":[{\"@type\":\"CommentAction\",\"name\":\"Comment\",\"target\":[\"http:\/\/tuzfalcsoport.blog\/?p=305#respond\"]}]},{\"@type\":\"WebPage\",\"@id\":\"http:\/\/tuzfalcsoport.blog\/?p=305\",\"url\":\"http:\/\/tuzfalcsoport.blog\/?p=305\",\"name\":\"\ud83d\udcccHazudik az RTL? A Tisza az utc\u00e1kon is plak\u00e1tol. - T\u0171zfalcsoport\",\"isPartOf\":{\"@id\":\"http:\/\/tuzfalcsoport.blog\/#website\"},\"primaryImageOfPage\":{\"@id\":\"http:\/\/tuzfalcsoport.blog\/?p=305#primaryimage\"},\"image\":{\"@id\":\"http:\/\/tuzfalcsoport.blog\/?p=305#primaryimage\"},\"thumbnailUrl\":\"http:\/\/tuzfalcsoport.blog\/wp-content\/uploads\/2026\/03\/IMG_5526-300x180.jpeg\",\"datePublished\":\"2026-03-08T10:41:04+00:00\",\"dateModified\":\"2026-03-08T10:53:53+00:00\",\"breadcrumb\":{\"@id\":\"http:\/\/tuzfalcsoport.blog\/?p=305#breadcrumb\"},\"inLanguage\":\"hu\",\"potentialAction\":[{\"@type\":\"ReadAction\",\"target\":[\"http:\/\/tuzfalcsoport.blog\/?p=305\"]}]},{\"@type\":\"ImageObject\",\"inLanguage\":\"hu\",\"@id\":\"http:\/\/tuzfalcsoport.blog\/?p=305#primaryimage\",\"url\":\"http:\/\/tuzfalcsoport.blog\/wp-content\/uploads\/2026\/03\/IMG_5526.jpeg\",\"contentUrl\":\"http:\/\/tuzfalcsoport.blog\/wp-content\/uploads\/2026\/03\/IMG_5526.jpeg\",\"width\":1162,\"height\":698,\"caption\":\"Screenshot\"},{\"@type\":\"BreadcrumbList\",\"@id\":\"http:\/\/tuzfalcsoport.blog\/?p=305#breadcrumb\",\"itemListElement\":[{\"@type\":\"ListItem\",\"position\":1,\"name\":\"Home\",\"item\":\"http:\/\/tuzfalcsoport.blog\/\"},{\"@type\":\"ListItem\",\"position\":2,\"name\":\"\ud83d\udcccHazudik az RTL? A Tisza az utc\u00e1kon is plak\u00e1tol.\"}]},{\"@type\":\"WebSite\",\"@id\":\"http:\/\/tuzfalcsoport.blog\/#website\",\"url\":\"http:\/\/tuzfalcsoport.blog\/\",\"name\":\"T\u0171zfalcsoport\",\"description\":\"\",\"publisher\":{\"@id\":\"http:\/\/tuzfalcsoport.blog\/#organization\"},\"potentialAction\":[{\"@type\":\"SearchAction\",\"target\":{\"@type\":\"EntryPoint\",\"urlTemplate\":\"http:\/\/tuzfalcsoport.blog\/?s={search_term_string}\"},\"query-input\":{\"@type\":\"PropertyValueSpecification\",\"valueRequired\":true,\"valueName\":\"search_term_string\"}}],\"inLanguage\":\"hu\"},{\"@type\":\"Organization\",\"@id\":\"http:\/\/tuzfalcsoport.blog\/#organization\",\"name\":\"T\u0171zfalcsoport\",\"url\":\"http:\/\/tuzfalcsoport.blog\/\",\"logo\":{\"@type\":\"ImageObject\",\"inLanguage\":\"hu\",\"@id\":\"http:\/\/tuzfalcsoport.blog\/#\/schema\/logo\/image\/\",\"url\":\"http:\/\/tuzfalcsoport.blog\/wp-content\/uploads\/2026\/01\/TCS_borito3-scaled.jpg\",\"contentUrl\":\"http:\/\/tuzfalcsoport.blog\/wp-content\/uploads\/2026\/01\/TCS_borito3-scaled.jpg\",\"width\":2560,\"height\":640,\"caption\":\"T\u0171zfalcsoport\"},\"image\":{\"@id\":\"http:\/\/tuzfalcsoport.blog\/#\/schema\/logo\/image\/\"}},{\"@type\":\"Person\",\"@id\":\"http:\/\/tuzfalcsoport.blog\/#\/schema\/person\/0dbc8ce6fe1c972173556c4bea45d879\",\"name\":\"T\u0171zfalcsoport\",\"image\":{\"@type\":\"ImageObject\",\"inLanguage\":\"hu\",\"@id\":\"http:\/\/tuzfalcsoport.blog\/#\/schema\/person\/image\/\",\"url\":\"https:\/\/secure.gravatar.com\/avatar\/6a89eb668c2a2380540f358d8a1dd366bd36bf902c70e9d4bbb8f5b85d9e363b?s=96&d=mm&r=g\",\"contentUrl\":\"https:\/\/secure.gravatar.com\/avatar\/6a89eb668c2a2380540f358d8a1dd366bd36bf902c70e9d4bbb8f5b85d9e363b?s=96&d=mm&r=g\",\"caption\":\"T\u0171zfalcsoport\"},\"sameAs\":[\"http:\/\/tuzfalcsoport.blog\"],\"url\":\"http:\/\/tuzfalcsoport.blog\/?author=1\"}]}<\/script>\n<!-- \/ Yoast SEO plugin. -->","yoast_head_json":{"title":"\ud83d\udcccHazudik az RTL? A Tisza az utc\u00e1kon is plak\u00e1tol. - T\u0171zfalcsoport","robots":{"index":"index","follow":"follow","max-snippet":"max-snippet:-1","max-image-preview":"max-image-preview:large","max-video-preview":"max-video-preview:-1"},"canonical":"http:\/\/tuzfalcsoport.blog\/?p=305","og_locale":"hu_HU","og_type":"article","og_title":"\ud83d\udcccHazudik az RTL? A Tisza az utc\u00e1kon is plak\u00e1tol. - T\u0171zfalcsoport","og_description":"\u26a0\ufe0fEzzel p\u00e1rhuzamosan egy d\u00e9lpesti tisz\u00e1s aktivista a h\u00e1bor\u00fatagad\u00f3 akci\u00f3ja keret\u00e9ben folyamatosan takarja le k\u00f6zt\u00e9ri plak\u00e1tokon Zelenszkij\u00e9k arc\u00e1t Plak\u00e1tol a Tisza P\u00e1rt, de nem az utc\u00e1kon &#8211; c\u00edmmel arr\u00f3l sz\u00e1molt be a Magyar P\u00e9ter h\u00e1zi m\u00e9di\u00e1j\u00e1nak sz\u00e1m\u00edt\u00f3 RTL arr\u00f3l, hogy \u201cutcai plak\u00e1tok helyett saj\u00e1t h\u00e1zukra, erk\u00e9ly\u00fckre, ker\u00edt\u00e9s\u00fckre teszik ki a Tisza plak\u00e1tjait az ellenz\u00e9ki p\u00e1rt szimpatiz\u00e1nsai.\u201d ... Olvass tov\u00e1bb","og_url":"http:\/\/tuzfalcsoport.blog\/?p=305","og_site_name":"T\u0171zfalcsoport","article_published_time":"2026-03-08T10:41:04+00:00","article_modified_time":"2026-03-08T10:53:53+00:00","og_image":[{"url":"http:\/\/tuzfalcsoport.blog\/wp-content\/uploads\/2026\/03\/IMG_5526-300x180.jpeg","type":"","width":"","height":""}],"author":"T\u0171zfalcsoport","twitter_card":"summary_large_image","twitter_misc":{"Szerz\u0151:":"T\u0171zfalcsoport","Becs\u00fclt olvas\u00e1si id\u0151":"1 perc"},"schema":{"@context":"https:\/\/schema.org","@graph":[{"@type":"Article","@id":"http:\/\/tuzfalcsoport.blog\/?p=305#article","isPartOf":{"@id":"http:\/\/tuzfalcsoport.blog\/?p=305"},"author":{"name":"T\u0171zfalcsoport","@id":"http:\/\/tuzfalcsoport.blog\/#\/schema\/person\/0dbc8ce6fe1c972173556c4bea45d879"},"headline":"\ud83d\udcccHazudik az RTL? A Tisza az utc\u00e1kon is plak\u00e1tol.","datePublished":"2026-03-08T10:41:04+00:00","dateModified":"2026-03-08T10:53:53+00:00","mainEntityOfPage":{"@id":"http:\/\/tuzfalcsoport.blog\/?p=305"},"wordCount":229,"commentCount":0,"publisher":{"@id":"http:\/\/tuzfalcsoport.blog\/#organization"},"image":{"@id":"http:\/\/tuzfalcsoport.blog\/?p=305#primaryimage"},"thumbnailUrl":"http:\/\/tuzfalcsoport.blog\/wp-content\/uploads\/2026\/03\/IMG_5526-300x180.jpeg","articleSection":["Uncategorized"],"inLanguage":"hu","potentialAction":[{"@type":"CommentAction","name":"Comment","target":["http:\/\/tuzfalcsoport.blog\/?p=305#respond"]}]},{"@type":"WebPage","@id":"http:\/\/tuzfalcsoport.blog\/?p=305","url":"http:\/\/tuzfalcsoport.blog\/?p=305","name":"\ud83d\udcccHazudik az RTL? A Tisza az utc\u00e1kon is plak\u00e1tol. - T\u0171zfalcsoport","isPartOf":{"@id":"http:\/\/tuzfalcsoport.blog\/#website"},"primaryImageOfPage":{"@id":"http:\/\/tuzfalcsoport.blog\/?p=305#primaryimage"},"image":{"@id":"http:\/\/tuzfalcsoport.blog\/?p=305#primaryimage"},"thumbnailUrl":"http:\/\/tuzfalcsoport.blog\/wp-content\/uploads\/2026\/03\/IMG_5526-300x180.jpeg","datePublished":"2026-03-08T10:41:04+00:00","dateModified":"2026-03-08T10:53:53+00:00","breadcrumb":{"@id":"http:\/\/tuzfalcsoport.blog\/?p=305#breadcrumb"},"inLanguage":"hu","potentialAction":[{"@type":"ReadAction","target":["http:\/\/tuzfalcsoport.blog\/?p=305"]}]},{"@type":"ImageObject","inLanguage":"hu","@id":"http:\/\/tuzfalcsoport.blog\/?p=305#primaryimage","url":"http:\/\/tuzfalcsoport.blog\/wp-content\/uploads\/2026\/03\/IMG_5526.jpeg","contentUrl":"http:\/\/tuzfalcsoport.blog\/wp-content\/uploads\/2026\/03\/IMG_5526.jpeg","width":1162,"height":698,"caption":"Screenshot"},{"@type":"BreadcrumbList","@id":"http:\/\/tuzfalcsoport.blog\/?p=305#breadcrumb","itemListElement":[{"@type":"ListItem","position":1,"name":"Home","item":"http:\/\/tuzfalcsoport.blog\/"},{"@type":"ListItem","position":2,"name":"\ud83d\udcccHazudik az RTL? A Tisza az utc\u00e1kon is plak\u00e1tol."}]},{"@type":"WebSite","@id":"http:\/\/tuzfalcsoport.blog\/#website","url":"http:\/\/tuzfalcsoport.blog\/","name":"T\u0171zfalcsoport","description":"","publisher":{"@id":"http:\/\/tuzfalcsoport.blog\/#organization"},"potentialAction":[{"@type":"SearchAction","target":{"@type":"EntryPoint","urlTemplate":"http:\/\/tuzfalcsoport.blog\/?s={search_term_string}"},"query-input":{"@type":"PropertyValueSpecification","valueRequired":true,"valueName":"search_term_string"}}],"inLanguage":"hu"},{"@type":"Organization","@id":"http:\/\/tuzfalcsoport.blog\/#organization","name":"T\u0171zfalcsoport","url":"http:\/\/tuzfalcsoport.blog\/","logo":{"@type":"ImageObject","inLanguage":"hu","@id":"http:\/\/tuzfalcsoport.blog\/#\/schema\/logo\/image\/","url":"http:\/\/tuzfalcsoport.blog\/wp-content\/uploads\/2026\/01\/TCS_borito3-scaled.jpg","contentUrl":"http:\/\/tuzfalcsoport.blog\/wp-content\/uploads\/2026\/01\/TCS_borito3-scaled.jpg","width":2560,"height":640,"caption":"T\u0171zfalcsoport"},"image":{"@id":"http:\/\/tuzfalcsoport.blog\/#\/schema\/logo\/image\/"}},{"@type":"Person","@id":"http:\/\/tuzfalcsoport.blog\/#\/schema\/person\/0dbc8ce6fe1c972173556c4bea45d879","name":"T\u0171zfalcsoport","image":{"@type":"ImageObject","inLanguage":"hu","@id":"http:\/\/tuzfalcsoport.blog\/#\/schema\/person\/image\/","url":"https:\/\/secure.gravatar.com\/avatar\/6a89eb668c2a2380540f358d8a1dd366bd36bf902c70e9d4bbb8f5b85d9e363b?s=96&d=mm&r=g","contentUrl":"https:\/\/secure.gravatar.com\/avatar\/6a89eb668c2a2380540f358d8a1dd366bd36bf902c70e9d4bbb8f5b85d9e363b?s=96&d=mm&r=g","caption":"T\u0171zfalcsoport"},"sameAs":["http:\/\/tuzfalcsoport.blog"],"url":"http:\/\/tuzfalcsoport.blog\/?author=1"}]}},"_links":{"self":[{"href":"http:\/\/tuzfalcsoport.blog\/index.php?rest_route=\/wp\/v2\/posts\/305","targetHints":{"allow":["GET"]}}],"collection":[{"href":"http:\/\/tuzfalcsoport.blog\/index.php?rest_route=\/wp\/v2\/posts"}],"about":[{"href":"http:\/\/tuzfalcsoport.blog\/index.php?rest_route=\/wp\/v2\/types\/post"}],"author":[{"embeddable":true,"href":"http:\/\/tuzfalcsoport.blog\/index.php?rest_route=\/wp\/v2\/users\/1"}],"replies":[{"embeddable":true,"href":"http:\/\/tuzfalcsoport.blog\/index.php?rest_route=%2Fwp%2Fv2%2Fcomments&post=305"}],"version-history":[{"count":3,"href":"http:\/\/tuzfalcsoport.blog\/index.php?rest_route=\/wp\/v2\/posts\/305\/revisions"}],"predecessor-version":[{"id":310,"href":"http:\/\/tuzfalcsoport.blog\/index.php?rest_route=\/wp\/v2\/posts\/305\/revisions\/310"}],"wp:attachment":[{"href":"http:\/\/tuzfalcsoport.blog\/index.php?rest_route=%2Fwp%2Fv2%2Fmedia&parent=305"}],"wp:term":[{"taxonomy":"category","embeddable":true,"href":"http:\/\/tuzfalcsoport.blog\/index.php?rest_route=%2Fwp%2Fv2%2Fcategories&post=305"},{"taxonomy":"post_tag","embeddable":true,"href":"http:\/\/tuzfalcsoport.blog\/index.php?rest_route=%2Fwp%2Fv2%2Ftags&post=305"}],"curies":[{"name":"wp","href":"https:\/\/api.w.org\/{rel}","templated":true}]}}