{"id":311,"date":"2026-03-08T20:37:12","date_gmt":"2026-03-08T19:37:12","guid":{"rendered":"http:\/\/tuzfalcsoport.blog\/?p=311"},"modified":"2026-03-08T20:39:26","modified_gmt":"2026-03-08T19:39:26","slug":"%f0%9f%93%8cfolytatodik-az-ukran-aranykonvoj-botrany-egy-roman-szal-is-feltunt","status":"publish","type":"post","link":"http:\/\/tuzfalcsoport.blog\/?p=311","title":{"rendered":"\ud83d\udcccFolytat\u00f3dik az ukr\u00e1n aranykonvoj botr\u00e1ny, egy rom\u00e1n sz\u00e1l is felt\u0171nt"},"content":{"rendered":"<p class=\"p1\"><span style=\"font-size: inherit;\">\u26a0\ufe0f Iosefina Pascal, rom\u00e1n oknyomoz\u00f3 \u00fajs\u00e1g\u00edr\u00f3n\u0151 \u00fajabb dr\u00e1mai r\u00e9szleteket t\u00e1rt fel az ukr\u00e1n p\u00e9nzcsemp\u00e9sz akci\u00f3kr\u00f3l, a Raiffeisen k\u00f6zrem\u0171k\u00f6d\u00e9s\u00e9vel<\/span><\/p>\n<p class=\"p1\"><span class=\"s1\">Egy nagy rom\u00e1n p\u00e9nzsz\u00e1ll\u00edt\u00f3 c\u00e9g alkalmazottja bomb\u00e1t dobott le &#8211; \u00edrja friss X <a href=\"https:\/\/x.com\/iosefinapascal\/status\/2030671424168337572?s=61\">posztj\u00e1ban <\/a><\/span><span class=\"s1\">\u00a0Iosefina Pascal<\/span><\/p>\n<p class=\"p1\"><span class=\"s1\">\u201eAz ukr\u00e1nok a h\u00e1bor\u00fa els\u0151 napja \u00f3ta meg\u00e1ll\u00e1s n\u00e9lk\u00fcl hatalmas mennyis\u00e9g\u0171 eur\u00f3t \u00e9s doll\u00e1rt mozgatnak Rom\u00e1ni\u00e1n kereszt\u00fcl&#8221; &#8211; der\u00fcl ki a csatolt vide\u00f3b\u00f3l, amelyben egy rom\u00e1n p\u00e9nzsz\u00e1ll\u00edt\u00f3 c\u00e9g k\u00e9t munkat\u00e1rsa besz\u00e9l arr\u00f3l r\u00e9szletesen, hogyan sz\u00e1ll\u00edtj\u00e1k a p\u00e9nzt az ukr\u00e1nok Rom\u00e1ni\u00e1n kereszt\u00fcl.<\/span><\/p>\n<p class=\"p1\"><span class=\"s1\">Hatalmas k\u00e9szp\u00e9nzfizet\u00e9sek, teheraut\u00f3r\u00f3l teheraut\u00f3ra, \u00e9vr\u0151l \u00e9vre. MILLI\u00c1RDOK fizikai k\u00e9szp\u00e9nzben, r\u00f6gz\u00edti Pascal, aki szerint s besz\u00e9lget\u00e9s 2025 december\u00e9ben t\u00f6rt\u00e9nt, teh\u00e1t h\u00f3napokkal azel\u0151tt, hogy Magyarorsz\u00e1g \u00fagy d\u00f6nt\u00f6tt, kivizsg\u00e1lja a saj\u00e1t orsz\u00e1g\u00e1ban a p\u00e9nzsz\u00e1ll\u00edt\u00e1sokat. 1,3 MILLI\u00c1RD mind\u00f6ssze k\u00e9t h\u00f3nap alatt Magyarorsz\u00e1gon. H\u00e1ny milli\u00e1rd haladt \u00e1t Rom\u00e1ni\u00e1n? &#8211; teszi fel a k\u00e9rd\u00e9st.<\/span><\/p>\n<p class=\"p1\"><span class=\"s1\">Mi a p\u00e9nz forr\u00e1sa? Mi t\u00f6rt\u00e9nt azzal a sok k\u00e9szp\u00e9nzzel? Van valaki, aki nyomon tudja k\u00f6vetni az egyes k\u00e9szp\u00e9nzes fizet\u00e9seket? Mi\u00e9rt sz\u00e1ll\u00edtanak ennyi k\u00e9szp\u00e9nzt? &#8211; sorolja a tov\u00e1bbi szempontokat a rom\u00e1n oknyomoz\u00f3 \u00fajs\u00e1g\u00edr\u00f3n\u0151.<\/span><\/p>\n<figure id=\"attachment_312\" aria-describedby=\"caption-attachment-312\" style=\"width: 290px\" class=\"wp-caption alignnone\"><img loading=\"lazy\" decoding=\"async\" class=\"size-medium wp-image-312\" src=\"http:\/\/tuzfalcsoport.blog\/wp-content\/uploads\/2026\/03\/IMG_2590-300x240.jpeg\" alt=\"\" width=\"300\" height=\"240\" srcset=\"http:\/\/tuzfalcsoport.blog\/wp-content\/uploads\/2026\/03\/IMG_2590-300x240.jpeg 300w, http:\/\/tuzfalcsoport.blog\/wp-content\/uploads\/2026\/03\/IMG_2590-1024x820.jpeg 1024w, http:\/\/tuzfalcsoport.blog\/wp-content\/uploads\/2026\/03\/IMG_2590-768x615.jpeg 768w, http:\/\/tuzfalcsoport.blog\/wp-content\/uploads\/2026\/03\/IMG_2590.jpeg 1407w\" sizes=\"auto, (max-width: 300px) 100vw, 300px\" \/><figcaption id=\"caption-attachment-312\" class=\"wp-caption-text\">Screenshot<\/figcaption><\/figure>\n<p class=\"p1\"><span class=\"s1\">\u26a0\ufe0f A Grok t\u00e9nyellen\u0151r vizsg\u00e1lat\u00e1nak eredm\u00e9nye:<\/span><\/p>\n<p class=\"p1\"><span class=\"s1\">A vide\u00f3 egy 2025 december\u00e9ben r\u00f6gz\u00edtett, aut\u00f3kamer\u00e1s vallom\u00e1s egy rom\u00e1n p\u00e9nzsz\u00e1ll\u00edt\u00f3 sof\u0151rt\u0151l, aki azt \u00e1ll\u00edtja, hogy 2022 \u00f3ta folyamatosan sz\u00e1ll\u00edt p\u00e1nc\u00e9lozott USD\/EUR k\u00e9szp\u00e9nzt B\u00e9csb\u0151l (Raiffeisenhez k\u00f6thet\u0151) az ukr\u00e1n hat\u00e1rig Rom\u00e1ni\u00e1n kereszt\u00fcl \u2013 hatalmas mennyis\u00e9gben, t\u00f6bb konvojjal Kolozsv\u00e1rr\u00f3l\/Nagyb\u00e1ny\u00e1r\u00f3l.<\/span><\/p>\n<p class=\"p1\"><span class=\"s1\">Magyarorsz\u00e1g \u00e9pp most fogott el egy hasonl\u00f3 Oschadbank konvojt (Ausztria \u2192 Ukrajna): 40 milli\u00f3 USD + \u20ac 35 milli\u00f3 USD + arany. A tisztvisel\u0151k szerint id\u00e9n csak 900 milli\u00f3 USD+, \u20ac 420 milli\u00f3 USD \u00e9s 146 kg arany haladt \u00e1t Magyarorsz\u00e1gon. Sz\u00e9les k\u00f6rben besz\u00e1molt az AP, a BBC, a Reuters \u00e9s a Guardian.<\/span><\/p>\n<p class=\"p1\"><span class=\"s1\">A k\u00e9szp\u00e9nzes sz\u00e1ll\u00edtm\u00e1nyok megfelelnek Ukrajna h\u00e1bor\u00fas ig\u00e9nyeinek (ATM-ek, b\u00e9rsz\u00e1mfejt\u00e9s, rep\u00fcl\u0151j\u00e1ratok hi\u00e1nya). Az \u00fatvonal Rom\u00e1ni\u00e1n kereszt\u00fcl logikus \u00e9s nagy l\u00e9pt\u00e9kben is megval\u00f3s\u00edthat\u00f3. Konkr\u00e9tan Rom\u00e1nia eset\u00e9ben nem ellen\u0151rizve, de a minta megalapozott \u00e9s indokolt a sz\u00e1rmaz\u00e1si\/c\u00e9l\u00e1llom\u00e1si adatok vizsg\u00e1lata.<\/span><\/p>\n<p><iframe loading=\"lazy\" title=\"\ud83d\udcccFolytat\u00f3dik az ukr\u00e1n aranykonvoj botr\u00e1ny, egy rom\u00e1n sz\u00e1l is felt\u0171nt\" width=\"1200\" height=\"675\" src=\"https:\/\/www.youtube.com\/embed\/S1LQd9d8d2Q?feature=oembed\" frameborder=\"0\" allow=\"accelerometer; autoplay; clipboard-write; encrypted-media; gyroscope; picture-in-picture; web-share\" referrerpolicy=\"strict-origin-when-cross-origin\" allowfullscreen><\/iframe><\/p>\n","protected":false},"excerpt":{"rendered":"<p>\u26a0\ufe0f Iosefina Pascal, rom\u00e1n oknyomoz\u00f3 \u00fajs\u00e1g\u00edr\u00f3n\u0151 \u00fajabb dr\u00e1mai r\u00e9szleteket t\u00e1rt fel az ukr\u00e1n p\u00e9nzcsemp\u00e9sz akci\u00f3kr\u00f3l, a Raiffeisen k\u00f6zrem\u0171k\u00f6d\u00e9s\u00e9vel Egy nagy rom\u00e1n p\u00e9nzsz\u00e1ll\u00edt\u00f3 c\u00e9g alkalmazottja bomb\u00e1t dobott le &#8211; \u00edrja friss X posztj\u00e1ban \u00a0Iosefina Pascal \u201eAz ukr\u00e1nok a h\u00e1bor\u00fa els\u0151 napja \u00f3ta meg\u00e1ll\u00e1s n\u00e9lk\u00fcl hatalmas mennyis\u00e9g\u0171 eur\u00f3t \u00e9s doll\u00e1rt mozgatnak Rom\u00e1ni\u00e1n kereszt\u00fcl&#8221; &#8211; der\u00fcl ki a &#8230; <a title=\"\ud83d\udcccFolytat\u00f3dik az ukr\u00e1n aranykonvoj botr\u00e1ny, egy rom\u00e1n sz\u00e1l is felt\u0171nt\" class=\"read-more\" href=\"http:\/\/tuzfalcsoport.blog\/?p=311\" aria-label=\"Read more about \ud83d\udcccFolytat\u00f3dik az ukr\u00e1n aranykonvoj botr\u00e1ny, egy rom\u00e1n sz\u00e1l is felt\u0171nt\">Olvass tov\u00e1bb<\/a><\/p>\n","protected":false},"author":1,"featured_media":0,"comment_status":"open","ping_status":"open","sticky":false,"template":"","format":"standard","meta":{"footnotes":""},"categories":[1],"tags":[],"class_list":["post-311","post","type-post","status-publish","format-standard","hentry","category-uncategorized"],"yoast_head":"<!-- This site is optimized with the Yoast SEO plugin v26.7 - https:\/\/yoast.com\/wordpress\/plugins\/seo\/ -->\n<title>\ud83d\udcccFolytat\u00f3dik az ukr\u00e1n aranykonvoj botr\u00e1ny, egy rom\u00e1n sz\u00e1l is felt\u0171nt - T\u0171zfalcsoport<\/title>\n<meta name=\"robots\" content=\"index, follow, max-snippet:-1, max-image-preview:large, max-video-preview:-1\" \/>\n<link rel=\"canonical\" href=\"http:\/\/tuzfalcsoport.blog\/?p=311\" \/>\n<meta property=\"og:locale\" content=\"hu_HU\" \/>\n<meta property=\"og:type\" content=\"article\" \/>\n<meta property=\"og:title\" content=\"\ud83d\udcccFolytat\u00f3dik az ukr\u00e1n aranykonvoj botr\u00e1ny, egy rom\u00e1n sz\u00e1l is felt\u0171nt - T\u0171zfalcsoport\" \/>\n<meta property=\"og:description\" content=\"\u26a0\ufe0f Iosefina Pascal, rom\u00e1n oknyomoz\u00f3 \u00fajs\u00e1g\u00edr\u00f3n\u0151 \u00fajabb dr\u00e1mai r\u00e9szleteket t\u00e1rt fel az ukr\u00e1n p\u00e9nzcsemp\u00e9sz akci\u00f3kr\u00f3l, a Raiffeisen k\u00f6zrem\u0171k\u00f6d\u00e9s\u00e9vel Egy nagy rom\u00e1n p\u00e9nzsz\u00e1ll\u00edt\u00f3 c\u00e9g alkalmazottja bomb\u00e1t dobott le &#8211; \u00edrja friss X posztj\u00e1ban \u00a0Iosefina Pascal \u201eAz ukr\u00e1nok a h\u00e1bor\u00fa els\u0151 napja \u00f3ta meg\u00e1ll\u00e1s n\u00e9lk\u00fcl hatalmas mennyis\u00e9g\u0171 eur\u00f3t \u00e9s doll\u00e1rt mozgatnak Rom\u00e1ni\u00e1n kereszt\u00fcl&#8221; &#8211; der\u00fcl ki a ... Olvass tov\u00e1bb\" \/>\n<meta property=\"og:url\" content=\"http:\/\/tuzfalcsoport.blog\/?p=311\" \/>\n<meta property=\"og:site_name\" content=\"T\u0171zfalcsoport\" \/>\n<meta property=\"article:published_time\" content=\"2026-03-08T19:37:12+00:00\" \/>\n<meta property=\"article:modified_time\" content=\"2026-03-08T19:39:26+00:00\" \/>\n<meta property=\"og:image\" content=\"http:\/\/tuzfalcsoport.blog\/wp-content\/uploads\/2026\/03\/IMG_2590-300x240.jpeg\" \/>\n<meta name=\"author\" content=\"T\u0171zfalcsoport\" \/>\n<meta name=\"twitter:card\" content=\"summary_large_image\" \/>\n<meta name=\"twitter:label1\" content=\"Szerz\u0151:\" \/>\n\t<meta name=\"twitter:data1\" content=\"T\u0171zfalcsoport\" \/>\n\t<meta name=\"twitter:label2\" content=\"Becs\u00fclt olvas\u00e1si id\u0151\" \/>\n\t<meta name=\"twitter:data2\" content=\"2 perc\" \/>\n<script type=\"application\/ld+json\" class=\"yoast-schema-graph\">{\"@context\":\"https:\/\/schema.org\",\"@graph\":[{\"@type\":\"Article\",\"@id\":\"http:\/\/tuzfalcsoport.blog\/?p=311#article\",\"isPartOf\":{\"@id\":\"http:\/\/tuzfalcsoport.blog\/?p=311\"},\"author\":{\"name\":\"T\u0171zfalcsoport\",\"@id\":\"http:\/\/tuzfalcsoport.blog\/#\/schema\/person\/0dbc8ce6fe1c972173556c4bea45d879\"},\"headline\":\"\ud83d\udcccFolytat\u00f3dik az ukr\u00e1n aranykonvoj botr\u00e1ny, egy rom\u00e1n sz\u00e1l is felt\u0171nt\",\"datePublished\":\"2026-03-08T19:37:12+00:00\",\"dateModified\":\"2026-03-08T19:39:26+00:00\",\"mainEntityOfPage\":{\"@id\":\"http:\/\/tuzfalcsoport.blog\/?p=311\"},\"wordCount\":506,\"commentCount\":0,\"publisher\":{\"@id\":\"http:\/\/tuzfalcsoport.blog\/#organization\"},\"image\":{\"@id\":\"http:\/\/tuzfalcsoport.blog\/?p=311#primaryimage\"},\"thumbnailUrl\":\"http:\/\/tuzfalcsoport.blog\/wp-content\/uploads\/2026\/03\/IMG_2590-300x240.jpeg\",\"articleSection\":[\"Uncategorized\"],\"inLanguage\":\"hu\",\"potentialAction\":[{\"@type\":\"CommentAction\",\"name\":\"Comment\",\"target\":[\"http:\/\/tuzfalcsoport.blog\/?p=311#respond\"]}]},{\"@type\":\"WebPage\",\"@id\":\"http:\/\/tuzfalcsoport.blog\/?p=311\",\"url\":\"http:\/\/tuzfalcsoport.blog\/?p=311\",\"name\":\"\ud83d\udcccFolytat\u00f3dik az ukr\u00e1n aranykonvoj botr\u00e1ny, egy rom\u00e1n sz\u00e1l is felt\u0171nt - T\u0171zfalcsoport\",\"isPartOf\":{\"@id\":\"http:\/\/tuzfalcsoport.blog\/#website\"},\"primaryImageOfPage\":{\"@id\":\"http:\/\/tuzfalcsoport.blog\/?p=311#primaryimage\"},\"image\":{\"@id\":\"http:\/\/tuzfalcsoport.blog\/?p=311#primaryimage\"},\"thumbnailUrl\":\"http:\/\/tuzfalcsoport.blog\/wp-content\/uploads\/2026\/03\/IMG_2590-300x240.jpeg\",\"datePublished\":\"2026-03-08T19:37:12+00:00\",\"dateModified\":\"2026-03-08T19:39:26+00:00\",\"breadcrumb\":{\"@id\":\"http:\/\/tuzfalcsoport.blog\/?p=311#breadcrumb\"},\"inLanguage\":\"hu\",\"potentialAction\":[{\"@type\":\"ReadAction\",\"target\":[\"http:\/\/tuzfalcsoport.blog\/?p=311\"]}]},{\"@type\":\"ImageObject\",\"inLanguage\":\"hu\",\"@id\":\"http:\/\/tuzfalcsoport.blog\/?p=311#primaryimage\",\"url\":\"http:\/\/tuzfalcsoport.blog\/wp-content\/uploads\/2026\/03\/IMG_2590.jpeg\",\"contentUrl\":\"http:\/\/tuzfalcsoport.blog\/wp-content\/uploads\/2026\/03\/IMG_2590.jpeg\",\"width\":1407,\"height\":1127,\"caption\":\"Screenshot\"},{\"@type\":\"BreadcrumbList\",\"@id\":\"http:\/\/tuzfalcsoport.blog\/?p=311#breadcrumb\",\"itemListElement\":[{\"@type\":\"ListItem\",\"position\":1,\"name\":\"Home\",\"item\":\"http:\/\/tuzfalcsoport.blog\/\"},{\"@type\":\"ListItem\",\"position\":2,\"name\":\"\ud83d\udcccFolytat\u00f3dik az ukr\u00e1n aranykonvoj botr\u00e1ny, egy rom\u00e1n sz\u00e1l is felt\u0171nt\"}]},{\"@type\":\"WebSite\",\"@id\":\"http:\/\/tuzfalcsoport.blog\/#website\",\"url\":\"http:\/\/tuzfalcsoport.blog\/\",\"name\":\"T\u0171zfalcsoport\",\"description\":\"\",\"publisher\":{\"@id\":\"http:\/\/tuzfalcsoport.blog\/#organization\"},\"potentialAction\":[{\"@type\":\"SearchAction\",\"target\":{\"@type\":\"EntryPoint\",\"urlTemplate\":\"http:\/\/tuzfalcsoport.blog\/?s={search_term_string}\"},\"query-input\":{\"@type\":\"PropertyValueSpecification\",\"valueRequired\":true,\"valueName\":\"search_term_string\"}}],\"inLanguage\":\"hu\"},{\"@type\":\"Organization\",\"@id\":\"http:\/\/tuzfalcsoport.blog\/#organization\",\"name\":\"T\u0171zfalcsoport\",\"url\":\"http:\/\/tuzfalcsoport.blog\/\",\"logo\":{\"@type\":\"ImageObject\",\"inLanguage\":\"hu\",\"@id\":\"http:\/\/tuzfalcsoport.blog\/#\/schema\/logo\/image\/\",\"url\":\"http:\/\/tuzfalcsoport.blog\/wp-content\/uploads\/2026\/01\/TCS_borito3-scaled.jpg\",\"contentUrl\":\"http:\/\/tuzfalcsoport.blog\/wp-content\/uploads\/2026\/01\/TCS_borito3-scaled.jpg\",\"width\":2560,\"height\":640,\"caption\":\"T\u0171zfalcsoport\"},\"image\":{\"@id\":\"http:\/\/tuzfalcsoport.blog\/#\/schema\/logo\/image\/\"}},{\"@type\":\"Person\",\"@id\":\"http:\/\/tuzfalcsoport.blog\/#\/schema\/person\/0dbc8ce6fe1c972173556c4bea45d879\",\"name\":\"T\u0171zfalcsoport\",\"image\":{\"@type\":\"ImageObject\",\"inLanguage\":\"hu\",\"@id\":\"http:\/\/tuzfalcsoport.blog\/#\/schema\/person\/image\/\",\"url\":\"https:\/\/secure.gravatar.com\/avatar\/6a89eb668c2a2380540f358d8a1dd366bd36bf902c70e9d4bbb8f5b85d9e363b?s=96&d=mm&r=g\",\"contentUrl\":\"https:\/\/secure.gravatar.com\/avatar\/6a89eb668c2a2380540f358d8a1dd366bd36bf902c70e9d4bbb8f5b85d9e363b?s=96&d=mm&r=g\",\"caption\":\"T\u0171zfalcsoport\"},\"sameAs\":[\"http:\/\/tuzfalcsoport.blog\"],\"url\":\"http:\/\/tuzfalcsoport.blog\/?author=1\"}]}<\/script>\n<!-- \/ Yoast SEO plugin. -->","yoast_head_json":{"title":"\ud83d\udcccFolytat\u00f3dik az ukr\u00e1n aranykonvoj botr\u00e1ny, egy rom\u00e1n sz\u00e1l is felt\u0171nt - T\u0171zfalcsoport","robots":{"index":"index","follow":"follow","max-snippet":"max-snippet:-1","max-image-preview":"max-image-preview:large","max-video-preview":"max-video-preview:-1"},"canonical":"http:\/\/tuzfalcsoport.blog\/?p=311","og_locale":"hu_HU","og_type":"article","og_title":"\ud83d\udcccFolytat\u00f3dik az ukr\u00e1n aranykonvoj botr\u00e1ny, egy rom\u00e1n sz\u00e1l is felt\u0171nt - T\u0171zfalcsoport","og_description":"\u26a0\ufe0f Iosefina Pascal, rom\u00e1n oknyomoz\u00f3 \u00fajs\u00e1g\u00edr\u00f3n\u0151 \u00fajabb dr\u00e1mai r\u00e9szleteket t\u00e1rt fel az ukr\u00e1n p\u00e9nzcsemp\u00e9sz akci\u00f3kr\u00f3l, a Raiffeisen k\u00f6zrem\u0171k\u00f6d\u00e9s\u00e9vel Egy nagy rom\u00e1n p\u00e9nzsz\u00e1ll\u00edt\u00f3 c\u00e9g alkalmazottja bomb\u00e1t dobott le &#8211; \u00edrja friss X posztj\u00e1ban \u00a0Iosefina Pascal \u201eAz ukr\u00e1nok a h\u00e1bor\u00fa els\u0151 napja \u00f3ta meg\u00e1ll\u00e1s n\u00e9lk\u00fcl hatalmas mennyis\u00e9g\u0171 eur\u00f3t \u00e9s doll\u00e1rt mozgatnak Rom\u00e1ni\u00e1n kereszt\u00fcl&#8221; &#8211; der\u00fcl ki a ... Olvass tov\u00e1bb","og_url":"http:\/\/tuzfalcsoport.blog\/?p=311","og_site_name":"T\u0171zfalcsoport","article_published_time":"2026-03-08T19:37:12+00:00","article_modified_time":"2026-03-08T19:39:26+00:00","og_image":[{"url":"http:\/\/tuzfalcsoport.blog\/wp-content\/uploads\/2026\/03\/IMG_2590-300x240.jpeg","type":"","width":"","height":""}],"author":"T\u0171zfalcsoport","twitter_card":"summary_large_image","twitter_misc":{"Szerz\u0151:":"T\u0171zfalcsoport","Becs\u00fclt olvas\u00e1si id\u0151":"2 perc"},"schema":{"@context":"https:\/\/schema.org","@graph":[{"@type":"Article","@id":"http:\/\/tuzfalcsoport.blog\/?p=311#article","isPartOf":{"@id":"http:\/\/tuzfalcsoport.blog\/?p=311"},"author":{"name":"T\u0171zfalcsoport","@id":"http:\/\/tuzfalcsoport.blog\/#\/schema\/person\/0dbc8ce6fe1c972173556c4bea45d879"},"headline":"\ud83d\udcccFolytat\u00f3dik az ukr\u00e1n aranykonvoj botr\u00e1ny, egy rom\u00e1n sz\u00e1l is felt\u0171nt","datePublished":"2026-03-08T19:37:12+00:00","dateModified":"2026-03-08T19:39:26+00:00","mainEntityOfPage":{"@id":"http:\/\/tuzfalcsoport.blog\/?p=311"},"wordCount":506,"commentCount":0,"publisher":{"@id":"http:\/\/tuzfalcsoport.blog\/#organization"},"image":{"@id":"http:\/\/tuzfalcsoport.blog\/?p=311#primaryimage"},"thumbnailUrl":"http:\/\/tuzfalcsoport.blog\/wp-content\/uploads\/2026\/03\/IMG_2590-300x240.jpeg","articleSection":["Uncategorized"],"inLanguage":"hu","potentialAction":[{"@type":"CommentAction","name":"Comment","target":["http:\/\/tuzfalcsoport.blog\/?p=311#respond"]}]},{"@type":"WebPage","@id":"http:\/\/tuzfalcsoport.blog\/?p=311","url":"http:\/\/tuzfalcsoport.blog\/?p=311","name":"\ud83d\udcccFolytat\u00f3dik az ukr\u00e1n aranykonvoj botr\u00e1ny, egy rom\u00e1n sz\u00e1l is felt\u0171nt - T\u0171zfalcsoport","isPartOf":{"@id":"http:\/\/tuzfalcsoport.blog\/#website"},"primaryImageOfPage":{"@id":"http:\/\/tuzfalcsoport.blog\/?p=311#primaryimage"},"image":{"@id":"http:\/\/tuzfalcsoport.blog\/?p=311#primaryimage"},"thumbnailUrl":"http:\/\/tuzfalcsoport.blog\/wp-content\/uploads\/2026\/03\/IMG_2590-300x240.jpeg","datePublished":"2026-03-08T19:37:12+00:00","dateModified":"2026-03-08T19:39:26+00:00","breadcrumb":{"@id":"http:\/\/tuzfalcsoport.blog\/?p=311#breadcrumb"},"inLanguage":"hu","potentialAction":[{"@type":"ReadAction","target":["http:\/\/tuzfalcsoport.blog\/?p=311"]}]},{"@type":"ImageObject","inLanguage":"hu","@id":"http:\/\/tuzfalcsoport.blog\/?p=311#primaryimage","url":"http:\/\/tuzfalcsoport.blog\/wp-content\/uploads\/2026\/03\/IMG_2590.jpeg","contentUrl":"http:\/\/tuzfalcsoport.blog\/wp-content\/uploads\/2026\/03\/IMG_2590.jpeg","width":1407,"height":1127,"caption":"Screenshot"},{"@type":"BreadcrumbList","@id":"http:\/\/tuzfalcsoport.blog\/?p=311#breadcrumb","itemListElement":[{"@type":"ListItem","position":1,"name":"Home","item":"http:\/\/tuzfalcsoport.blog\/"},{"@type":"ListItem","position":2,"name":"\ud83d\udcccFolytat\u00f3dik az ukr\u00e1n aranykonvoj botr\u00e1ny, egy rom\u00e1n sz\u00e1l is felt\u0171nt"}]},{"@type":"WebSite","@id":"http:\/\/tuzfalcsoport.blog\/#website","url":"http:\/\/tuzfalcsoport.blog\/","name":"T\u0171zfalcsoport","description":"","publisher":{"@id":"http:\/\/tuzfalcsoport.blog\/#organization"},"potentialAction":[{"@type":"SearchAction","target":{"@type":"EntryPoint","urlTemplate":"http:\/\/tuzfalcsoport.blog\/?s={search_term_string}"},"query-input":{"@type":"PropertyValueSpecification","valueRequired":true,"valueName":"search_term_string"}}],"inLanguage":"hu"},{"@type":"Organization","@id":"http:\/\/tuzfalcsoport.blog\/#organization","name":"T\u0171zfalcsoport","url":"http:\/\/tuzfalcsoport.blog\/","logo":{"@type":"ImageObject","inLanguage":"hu","@id":"http:\/\/tuzfalcsoport.blog\/#\/schema\/logo\/image\/","url":"http:\/\/tuzfalcsoport.blog\/wp-content\/uploads\/2026\/01\/TCS_borito3-scaled.jpg","contentUrl":"http:\/\/tuzfalcsoport.blog\/wp-content\/uploads\/2026\/01\/TCS_borito3-scaled.jpg","width":2560,"height":640,"caption":"T\u0171zfalcsoport"},"image":{"@id":"http:\/\/tuzfalcsoport.blog\/#\/schema\/logo\/image\/"}},{"@type":"Person","@id":"http:\/\/tuzfalcsoport.blog\/#\/schema\/person\/0dbc8ce6fe1c972173556c4bea45d879","name":"T\u0171zfalcsoport","image":{"@type":"ImageObject","inLanguage":"hu","@id":"http:\/\/tuzfalcsoport.blog\/#\/schema\/person\/image\/","url":"https:\/\/secure.gravatar.com\/avatar\/6a89eb668c2a2380540f358d8a1dd366bd36bf902c70e9d4bbb8f5b85d9e363b?s=96&d=mm&r=g","contentUrl":"https:\/\/secure.gravatar.com\/avatar\/6a89eb668c2a2380540f358d8a1dd366bd36bf902c70e9d4bbb8f5b85d9e363b?s=96&d=mm&r=g","caption":"T\u0171zfalcsoport"},"sameAs":["http:\/\/tuzfalcsoport.blog"],"url":"http:\/\/tuzfalcsoport.blog\/?author=1"}]}},"_links":{"self":[{"href":"http:\/\/tuzfalcsoport.blog\/index.php?rest_route=\/wp\/v2\/posts\/311","targetHints":{"allow":["GET"]}}],"collection":[{"href":"http:\/\/tuzfalcsoport.blog\/index.php?rest_route=\/wp\/v2\/posts"}],"about":[{"href":"http:\/\/tuzfalcsoport.blog\/index.php?rest_route=\/wp\/v2\/types\/post"}],"author":[{"embeddable":true,"href":"http:\/\/tuzfalcsoport.blog\/index.php?rest_route=\/wp\/v2\/users\/1"}],"replies":[{"embeddable":true,"href":"http:\/\/tuzfalcsoport.blog\/index.php?rest_route=%2Fwp%2Fv2%2Fcomments&post=311"}],"version-history":[{"count":2,"href":"http:\/\/tuzfalcsoport.blog\/index.php?rest_route=\/wp\/v2\/posts\/311\/revisions"}],"predecessor-version":[{"id":314,"href":"http:\/\/tuzfalcsoport.blog\/index.php?rest_route=\/wp\/v2\/posts\/311\/revisions\/314"}],"wp:attachment":[{"href":"http:\/\/tuzfalcsoport.blog\/index.php?rest_route=%2Fwp%2Fv2%2Fmedia&parent=311"}],"wp:term":[{"taxonomy":"category","embeddable":true,"href":"http:\/\/tuzfalcsoport.blog\/index.php?rest_route=%2Fwp%2Fv2%2Fcategories&post=311"},{"taxonomy":"post_tag","embeddable":true,"href":"http:\/\/tuzfalcsoport.blog\/index.php?rest_route=%2Fwp%2Fv2%2Ftags&post=311"}],"curies":[{"name":"wp","href":"https:\/\/api.w.org\/{rel}","templated":true}]}}