{"id":333,"date":"2026-03-10T11:43:25","date_gmt":"2026-03-10T10:43:25","guid":{"rendered":"http:\/\/tuzfalcsoport.blog\/?p=333"},"modified":"2026-03-10T11:44:20","modified_gmt":"2026-03-10T10:44:20","slug":"%f0%9f%93%8cinformacioink-szerint-elmarasztalo-iteletet-hozhat-hazankkal-szemben-az-europai-birosag","status":"publish","type":"post","link":"http:\/\/tuzfalcsoport.blog\/?p=333","title":{"rendered":"\ud83d\udcccInform\u00e1ci\u00f3ink szerint elmarasztal\u00f3 \u00edt\u00e9letet hozhat haz\u00e1nkkal szemben az Eur\u00f3pai Bir\u00f3s\u00e1g"},"content":{"rendered":"<p class=\"p3\"><span style=\"font-size: inherit;\">\u26a0\ufe0fA szuverenit\u00e1sv\u00e9delmi t\u00f6rv\u00e9nnyel kapcsolatos EUB hat\u00e1rozat id\u0151z\u00edt\u00e9se a v\u00e1laszt\u00e1s eredm\u00e9ny\u00e9t k\u00edv\u00e1nhatja befoly\u00e1solni, r\u00e1ad\u00e1sul uni\u00f3s jogot is s\u00e9rthet.<\/span><\/p>\n<p class=\"p3\"><span class=\"s2\">Ahogy arr\u00f3l a Szuverenit\u00e1sv\u00e9delmi Hivatal <a href=\"https:\/\/szuverenitasvedelmihivatal.hu\/dokumentumok\/a-szuverenitasvedelmi-hivatal-allaspontja-a-nemzeti-szuverenitas-vedelmerol-szolo-torvennyel-kapcsolatos-fotanacsnoki-inditvanyrol.pdf\">tanulm\u00e1nya<\/a> r\u00e1mutatott, kor\u00e1bban a Transparency International Magyarorsz\u00e1g a szuverenit\u00e1sv\u00e9delmi t\u00f6rv\u00e9ny megsemmis\u00edt\u00e9se c\u00e9lj\u00e1b\u00f3l <\/span><span style=\"font-size: inherit;\">az Alkotm\u00e1nyb\u00edr\u00f3s\u00e1ghoz fordult.<\/span><\/p>\n<p class=\"p3\"><span class=\"s2\">A Transparency International Magyarorsz\u00e1g panasz\u00e1t az Alkotm\u00e1nyb\u00edr\u00f3s\u00e1g elutas\u00edtotta, az<\/span><\/p>\n<p class=\"p3\"><span class=\"s2\">Eur\u00f3pai Bizotts\u00e1g pedig az \u00e1ltala finansz\u00edrozott szervezetek v\u00e9delm\u00e9ben k\u00f6telezetts\u00e9gszeg\u00e9si elj\u00e1r\u00e1st ind\u00edtott Magyarorsz\u00e1g ellen, amelynek r\u00e9szek\u00e9nt keresetet ny\u00fajtott be haz\u00e1nkkal szemben az Eur\u00f3pai Uni\u00f3 B\u00edr\u00f3s\u00e1g\u00e1n\u00e1l.<\/span><\/p>\n<p class=\"p3\"><span class=\"s2\">A b\u00edr\u00f3s\u00e1gi elj\u00e1r\u00e1sban Juliane Kokott 2026. febru\u00e1r 12-\u00e9n ismertette f\u0151tan\u00e1csnoki ind\u00edtv\u00e1ny\u00e1t. Az uni\u00f3s nyom\u00e1sgyakorl\u00e1s logik\u00e1j\u00e1nak \u00e9s mechanizmusainak megfelel\u0151en<\/span><\/p>\n<p class=\"p3\"><span class=\"s2\">Magyarorsz\u00e1g elmarasztal\u00e1s\u00e1ra tett javaslatot, illetve a hazai v\u00e9grehajt\u00f3 szervezetek pedig \u2013 Magyar Helsinki Bizotts\u00e1g, Amnesty International <\/span><span class=\"s2\" style=\"font-size: inherit;\">Magyarorsz\u00e1g \u2013 a nyilv\u00e1noss\u00e1g el\u0151tt pr\u00f3b\u00e1lt\u00e1k legitim\u00e1lni annak hamis, jogi<\/span><span style=\"font-size: inherit;\">lag sok esetben t\u00e9ves \u00e1ll\u00edt\u00e1sait.<\/span><\/p>\n<p class=\"p3\"><span class=\"s2\">Juliane Kokott eg\u00e9szen pontosan azt javasolta, hogy a luxembourgi test\u00fclet \u00e1llap\u00edtsa meg, hogy Magyarorsz\u00e1g, mivel elfogadta a nemzeti szuverenit\u00e1s v\u00e9delm\u00e9r\u0151l sz\u00f3l\u00f3 t\u00f6rv\u00e9nyt, t\u00f6bb szempontb\u00f3l megs\u00e9rtette az uni\u00f3s jogb\u00f3l ered\u0151 k\u00f6telezetts\u00e9geit. <\/span><\/p>\n<p class=\"p3\"><span class=\"s2\">Inform\u00e1ci\u00f3ink szerint az Eur\u00f3pai B\u00edr\u00f3s\u00e1g r\u00f6vid id\u0151n bel\u00fcl &#8211; m\u00e9g mindenk\u00e9ppen a v\u00e1laszt\u00e1si kamp\u00e1ny idej\u00e9n &#8211; \u00edt\u00e9let hirdethet az \u00fcgyben. A tartalma &#8211; ismerv\u00e9n a f\u0151tan\u00e1csnoki, teljes m\u00e9rt\u00e9kben megalapozatlan \u00e9s t\u00e9ves <a href=\"https:\/\/szuverenitasvedelmihivatal.hu\/dokumentumok\/a-szuverenitasvedelmi-hivatal-allaspontja-a-nemzeti-szuverenitas-vedelmerol-szolo-torvennyel-kapcsolatos-fotanacsnoki-inditvanyrol.pdf\">\u00e1ll\u00e1spontot<\/a> &#8211; nem meglep\u0151, hogy elmarasztalhat\u00f3 lehet haz\u00e1nk tekintet\u00e9ben. <\/span><\/p>\n<p class=\"p3\"><span class=\"s2\">Ami azonban s\u00falyosabb, hogy az uni\u00f3s <\/span><span class=\"s3\">Alapjogi Charta 47. cikk<\/span><span class=\"s2\">e kifejezetten <\/span><span class=\"s3\">\u201ef\u00fcggetlen \u00e9s p\u00e1rtatlan b\u00edr\u00f3s\u00e1got\u201d<\/span><span class=\"s2\"> k\u00f6vetel az EUB elj\u00e1r\u00e1sa kapcs\u00e1n, amely szab\u00e1lyt a Uni\u00f3 b\u00edr\u00f3s\u00e1ga azzal, hogy a kamp\u00e1ny finis\u00e9ben hirdet ki egy ilyen s\u00faly\u00fa k\u00e9rd\u00e9sben v\u00e1rhat\u00f3an elmarasztal\u00f3 d\u00f6nt\u00e9st, megs\u00e9rtheti az Alapjogi Charta vonatkoz\u00f3 rendelkez\u00e9s\u00e9t.<\/span><\/p>\n<p><img loading=\"lazy\" decoding=\"async\" class=\"alignnone size-medium wp-image-335\" src=\"http:\/\/tuzfalcsoport.blog\/wp-content\/uploads\/2026\/03\/BD53C52E-3E2B-4191-8654-F6D4A4786C45-300x300.png\" alt=\"\" width=\"300\" height=\"300\" srcset=\"http:\/\/tuzfalcsoport.blog\/wp-content\/uploads\/2026\/03\/BD53C52E-3E2B-4191-8654-F6D4A4786C45-300x300.png 300w, http:\/\/tuzfalcsoport.blog\/wp-content\/uploads\/2026\/03\/BD53C52E-3E2B-4191-8654-F6D4A4786C45-150x150.png 150w, http:\/\/tuzfalcsoport.blog\/wp-content\/uploads\/2026\/03\/BD53C52E-3E2B-4191-8654-F6D4A4786C45-768x768.png 768w, http:\/\/tuzfalcsoport.blog\/wp-content\/uploads\/2026\/03\/BD53C52E-3E2B-4191-8654-F6D4A4786C45.png 1024w\" sizes=\"auto, (max-width: 300px) 100vw, 300px\" \/><\/p>\n","protected":false},"excerpt":{"rendered":"<p>\u26a0\ufe0fA szuverenit\u00e1sv\u00e9delmi t\u00f6rv\u00e9nnyel kapcsolatos EUB hat\u00e1rozat id\u0151z\u00edt\u00e9se a v\u00e1laszt\u00e1s eredm\u00e9ny\u00e9t k\u00edv\u00e1nhatja befoly\u00e1solni, r\u00e1ad\u00e1sul uni\u00f3s jogot is s\u00e9rthet. Ahogy arr\u00f3l a Szuverenit\u00e1sv\u00e9delmi Hivatal tanulm\u00e1nya r\u00e1mutatott, kor\u00e1bban a Transparency International Magyarorsz\u00e1g a szuverenit\u00e1sv\u00e9delmi t\u00f6rv\u00e9ny megsemmis\u00edt\u00e9se c\u00e9lj\u00e1b\u00f3l az Alkotm\u00e1nyb\u00edr\u00f3s\u00e1ghoz fordult. A Transparency International Magyarorsz\u00e1g panasz\u00e1t az Alkotm\u00e1nyb\u00edr\u00f3s\u00e1g elutas\u00edtotta, az Eur\u00f3pai Bizotts\u00e1g pedig az \u00e1ltala finansz\u00edrozott szervezetek v\u00e9delm\u00e9ben k\u00f6telezetts\u00e9gszeg\u00e9si &#8230; <a title=\"\ud83d\udcccInform\u00e1ci\u00f3ink szerint elmarasztal\u00f3 \u00edt\u00e9letet hozhat haz\u00e1nkkal szemben az Eur\u00f3pai Bir\u00f3s\u00e1g\" class=\"read-more\" href=\"http:\/\/tuzfalcsoport.blog\/?p=333\" aria-label=\"Read more about \ud83d\udcccInform\u00e1ci\u00f3ink szerint elmarasztal\u00f3 \u00edt\u00e9letet hozhat haz\u00e1nkkal szemben az Eur\u00f3pai Bir\u00f3s\u00e1g\">Olvass tov\u00e1bb<\/a><\/p>\n","protected":false},"author":1,"featured_media":0,"comment_status":"open","ping_status":"open","sticky":false,"template":"","format":"standard","meta":{"footnotes":""},"categories":[1],"tags":[],"class_list":["post-333","post","type-post","status-publish","format-standard","hentry","category-uncategorized"],"yoast_head":"<!-- This site is optimized with the Yoast SEO plugin v26.7 - https:\/\/yoast.com\/wordpress\/plugins\/seo\/ -->\n<title>\ud83d\udcccInform\u00e1ci\u00f3ink szerint elmarasztal\u00f3 \u00edt\u00e9letet hozhat haz\u00e1nkkal szemben az Eur\u00f3pai Bir\u00f3s\u00e1g - T\u0171zfalcsoport<\/title>\n<meta name=\"robots\" content=\"index, follow, max-snippet:-1, max-image-preview:large, max-video-preview:-1\" \/>\n<link rel=\"canonical\" href=\"http:\/\/tuzfalcsoport.blog\/?p=333\" \/>\n<meta property=\"og:locale\" content=\"hu_HU\" \/>\n<meta property=\"og:type\" content=\"article\" \/>\n<meta property=\"og:title\" content=\"\ud83d\udcccInform\u00e1ci\u00f3ink szerint elmarasztal\u00f3 \u00edt\u00e9letet hozhat haz\u00e1nkkal szemben az Eur\u00f3pai Bir\u00f3s\u00e1g - T\u0171zfalcsoport\" \/>\n<meta property=\"og:description\" content=\"\u26a0\ufe0fA szuverenit\u00e1sv\u00e9delmi t\u00f6rv\u00e9nnyel kapcsolatos EUB hat\u00e1rozat id\u0151z\u00edt\u00e9se a v\u00e1laszt\u00e1s eredm\u00e9ny\u00e9t k\u00edv\u00e1nhatja befoly\u00e1solni, r\u00e1ad\u00e1sul uni\u00f3s jogot is s\u00e9rthet. Ahogy arr\u00f3l a Szuverenit\u00e1sv\u00e9delmi Hivatal tanulm\u00e1nya r\u00e1mutatott, kor\u00e1bban a Transparency International Magyarorsz\u00e1g a szuverenit\u00e1sv\u00e9delmi t\u00f6rv\u00e9ny megsemmis\u00edt\u00e9se c\u00e9lj\u00e1b\u00f3l az Alkotm\u00e1nyb\u00edr\u00f3s\u00e1ghoz fordult. A Transparency International Magyarorsz\u00e1g panasz\u00e1t az Alkotm\u00e1nyb\u00edr\u00f3s\u00e1g elutas\u00edtotta, az Eur\u00f3pai Bizotts\u00e1g pedig az \u00e1ltala finansz\u00edrozott szervezetek v\u00e9delm\u00e9ben k\u00f6telezetts\u00e9gszeg\u00e9si ... Olvass tov\u00e1bb\" \/>\n<meta property=\"og:url\" content=\"http:\/\/tuzfalcsoport.blog\/?p=333\" \/>\n<meta property=\"og:site_name\" content=\"T\u0171zfalcsoport\" \/>\n<meta property=\"article:published_time\" content=\"2026-03-10T10:43:25+00:00\" \/>\n<meta property=\"article:modified_time\" content=\"2026-03-10T10:44:20+00:00\" \/>\n<meta property=\"og:image\" content=\"http:\/\/tuzfalcsoport.blog\/wp-content\/uploads\/2026\/03\/BD53C52E-3E2B-4191-8654-F6D4A4786C45-300x300.png\" \/>\n<meta name=\"author\" content=\"T\u0171zfalcsoport\" \/>\n<meta name=\"twitter:card\" content=\"summary_large_image\" \/>\n<meta name=\"twitter:label1\" content=\"Szerz\u0151:\" \/>\n\t<meta name=\"twitter:data1\" content=\"T\u0171zfalcsoport\" \/>\n\t<meta name=\"twitter:label2\" content=\"Becs\u00fclt olvas\u00e1si id\u0151\" \/>\n\t<meta name=\"twitter:data2\" content=\"2 perc\" \/>\n<script type=\"application\/ld+json\" class=\"yoast-schema-graph\">{\"@context\":\"https:\/\/schema.org\",\"@graph\":[{\"@type\":\"Article\",\"@id\":\"http:\/\/tuzfalcsoport.blog\/?p=333#article\",\"isPartOf\":{\"@id\":\"http:\/\/tuzfalcsoport.blog\/?p=333\"},\"author\":{\"name\":\"T\u0171zfalcsoport\",\"@id\":\"http:\/\/tuzfalcsoport.blog\/#\/schema\/person\/0dbc8ce6fe1c972173556c4bea45d879\"},\"headline\":\"\ud83d\udcccInform\u00e1ci\u00f3ink szerint elmarasztal\u00f3 \u00edt\u00e9letet hozhat haz\u00e1nkkal szemben az Eur\u00f3pai Bir\u00f3s\u00e1g\",\"datePublished\":\"2026-03-10T10:43:25+00:00\",\"dateModified\":\"2026-03-10T10:44:20+00:00\",\"mainEntityOfPage\":{\"@id\":\"http:\/\/tuzfalcsoport.blog\/?p=333\"},\"wordCount\":420,\"commentCount\":0,\"publisher\":{\"@id\":\"http:\/\/tuzfalcsoport.blog\/#organization\"},\"image\":{\"@id\":\"http:\/\/tuzfalcsoport.blog\/?p=333#primaryimage\"},\"thumbnailUrl\":\"http:\/\/tuzfalcsoport.blog\/wp-content\/uploads\/2026\/03\/BD53C52E-3E2B-4191-8654-F6D4A4786C45-300x300.png\",\"articleSection\":[\"Uncategorized\"],\"inLanguage\":\"hu\",\"potentialAction\":[{\"@type\":\"CommentAction\",\"name\":\"Comment\",\"target\":[\"http:\/\/tuzfalcsoport.blog\/?p=333#respond\"]}]},{\"@type\":\"WebPage\",\"@id\":\"http:\/\/tuzfalcsoport.blog\/?p=333\",\"url\":\"http:\/\/tuzfalcsoport.blog\/?p=333\",\"name\":\"\ud83d\udcccInform\u00e1ci\u00f3ink szerint elmarasztal\u00f3 \u00edt\u00e9letet hozhat haz\u00e1nkkal szemben az Eur\u00f3pai Bir\u00f3s\u00e1g - T\u0171zfalcsoport\",\"isPartOf\":{\"@id\":\"http:\/\/tuzfalcsoport.blog\/#website\"},\"primaryImageOfPage\":{\"@id\":\"http:\/\/tuzfalcsoport.blog\/?p=333#primaryimage\"},\"image\":{\"@id\":\"http:\/\/tuzfalcsoport.blog\/?p=333#primaryimage\"},\"thumbnailUrl\":\"http:\/\/tuzfalcsoport.blog\/wp-content\/uploads\/2026\/03\/BD53C52E-3E2B-4191-8654-F6D4A4786C45-300x300.png\",\"datePublished\":\"2026-03-10T10:43:25+00:00\",\"dateModified\":\"2026-03-10T10:44:20+00:00\",\"breadcrumb\":{\"@id\":\"http:\/\/tuzfalcsoport.blog\/?p=333#breadcrumb\"},\"inLanguage\":\"hu\",\"potentialAction\":[{\"@type\":\"ReadAction\",\"target\":[\"http:\/\/tuzfalcsoport.blog\/?p=333\"]}]},{\"@type\":\"ImageObject\",\"inLanguage\":\"hu\",\"@id\":\"http:\/\/tuzfalcsoport.blog\/?p=333#primaryimage\",\"url\":\"http:\/\/tuzfalcsoport.blog\/wp-content\/uploads\/2026\/03\/BD53C52E-3E2B-4191-8654-F6D4A4786C45.png\",\"contentUrl\":\"http:\/\/tuzfalcsoport.blog\/wp-content\/uploads\/2026\/03\/BD53C52E-3E2B-4191-8654-F6D4A4786C45.png\",\"width\":1024,\"height\":1024},{\"@type\":\"BreadcrumbList\",\"@id\":\"http:\/\/tuzfalcsoport.blog\/?p=333#breadcrumb\",\"itemListElement\":[{\"@type\":\"ListItem\",\"position\":1,\"name\":\"Home\",\"item\":\"http:\/\/tuzfalcsoport.blog\/\"},{\"@type\":\"ListItem\",\"position\":2,\"name\":\"\ud83d\udcccInform\u00e1ci\u00f3ink szerint elmarasztal\u00f3 \u00edt\u00e9letet hozhat haz\u00e1nkkal szemben az Eur\u00f3pai Bir\u00f3s\u00e1g\"}]},{\"@type\":\"WebSite\",\"@id\":\"http:\/\/tuzfalcsoport.blog\/#website\",\"url\":\"http:\/\/tuzfalcsoport.blog\/\",\"name\":\"T\u0171zfalcsoport\",\"description\":\"\",\"publisher\":{\"@id\":\"http:\/\/tuzfalcsoport.blog\/#organization\"},\"potentialAction\":[{\"@type\":\"SearchAction\",\"target\":{\"@type\":\"EntryPoint\",\"urlTemplate\":\"http:\/\/tuzfalcsoport.blog\/?s={search_term_string}\"},\"query-input\":{\"@type\":\"PropertyValueSpecification\",\"valueRequired\":true,\"valueName\":\"search_term_string\"}}],\"inLanguage\":\"hu\"},{\"@type\":\"Organization\",\"@id\":\"http:\/\/tuzfalcsoport.blog\/#organization\",\"name\":\"T\u0171zfalcsoport\",\"url\":\"http:\/\/tuzfalcsoport.blog\/\",\"logo\":{\"@type\":\"ImageObject\",\"inLanguage\":\"hu\",\"@id\":\"http:\/\/tuzfalcsoport.blog\/#\/schema\/logo\/image\/\",\"url\":\"http:\/\/tuzfalcsoport.blog\/wp-content\/uploads\/2026\/01\/TCS_borito3-scaled.jpg\",\"contentUrl\":\"http:\/\/tuzfalcsoport.blog\/wp-content\/uploads\/2026\/01\/TCS_borito3-scaled.jpg\",\"width\":2560,\"height\":640,\"caption\":\"T\u0171zfalcsoport\"},\"image\":{\"@id\":\"http:\/\/tuzfalcsoport.blog\/#\/schema\/logo\/image\/\"}},{\"@type\":\"Person\",\"@id\":\"http:\/\/tuzfalcsoport.blog\/#\/schema\/person\/0dbc8ce6fe1c972173556c4bea45d879\",\"name\":\"T\u0171zfalcsoport\",\"image\":{\"@type\":\"ImageObject\",\"inLanguage\":\"hu\",\"@id\":\"http:\/\/tuzfalcsoport.blog\/#\/schema\/person\/image\/\",\"url\":\"https:\/\/secure.gravatar.com\/avatar\/6a89eb668c2a2380540f358d8a1dd366bd36bf902c70e9d4bbb8f5b85d9e363b?s=96&d=mm&r=g\",\"contentUrl\":\"https:\/\/secure.gravatar.com\/avatar\/6a89eb668c2a2380540f358d8a1dd366bd36bf902c70e9d4bbb8f5b85d9e363b?s=96&d=mm&r=g\",\"caption\":\"T\u0171zfalcsoport\"},\"sameAs\":[\"http:\/\/tuzfalcsoport.blog\"],\"url\":\"http:\/\/tuzfalcsoport.blog\/?author=1\"}]}<\/script>\n<!-- \/ Yoast SEO plugin. -->","yoast_head_json":{"title":"\ud83d\udcccInform\u00e1ci\u00f3ink szerint elmarasztal\u00f3 \u00edt\u00e9letet hozhat haz\u00e1nkkal szemben az Eur\u00f3pai Bir\u00f3s\u00e1g - T\u0171zfalcsoport","robots":{"index":"index","follow":"follow","max-snippet":"max-snippet:-1","max-image-preview":"max-image-preview:large","max-video-preview":"max-video-preview:-1"},"canonical":"http:\/\/tuzfalcsoport.blog\/?p=333","og_locale":"hu_HU","og_type":"article","og_title":"\ud83d\udcccInform\u00e1ci\u00f3ink szerint elmarasztal\u00f3 \u00edt\u00e9letet hozhat haz\u00e1nkkal szemben az Eur\u00f3pai Bir\u00f3s\u00e1g - T\u0171zfalcsoport","og_description":"\u26a0\ufe0fA szuverenit\u00e1sv\u00e9delmi t\u00f6rv\u00e9nnyel kapcsolatos EUB hat\u00e1rozat id\u0151z\u00edt\u00e9se a v\u00e1laszt\u00e1s eredm\u00e9ny\u00e9t k\u00edv\u00e1nhatja befoly\u00e1solni, r\u00e1ad\u00e1sul uni\u00f3s jogot is s\u00e9rthet. Ahogy arr\u00f3l a Szuverenit\u00e1sv\u00e9delmi Hivatal tanulm\u00e1nya r\u00e1mutatott, kor\u00e1bban a Transparency International Magyarorsz\u00e1g a szuverenit\u00e1sv\u00e9delmi t\u00f6rv\u00e9ny megsemmis\u00edt\u00e9se c\u00e9lj\u00e1b\u00f3l az Alkotm\u00e1nyb\u00edr\u00f3s\u00e1ghoz fordult. A Transparency International Magyarorsz\u00e1g panasz\u00e1t az Alkotm\u00e1nyb\u00edr\u00f3s\u00e1g elutas\u00edtotta, az Eur\u00f3pai Bizotts\u00e1g pedig az \u00e1ltala finansz\u00edrozott szervezetek v\u00e9delm\u00e9ben k\u00f6telezetts\u00e9gszeg\u00e9si ... Olvass tov\u00e1bb","og_url":"http:\/\/tuzfalcsoport.blog\/?p=333","og_site_name":"T\u0171zfalcsoport","article_published_time":"2026-03-10T10:43:25+00:00","article_modified_time":"2026-03-10T10:44:20+00:00","og_image":[{"url":"http:\/\/tuzfalcsoport.blog\/wp-content\/uploads\/2026\/03\/BD53C52E-3E2B-4191-8654-F6D4A4786C45-300x300.png","type":"","width":"","height":""}],"author":"T\u0171zfalcsoport","twitter_card":"summary_large_image","twitter_misc":{"Szerz\u0151:":"T\u0171zfalcsoport","Becs\u00fclt olvas\u00e1si id\u0151":"2 perc"},"schema":{"@context":"https:\/\/schema.org","@graph":[{"@type":"Article","@id":"http:\/\/tuzfalcsoport.blog\/?p=333#article","isPartOf":{"@id":"http:\/\/tuzfalcsoport.blog\/?p=333"},"author":{"name":"T\u0171zfalcsoport","@id":"http:\/\/tuzfalcsoport.blog\/#\/schema\/person\/0dbc8ce6fe1c972173556c4bea45d879"},"headline":"\ud83d\udcccInform\u00e1ci\u00f3ink szerint elmarasztal\u00f3 \u00edt\u00e9letet hozhat haz\u00e1nkkal szemben az Eur\u00f3pai Bir\u00f3s\u00e1g","datePublished":"2026-03-10T10:43:25+00:00","dateModified":"2026-03-10T10:44:20+00:00","mainEntityOfPage":{"@id":"http:\/\/tuzfalcsoport.blog\/?p=333"},"wordCount":420,"commentCount":0,"publisher":{"@id":"http:\/\/tuzfalcsoport.blog\/#organization"},"image":{"@id":"http:\/\/tuzfalcsoport.blog\/?p=333#primaryimage"},"thumbnailUrl":"http:\/\/tuzfalcsoport.blog\/wp-content\/uploads\/2026\/03\/BD53C52E-3E2B-4191-8654-F6D4A4786C45-300x300.png","articleSection":["Uncategorized"],"inLanguage":"hu","potentialAction":[{"@type":"CommentAction","name":"Comment","target":["http:\/\/tuzfalcsoport.blog\/?p=333#respond"]}]},{"@type":"WebPage","@id":"http:\/\/tuzfalcsoport.blog\/?p=333","url":"http:\/\/tuzfalcsoport.blog\/?p=333","name":"\ud83d\udcccInform\u00e1ci\u00f3ink szerint elmarasztal\u00f3 \u00edt\u00e9letet hozhat haz\u00e1nkkal szemben az Eur\u00f3pai Bir\u00f3s\u00e1g - T\u0171zfalcsoport","isPartOf":{"@id":"http:\/\/tuzfalcsoport.blog\/#website"},"primaryImageOfPage":{"@id":"http:\/\/tuzfalcsoport.blog\/?p=333#primaryimage"},"image":{"@id":"http:\/\/tuzfalcsoport.blog\/?p=333#primaryimage"},"thumbnailUrl":"http:\/\/tuzfalcsoport.blog\/wp-content\/uploads\/2026\/03\/BD53C52E-3E2B-4191-8654-F6D4A4786C45-300x300.png","datePublished":"2026-03-10T10:43:25+00:00","dateModified":"2026-03-10T10:44:20+00:00","breadcrumb":{"@id":"http:\/\/tuzfalcsoport.blog\/?p=333#breadcrumb"},"inLanguage":"hu","potentialAction":[{"@type":"ReadAction","target":["http:\/\/tuzfalcsoport.blog\/?p=333"]}]},{"@type":"ImageObject","inLanguage":"hu","@id":"http:\/\/tuzfalcsoport.blog\/?p=333#primaryimage","url":"http:\/\/tuzfalcsoport.blog\/wp-content\/uploads\/2026\/03\/BD53C52E-3E2B-4191-8654-F6D4A4786C45.png","contentUrl":"http:\/\/tuzfalcsoport.blog\/wp-content\/uploads\/2026\/03\/BD53C52E-3E2B-4191-8654-F6D4A4786C45.png","width":1024,"height":1024},{"@type":"BreadcrumbList","@id":"http:\/\/tuzfalcsoport.blog\/?p=333#breadcrumb","itemListElement":[{"@type":"ListItem","position":1,"name":"Home","item":"http:\/\/tuzfalcsoport.blog\/"},{"@type":"ListItem","position":2,"name":"\ud83d\udcccInform\u00e1ci\u00f3ink szerint elmarasztal\u00f3 \u00edt\u00e9letet hozhat haz\u00e1nkkal szemben az Eur\u00f3pai Bir\u00f3s\u00e1g"}]},{"@type":"WebSite","@id":"http:\/\/tuzfalcsoport.blog\/#website","url":"http:\/\/tuzfalcsoport.blog\/","name":"T\u0171zfalcsoport","description":"","publisher":{"@id":"http:\/\/tuzfalcsoport.blog\/#organization"},"potentialAction":[{"@type":"SearchAction","target":{"@type":"EntryPoint","urlTemplate":"http:\/\/tuzfalcsoport.blog\/?s={search_term_string}"},"query-input":{"@type":"PropertyValueSpecification","valueRequired":true,"valueName":"search_term_string"}}],"inLanguage":"hu"},{"@type":"Organization","@id":"http:\/\/tuzfalcsoport.blog\/#organization","name":"T\u0171zfalcsoport","url":"http:\/\/tuzfalcsoport.blog\/","logo":{"@type":"ImageObject","inLanguage":"hu","@id":"http:\/\/tuzfalcsoport.blog\/#\/schema\/logo\/image\/","url":"http:\/\/tuzfalcsoport.blog\/wp-content\/uploads\/2026\/01\/TCS_borito3-scaled.jpg","contentUrl":"http:\/\/tuzfalcsoport.blog\/wp-content\/uploads\/2026\/01\/TCS_borito3-scaled.jpg","width":2560,"height":640,"caption":"T\u0171zfalcsoport"},"image":{"@id":"http:\/\/tuzfalcsoport.blog\/#\/schema\/logo\/image\/"}},{"@type":"Person","@id":"http:\/\/tuzfalcsoport.blog\/#\/schema\/person\/0dbc8ce6fe1c972173556c4bea45d879","name":"T\u0171zfalcsoport","image":{"@type":"ImageObject","inLanguage":"hu","@id":"http:\/\/tuzfalcsoport.blog\/#\/schema\/person\/image\/","url":"https:\/\/secure.gravatar.com\/avatar\/6a89eb668c2a2380540f358d8a1dd366bd36bf902c70e9d4bbb8f5b85d9e363b?s=96&d=mm&r=g","contentUrl":"https:\/\/secure.gravatar.com\/avatar\/6a89eb668c2a2380540f358d8a1dd366bd36bf902c70e9d4bbb8f5b85d9e363b?s=96&d=mm&r=g","caption":"T\u0171zfalcsoport"},"sameAs":["http:\/\/tuzfalcsoport.blog"],"url":"http:\/\/tuzfalcsoport.blog\/?author=1"}]}},"_links":{"self":[{"href":"http:\/\/tuzfalcsoport.blog\/index.php?rest_route=\/wp\/v2\/posts\/333","targetHints":{"allow":["GET"]}}],"collection":[{"href":"http:\/\/tuzfalcsoport.blog\/index.php?rest_route=\/wp\/v2\/posts"}],"about":[{"href":"http:\/\/tuzfalcsoport.blog\/index.php?rest_route=\/wp\/v2\/types\/post"}],"author":[{"embeddable":true,"href":"http:\/\/tuzfalcsoport.blog\/index.php?rest_route=\/wp\/v2\/users\/1"}],"replies":[{"embeddable":true,"href":"http:\/\/tuzfalcsoport.blog\/index.php?rest_route=%2Fwp%2Fv2%2Fcomments&post=333"}],"version-history":[{"count":2,"href":"http:\/\/tuzfalcsoport.blog\/index.php?rest_route=\/wp\/v2\/posts\/333\/revisions"}],"predecessor-version":[{"id":336,"href":"http:\/\/tuzfalcsoport.blog\/index.php?rest_route=\/wp\/v2\/posts\/333\/revisions\/336"}],"wp:attachment":[{"href":"http:\/\/tuzfalcsoport.blog\/index.php?rest_route=%2Fwp%2Fv2%2Fmedia&parent=333"}],"wp:term":[{"taxonomy":"category","embeddable":true,"href":"http:\/\/tuzfalcsoport.blog\/index.php?rest_route=%2Fwp%2Fv2%2Fcategories&post=333"},{"taxonomy":"post_tag","embeddable":true,"href":"http:\/\/tuzfalcsoport.blog\/index.php?rest_route=%2Fwp%2Fv2%2Ftags&post=333"}],"curies":[{"name":"wp","href":"https:\/\/api.w.org\/{rel}","templated":true}]}}