{"id":337,"date":"2026-03-10T15:23:08","date_gmt":"2026-03-10T14:23:08","guid":{"rendered":"http:\/\/tuzfalcsoport.blog\/?p=337"},"modified":"2026-03-10T15:23:08","modified_gmt":"2026-03-10T14:23:08","slug":"%f0%9f%93%8cegy-volt-ukran-ugyesz-szerint-buncselekmeny-all-az-aranykonvoj-mogott","status":"publish","type":"post","link":"http:\/\/tuzfalcsoport.blog\/?p=337","title":{"rendered":"\ud83d\udcccEgy volt ukr\u00e1n \u00fcgy\u00e9sz szerint b\u0171ncselekm\u00e9ny \u00e1ll az aranykonvoj m\u00f6g\u00f6tt"},"content":{"rendered":"<p class=\"p2\"><span style=\"font-size: inherit;\">\u26a0\ufe0fStanislav Bronevytskyi b\u00fcntet\u0151elj\u00e1r\u00e1st kezdem\u00e9nyezett p\u00e9nzmos\u00e1s alapos gyan\u00faja miatt a p\u00e9nzsz\u00e1ll\u00edt\u00f3 akci\u00f3 kapcs\u00e1n\u00a0<\/span><\/p>\n<p class=\"p2\"><span class=\"s2\">Ahogy arr\u00f3l az ukr\u00e1n sajt\u00f3 is <a href=\"https:\/\/www.kyivpost.com\/post\/71411\">besz\u00e1molt<\/a>, a magyar hat\u00f3s\u00e1gok m\u00e1rcius 5-\u00e9n \u0151rizetbe vettek h\u00e9t ukr\u00e1n \u00e1llampolg\u00e1rt, akik az osztr\u00e1k Raiffeisen Bankt\u00f3l sz\u00e1ll\u00edtottak k\u00e9szp\u00e9nzt \u00e9s aranyat az ukr\u00e1n \u00e1llami Oschadbanknak. A sz\u00e1ll\u00edtm\u00e1ny \u00e9rt\u00e9ke mintegy 40 milli\u00f3 amerikai doll\u00e1r, 35 milli\u00f3 eur\u00f3 \u00e9s 9 kilogramm arany volt, amit az ukr\u00e1n f\u00e9l rutinszer\u0171 banki m\u0171veletk\u00e9nt jellemzett, m\u00edg a magyar oldal p\u00e9nzmos\u00e1s gyan\u00faj\u00e1val ind\u00edtott b\u00fcntet\u0151elj\u00e1r\u00e1st.<\/span><\/p>\n<p class=\"p2\"><span class=\"s2\">Az eset a budapesti MO k\u00f6rgy\u0171r\u0171n t\u00f6rt\u00e9nt, ahol a magyar terrorelh\u00e1r\u00edt\u00e1si k\u00f6zpont (TEK) p\u00e1nc\u00e9lozott j\u00e1rm\u0171vekkel, g\u00e9ppisztolyokkal \u00e9s gr\u00e1n\u00e1tvet\u0151kkel \u00e1ll\u00edtotta meg a k\u00e9t p\u00e1nc\u00e9lozott sz\u00e1ll\u00edt\u00f3j\u00e1rm\u0171vet. Az ukr\u00e1n k\u00fcl\u00fcgyminiszter, Andrij Szibiha \u201c\u00e1llami terrorizmusnak \u00e9s zsarol\u00e1snak\u201d nevezte az incidenst, azt <a href=\"https:\/\/www.ukrinform.net\/rubric-polytics\/4099667-ukraine-reports-violations-in-hungary-detention-of-cash-collectors-after-28-hours-in-handcuffs.html\">\u00e1ll\u00edtva<\/a>, hogy a magyar hat\u00f3s\u00e1gok t\u00faszul ejtett\u00e9k az Oschadbank alkalmazottait \u00e9s ellopt\u00e1k a sz\u00e1ll\u00edtm\u00e1nyt. <\/span><\/p>\n<p class=\"p2\"><span class=\"s2\">Stanislav Bronevytskyi, az ukr\u00e1n <\/span><span class=\"s3\">Speci\u00e1lis Antikorrupci\u00f3s \u00dcgy\u00e9szs\u00e9g<\/span><span class=\"s2\"> volt \u00fcgy\u00e9sze friss <a href=\"https:\/\/www.ukrinform.net\/rubric-polytics\/4099667-ukraine-reports-violations-in-hungary-detention-of-cash-collectors-after-28-hours-in-handcuffs.html\">nyilatkozat\u00e1ban<\/a> azt \u00e1ll\u00edtja, hogy az eset egy nagyszab\u00e1s\u00fa p\u00e9nzmos\u00e1si rendszer r\u00e9sze lehet, amely az ukr\u00e1n B\u00fcntet\u0151 T\u00f6rv\u00e9nyk\u00f6nyv 209. cikke szerinti b\u0171ncselekm\u00e9ny jeleit mutatja. Szerinte a p\u00e9nzt ukr\u00e1n bankb\u00f3l osztr\u00e1k bankba utalt\u00e1k, ott feldolgozt\u00e1k, majd k\u00e9szp\u00e9nzk\u00e9nt titokban sz\u00e1ll\u00edtott\u00e1k vissza Ukrajn\u00e1ba vagy harmadik orsz\u00e1gokba Magyarorsz\u00e1g ter\u00fclet\u00e9n kereszt\u00fcl. Bronevytskyi felsz\u00f3l\u00edtotta az ukr\u00e1n Speci\u00e1lis Korrupci\u00f3ellenes \u00dcgy\u00e9szs\u00e9get (SAPO) \u00e9s az \u00c1llami Nyomoz\u00f3 Irod\u00e1t (SBI), hogy ind\u00edtsanak elj\u00e1r\u00e1st, mivel az \u00f6sszeg elegend\u0151 a b\u00fcntet\u0151elj\u00e1r\u00e1s megkezd\u00e9s\u00e9hez.<\/span><\/p>\n<p class=\"p2\"><span class=\"s2\">Szerinte a rendelkez\u00e9sre \u00e1ll\u00f3 inform\u00e1ci\u00f3k szerint a p\u00e9nzt az ukr\u00e1n bankb\u00f3l az osztr\u00e1k bankba utalt\u00e1k \u00e1t, ahol feldolgozt\u00e1k, majd a k\u00e9szp\u00e9nzt titokban Magyarorsz\u00e1g ter\u00fclet\u00e9n kereszt\u00fcl sz\u00e1ll\u00edtott\u00e1k vissza Ukrajn\u00e1ba vagy harmadik orsz\u00e1gokba. A rendszer klasszikus: k\u00e9szp\u00e9nzmentes \u00e1tutal\u00e1s egy puha banki ellen\u0151rz\u00e9ssel rendelkez\u0151 joghat\u00f3s\u00e1gon kereszt\u00fcl, a k\u00e9szp\u00e9nz fizikai elt\u00e1vol\u00edt\u00e1sa fut\u00e1rok seg\u00edts\u00e9g\u00e9vel, a nyomok t\u00f6rl\u00e9se a tranzitorsz\u00e1gon kereszt\u00fcl.<\/span><\/p>\n<p class=\"p2\"><span class=\"s2\">Bronevytskyi <a href=\"https:\/\/spilno.org\/news\/zatrymani-v-uhorschyni-ukrainski-inkasatory-vezly-hotivku-z-avstriiskoho-banku\">k\u00f6zvetlen\u00fcl<\/a> a SAPO \u00e9s az SBI vezet\u0151ihez, Olekszandr Klimenk\u00f3hoz \u00e9s Olekszij Krivonoszhoz fordult: k\u00e9t nap telt el az \u0151rizetbe v\u00e9tel \u00f3ta, \u00e9s hivatalos reakci\u00f3 nem \u00e9rkezett. Az \u00e1tutalt \u00f6sszeg szerinte elegend\u0151 a b\u00fcntet\u0151elj\u00e1r\u00e1s megind\u00edt\u00e1s\u00e1hoz \u00e9s az inform\u00e1ci\u00f3k bevitel\u00e9hez az ERDR-be.<\/span><\/p>\n<p class=\"p2\"><span class=\"s2\">Az <\/span><span class=\"s3\">ERDR<\/span><span class=\"s2\"> (vagy ukr\u00e1nul <\/span><span class=\"s3\">\u0404\u0420\u0414\u0420<\/span><span class=\"s2\">, teljes nev\u00e9n <\/span><span class=\"s3\">\u0404\u0434\u0438\u043d\u0438\u0439 \u0440\u0435\u0454\u0441\u0442\u0440 \u0434\u043e\u0441\u0443\u0434\u043e\u0432\u0438\u0445 \u0440\u043e\u0437\u0441\u043b\u0456\u0434\u0443\u0432\u0430\u043d\u044c<\/span><span class=\"s2\">) Ukrajn\u00e1ban a <\/span><span class=\"s3\">Egys\u00e9ges Dosszi\u00f3s Nyomoz\u00e1sok Nyilv\u00e1ntart\u00e1sa<\/span><span class=\"s2\">vagy <\/span><span class=\"s3\">Egys\u00e9ges El\u0151zetes Nyomoz\u00e1si Regiszter<\/span><span class=\"s2\">.<\/span><\/p>\n<p class=\"p2\"><span class=\"s2\">Ez egy k\u00f6zponti elektronikus adatb\u00e1zis \u00e9s automatiz\u00e1lt rendszer, amelyet az ukr\u00e1n hat\u00f3s\u00e1gok (f\u0151k\u00e9nt a prokurat\u00fara, a Nemzeti Rend\u0151rs\u00e9g, a Biztons\u00e1gi Szolg\u00e1lat \u2013 SBU, a Nemzeti Korrupci\u00f3ellenes Iroda \u2013 NABU stb.) haszn\u00e1lnak a <\/span><span class=\"s3\">krimin\u00e1lis elj\u00e1r\u00e1sok<\/span><span class=\"s2\">nyilv\u00e1ntart\u00e1s\u00e1ra.<\/span><\/p>\n<p class=\"p2\"><span class=\"s3\">Stanislav Bronevytskyi<\/span><span class=\"s2\"> (ukr\u00e1nul: <\/span><span class=\"s3\">\u0421\u0442\u0430\u043d\u0456\u0441\u043b\u0430\u0432 \u0411\u0440\u043e\u043d\u0435\u0432\u0438\u0446\u044c\u043a\u0438\u0439<\/span><span class=\"s2\">) egy ukr\u00e1n jog\u00e1sz, volt <\/span><span class=\"s3\">Speci\u00e1lis Antikorrupci\u00f3s \u00dcgy\u00e9szs\u00e9g<\/span><span class=\"s2\"> (\u0421\u043f\u0435\u0446\u0456\u0430\u043b\u0456\u0437\u043e\u0432\u0430\u043d\u0430 \u0430\u043d\u0442\u0438\u043a\u043e\u0440\u0443\u043f\u0446\u0456\u0439\u043d\u0430 \u043f\u0440\u043e\u043a\u0443\u0440\u0430\u0442\u0443\u0440\u0430, r\u00f6viden <\/span><span class=\"s3\">SAPO<\/span><span class=\"s2\">) \u00fcgy\u00e9sze, aki 2020 \u00e9s 2024 k\u00f6z\u00f6tt dolgozott ebben a poz\u00edci\u00f3ban.<\/span><\/p>\n<p><img loading=\"lazy\" decoding=\"async\" class=\"alignnone size-medium wp-image-338\" src=\"http:\/\/tuzfalcsoport.blog\/wp-content\/uploads\/2026\/03\/IMG_5588-300x223.jpeg\" alt=\"\" width=\"300\" height=\"223\" srcset=\"http:\/\/tuzfalcsoport.blog\/wp-content\/uploads\/2026\/03\/IMG_5588-300x223.jpeg 300w, http:\/\/tuzfalcsoport.blog\/wp-content\/uploads\/2026\/03\/IMG_5588.jpeg 682w\" sizes=\"auto, (max-width: 300px) 100vw, 300px\" \/><\/p>\n","protected":false},"excerpt":{"rendered":"<p>\u26a0\ufe0fStanislav Bronevytskyi b\u00fcntet\u0151elj\u00e1r\u00e1st kezdem\u00e9nyezett p\u00e9nzmos\u00e1s alapos gyan\u00faja miatt a p\u00e9nzsz\u00e1ll\u00edt\u00f3 akci\u00f3 kapcs\u00e1n\u00a0 Ahogy arr\u00f3l az ukr\u00e1n sajt\u00f3 is besz\u00e1molt, a magyar hat\u00f3s\u00e1gok m\u00e1rcius 5-\u00e9n \u0151rizetbe vettek h\u00e9t ukr\u00e1n \u00e1llampolg\u00e1rt, akik az osztr\u00e1k Raiffeisen Bankt\u00f3l sz\u00e1ll\u00edtottak k\u00e9szp\u00e9nzt \u00e9s aranyat az ukr\u00e1n \u00e1llami Oschadbanknak. A sz\u00e1ll\u00edtm\u00e1ny \u00e9rt\u00e9ke mintegy 40 milli\u00f3 amerikai doll\u00e1r, 35 milli\u00f3 eur\u00f3 \u00e9s 9 &#8230; <a title=\"\ud83d\udcccEgy volt ukr\u00e1n \u00fcgy\u00e9sz szerint b\u0171ncselekm\u00e9ny \u00e1ll az aranykonvoj m\u00f6g\u00f6tt\" class=\"read-more\" href=\"http:\/\/tuzfalcsoport.blog\/?p=337\" aria-label=\"Read more about \ud83d\udcccEgy volt ukr\u00e1n \u00fcgy\u00e9sz szerint b\u0171ncselekm\u00e9ny \u00e1ll az aranykonvoj m\u00f6g\u00f6tt\">Olvass tov\u00e1bb<\/a><\/p>\n","protected":false},"author":1,"featured_media":0,"comment_status":"open","ping_status":"open","sticky":false,"template":"","format":"standard","meta":{"footnotes":""},"categories":[1],"tags":[],"class_list":["post-337","post","type-post","status-publish","format-standard","hentry","category-uncategorized"],"yoast_head":"<!-- This site is optimized with the Yoast SEO plugin v26.7 - https:\/\/yoast.com\/wordpress\/plugins\/seo\/ -->\n<title>\ud83d\udcccEgy volt ukr\u00e1n \u00fcgy\u00e9sz szerint b\u0171ncselekm\u00e9ny \u00e1ll az aranykonvoj m\u00f6g\u00f6tt - T\u0171zfalcsoport<\/title>\n<meta name=\"robots\" content=\"index, follow, max-snippet:-1, max-image-preview:large, max-video-preview:-1\" \/>\n<link rel=\"canonical\" href=\"http:\/\/tuzfalcsoport.blog\/?p=337\" \/>\n<meta property=\"og:locale\" content=\"hu_HU\" \/>\n<meta property=\"og:type\" content=\"article\" \/>\n<meta property=\"og:title\" content=\"\ud83d\udcccEgy volt ukr\u00e1n \u00fcgy\u00e9sz szerint b\u0171ncselekm\u00e9ny \u00e1ll az aranykonvoj m\u00f6g\u00f6tt - T\u0171zfalcsoport\" \/>\n<meta property=\"og:description\" content=\"\u26a0\ufe0fStanislav Bronevytskyi b\u00fcntet\u0151elj\u00e1r\u00e1st kezdem\u00e9nyezett p\u00e9nzmos\u00e1s alapos gyan\u00faja miatt a p\u00e9nzsz\u00e1ll\u00edt\u00f3 akci\u00f3 kapcs\u00e1n\u00a0 Ahogy arr\u00f3l az ukr\u00e1n sajt\u00f3 is besz\u00e1molt, a magyar hat\u00f3s\u00e1gok m\u00e1rcius 5-\u00e9n \u0151rizetbe vettek h\u00e9t ukr\u00e1n \u00e1llampolg\u00e1rt, akik az osztr\u00e1k Raiffeisen Bankt\u00f3l sz\u00e1ll\u00edtottak k\u00e9szp\u00e9nzt \u00e9s aranyat az ukr\u00e1n \u00e1llami Oschadbanknak. A sz\u00e1ll\u00edtm\u00e1ny \u00e9rt\u00e9ke mintegy 40 milli\u00f3 amerikai doll\u00e1r, 35 milli\u00f3 eur\u00f3 \u00e9s 9 ... Olvass tov\u00e1bb\" \/>\n<meta property=\"og:url\" content=\"http:\/\/tuzfalcsoport.blog\/?p=337\" \/>\n<meta property=\"og:site_name\" content=\"T\u0171zfalcsoport\" \/>\n<meta property=\"article:published_time\" content=\"2026-03-10T14:23:08+00:00\" \/>\n<meta property=\"og:image\" content=\"http:\/\/tuzfalcsoport.blog\/wp-content\/uploads\/2026\/03\/IMG_5588-300x223.jpeg\" \/>\n<meta name=\"author\" content=\"T\u0171zfalcsoport\" \/>\n<meta name=\"twitter:card\" content=\"summary_large_image\" \/>\n<meta name=\"twitter:label1\" content=\"Szerz\u0151:\" \/>\n\t<meta name=\"twitter:data1\" content=\"T\u0171zfalcsoport\" \/>\n\t<meta name=\"twitter:label2\" content=\"Becs\u00fclt olvas\u00e1si id\u0151\" \/>\n\t<meta name=\"twitter:data2\" content=\"3 perc\" \/>\n<script type=\"application\/ld+json\" class=\"yoast-schema-graph\">{\"@context\":\"https:\/\/schema.org\",\"@graph\":[{\"@type\":\"Article\",\"@id\":\"http:\/\/tuzfalcsoport.blog\/?p=337#article\",\"isPartOf\":{\"@id\":\"http:\/\/tuzfalcsoport.blog\/?p=337\"},\"author\":{\"name\":\"T\u0171zfalcsoport\",\"@id\":\"http:\/\/tuzfalcsoport.blog\/#\/schema\/person\/0dbc8ce6fe1c972173556c4bea45d879\"},\"headline\":\"\ud83d\udcccEgy volt ukr\u00e1n \u00fcgy\u00e9sz szerint b\u0171ncselekm\u00e9ny \u00e1ll az aranykonvoj m\u00f6g\u00f6tt\",\"datePublished\":\"2026-03-10T14:23:08+00:00\",\"mainEntityOfPage\":{\"@id\":\"http:\/\/tuzfalcsoport.blog\/?p=337\"},\"wordCount\":641,\"commentCount\":0,\"publisher\":{\"@id\":\"http:\/\/tuzfalcsoport.blog\/#organization\"},\"image\":{\"@id\":\"http:\/\/tuzfalcsoport.blog\/?p=337#primaryimage\"},\"thumbnailUrl\":\"http:\/\/tuzfalcsoport.blog\/wp-content\/uploads\/2026\/03\/IMG_5588-300x223.jpeg\",\"articleSection\":[\"Uncategorized\"],\"inLanguage\":\"hu\",\"potentialAction\":[{\"@type\":\"CommentAction\",\"name\":\"Comment\",\"target\":[\"http:\/\/tuzfalcsoport.blog\/?p=337#respond\"]}]},{\"@type\":\"WebPage\",\"@id\":\"http:\/\/tuzfalcsoport.blog\/?p=337\",\"url\":\"http:\/\/tuzfalcsoport.blog\/?p=337\",\"name\":\"\ud83d\udcccEgy volt ukr\u00e1n \u00fcgy\u00e9sz szerint b\u0171ncselekm\u00e9ny \u00e1ll az aranykonvoj m\u00f6g\u00f6tt - T\u0171zfalcsoport\",\"isPartOf\":{\"@id\":\"http:\/\/tuzfalcsoport.blog\/#website\"},\"primaryImageOfPage\":{\"@id\":\"http:\/\/tuzfalcsoport.blog\/?p=337#primaryimage\"},\"image\":{\"@id\":\"http:\/\/tuzfalcsoport.blog\/?p=337#primaryimage\"},\"thumbnailUrl\":\"http:\/\/tuzfalcsoport.blog\/wp-content\/uploads\/2026\/03\/IMG_5588-300x223.jpeg\",\"datePublished\":\"2026-03-10T14:23:08+00:00\",\"breadcrumb\":{\"@id\":\"http:\/\/tuzfalcsoport.blog\/?p=337#breadcrumb\"},\"inLanguage\":\"hu\",\"potentialAction\":[{\"@type\":\"ReadAction\",\"target\":[\"http:\/\/tuzfalcsoport.blog\/?p=337\"]}]},{\"@type\":\"ImageObject\",\"inLanguage\":\"hu\",\"@id\":\"http:\/\/tuzfalcsoport.blog\/?p=337#primaryimage\",\"url\":\"http:\/\/tuzfalcsoport.blog\/wp-content\/uploads\/2026\/03\/IMG_5588.jpeg\",\"contentUrl\":\"http:\/\/tuzfalcsoport.blog\/wp-content\/uploads\/2026\/03\/IMG_5588.jpeg\",\"width\":682,\"height\":508},{\"@type\":\"BreadcrumbList\",\"@id\":\"http:\/\/tuzfalcsoport.blog\/?p=337#breadcrumb\",\"itemListElement\":[{\"@type\":\"ListItem\",\"position\":1,\"name\":\"Home\",\"item\":\"http:\/\/tuzfalcsoport.blog\/\"},{\"@type\":\"ListItem\",\"position\":2,\"name\":\"\ud83d\udcccEgy volt ukr\u00e1n \u00fcgy\u00e9sz szerint b\u0171ncselekm\u00e9ny \u00e1ll az aranykonvoj m\u00f6g\u00f6tt\"}]},{\"@type\":\"WebSite\",\"@id\":\"http:\/\/tuzfalcsoport.blog\/#website\",\"url\":\"http:\/\/tuzfalcsoport.blog\/\",\"name\":\"T\u0171zfalcsoport\",\"description\":\"\",\"publisher\":{\"@id\":\"http:\/\/tuzfalcsoport.blog\/#organization\"},\"potentialAction\":[{\"@type\":\"SearchAction\",\"target\":{\"@type\":\"EntryPoint\",\"urlTemplate\":\"http:\/\/tuzfalcsoport.blog\/?s={search_term_string}\"},\"query-input\":{\"@type\":\"PropertyValueSpecification\",\"valueRequired\":true,\"valueName\":\"search_term_string\"}}],\"inLanguage\":\"hu\"},{\"@type\":\"Organization\",\"@id\":\"http:\/\/tuzfalcsoport.blog\/#organization\",\"name\":\"T\u0171zfalcsoport\",\"url\":\"http:\/\/tuzfalcsoport.blog\/\",\"logo\":{\"@type\":\"ImageObject\",\"inLanguage\":\"hu\",\"@id\":\"http:\/\/tuzfalcsoport.blog\/#\/schema\/logo\/image\/\",\"url\":\"http:\/\/tuzfalcsoport.blog\/wp-content\/uploads\/2026\/01\/TCS_borito3-scaled.jpg\",\"contentUrl\":\"http:\/\/tuzfalcsoport.blog\/wp-content\/uploads\/2026\/01\/TCS_borito3-scaled.jpg\",\"width\":2560,\"height\":640,\"caption\":\"T\u0171zfalcsoport\"},\"image\":{\"@id\":\"http:\/\/tuzfalcsoport.blog\/#\/schema\/logo\/image\/\"}},{\"@type\":\"Person\",\"@id\":\"http:\/\/tuzfalcsoport.blog\/#\/schema\/person\/0dbc8ce6fe1c972173556c4bea45d879\",\"name\":\"T\u0171zfalcsoport\",\"image\":{\"@type\":\"ImageObject\",\"inLanguage\":\"hu\",\"@id\":\"http:\/\/tuzfalcsoport.blog\/#\/schema\/person\/image\/\",\"url\":\"https:\/\/secure.gravatar.com\/avatar\/6a89eb668c2a2380540f358d8a1dd366bd36bf902c70e9d4bbb8f5b85d9e363b?s=96&d=mm&r=g\",\"contentUrl\":\"https:\/\/secure.gravatar.com\/avatar\/6a89eb668c2a2380540f358d8a1dd366bd36bf902c70e9d4bbb8f5b85d9e363b?s=96&d=mm&r=g\",\"caption\":\"T\u0171zfalcsoport\"},\"sameAs\":[\"http:\/\/tuzfalcsoport.blog\"],\"url\":\"http:\/\/tuzfalcsoport.blog\/?author=1\"}]}<\/script>\n<!-- \/ Yoast SEO plugin. -->","yoast_head_json":{"title":"\ud83d\udcccEgy volt ukr\u00e1n \u00fcgy\u00e9sz szerint b\u0171ncselekm\u00e9ny \u00e1ll az aranykonvoj m\u00f6g\u00f6tt - T\u0171zfalcsoport","robots":{"index":"index","follow":"follow","max-snippet":"max-snippet:-1","max-image-preview":"max-image-preview:large","max-video-preview":"max-video-preview:-1"},"canonical":"http:\/\/tuzfalcsoport.blog\/?p=337","og_locale":"hu_HU","og_type":"article","og_title":"\ud83d\udcccEgy volt ukr\u00e1n \u00fcgy\u00e9sz szerint b\u0171ncselekm\u00e9ny \u00e1ll az aranykonvoj m\u00f6g\u00f6tt - T\u0171zfalcsoport","og_description":"\u26a0\ufe0fStanislav Bronevytskyi b\u00fcntet\u0151elj\u00e1r\u00e1st kezdem\u00e9nyezett p\u00e9nzmos\u00e1s alapos gyan\u00faja miatt a p\u00e9nzsz\u00e1ll\u00edt\u00f3 akci\u00f3 kapcs\u00e1n\u00a0 Ahogy arr\u00f3l az ukr\u00e1n sajt\u00f3 is besz\u00e1molt, a magyar hat\u00f3s\u00e1gok m\u00e1rcius 5-\u00e9n \u0151rizetbe vettek h\u00e9t ukr\u00e1n \u00e1llampolg\u00e1rt, akik az osztr\u00e1k Raiffeisen Bankt\u00f3l sz\u00e1ll\u00edtottak k\u00e9szp\u00e9nzt \u00e9s aranyat az ukr\u00e1n \u00e1llami Oschadbanknak. A sz\u00e1ll\u00edtm\u00e1ny \u00e9rt\u00e9ke mintegy 40 milli\u00f3 amerikai doll\u00e1r, 35 milli\u00f3 eur\u00f3 \u00e9s 9 ... Olvass tov\u00e1bb","og_url":"http:\/\/tuzfalcsoport.blog\/?p=337","og_site_name":"T\u0171zfalcsoport","article_published_time":"2026-03-10T14:23:08+00:00","og_image":[{"url":"http:\/\/tuzfalcsoport.blog\/wp-content\/uploads\/2026\/03\/IMG_5588-300x223.jpeg","type":"","width":"","height":""}],"author":"T\u0171zfalcsoport","twitter_card":"summary_large_image","twitter_misc":{"Szerz\u0151:":"T\u0171zfalcsoport","Becs\u00fclt olvas\u00e1si id\u0151":"3 perc"},"schema":{"@context":"https:\/\/schema.org","@graph":[{"@type":"Article","@id":"http:\/\/tuzfalcsoport.blog\/?p=337#article","isPartOf":{"@id":"http:\/\/tuzfalcsoport.blog\/?p=337"},"author":{"name":"T\u0171zfalcsoport","@id":"http:\/\/tuzfalcsoport.blog\/#\/schema\/person\/0dbc8ce6fe1c972173556c4bea45d879"},"headline":"\ud83d\udcccEgy volt ukr\u00e1n \u00fcgy\u00e9sz szerint b\u0171ncselekm\u00e9ny \u00e1ll az aranykonvoj m\u00f6g\u00f6tt","datePublished":"2026-03-10T14:23:08+00:00","mainEntityOfPage":{"@id":"http:\/\/tuzfalcsoport.blog\/?p=337"},"wordCount":641,"commentCount":0,"publisher":{"@id":"http:\/\/tuzfalcsoport.blog\/#organization"},"image":{"@id":"http:\/\/tuzfalcsoport.blog\/?p=337#primaryimage"},"thumbnailUrl":"http:\/\/tuzfalcsoport.blog\/wp-content\/uploads\/2026\/03\/IMG_5588-300x223.jpeg","articleSection":["Uncategorized"],"inLanguage":"hu","potentialAction":[{"@type":"CommentAction","name":"Comment","target":["http:\/\/tuzfalcsoport.blog\/?p=337#respond"]}]},{"@type":"WebPage","@id":"http:\/\/tuzfalcsoport.blog\/?p=337","url":"http:\/\/tuzfalcsoport.blog\/?p=337","name":"\ud83d\udcccEgy volt ukr\u00e1n \u00fcgy\u00e9sz szerint b\u0171ncselekm\u00e9ny \u00e1ll az aranykonvoj m\u00f6g\u00f6tt - T\u0171zfalcsoport","isPartOf":{"@id":"http:\/\/tuzfalcsoport.blog\/#website"},"primaryImageOfPage":{"@id":"http:\/\/tuzfalcsoport.blog\/?p=337#primaryimage"},"image":{"@id":"http:\/\/tuzfalcsoport.blog\/?p=337#primaryimage"},"thumbnailUrl":"http:\/\/tuzfalcsoport.blog\/wp-content\/uploads\/2026\/03\/IMG_5588-300x223.jpeg","datePublished":"2026-03-10T14:23:08+00:00","breadcrumb":{"@id":"http:\/\/tuzfalcsoport.blog\/?p=337#breadcrumb"},"inLanguage":"hu","potentialAction":[{"@type":"ReadAction","target":["http:\/\/tuzfalcsoport.blog\/?p=337"]}]},{"@type":"ImageObject","inLanguage":"hu","@id":"http:\/\/tuzfalcsoport.blog\/?p=337#primaryimage","url":"http:\/\/tuzfalcsoport.blog\/wp-content\/uploads\/2026\/03\/IMG_5588.jpeg","contentUrl":"http:\/\/tuzfalcsoport.blog\/wp-content\/uploads\/2026\/03\/IMG_5588.jpeg","width":682,"height":508},{"@type":"BreadcrumbList","@id":"http:\/\/tuzfalcsoport.blog\/?p=337#breadcrumb","itemListElement":[{"@type":"ListItem","position":1,"name":"Home","item":"http:\/\/tuzfalcsoport.blog\/"},{"@type":"ListItem","position":2,"name":"\ud83d\udcccEgy volt ukr\u00e1n \u00fcgy\u00e9sz szerint b\u0171ncselekm\u00e9ny \u00e1ll az aranykonvoj m\u00f6g\u00f6tt"}]},{"@type":"WebSite","@id":"http:\/\/tuzfalcsoport.blog\/#website","url":"http:\/\/tuzfalcsoport.blog\/","name":"T\u0171zfalcsoport","description":"","publisher":{"@id":"http:\/\/tuzfalcsoport.blog\/#organization"},"potentialAction":[{"@type":"SearchAction","target":{"@type":"EntryPoint","urlTemplate":"http:\/\/tuzfalcsoport.blog\/?s={search_term_string}"},"query-input":{"@type":"PropertyValueSpecification","valueRequired":true,"valueName":"search_term_string"}}],"inLanguage":"hu"},{"@type":"Organization","@id":"http:\/\/tuzfalcsoport.blog\/#organization","name":"T\u0171zfalcsoport","url":"http:\/\/tuzfalcsoport.blog\/","logo":{"@type":"ImageObject","inLanguage":"hu","@id":"http:\/\/tuzfalcsoport.blog\/#\/schema\/logo\/image\/","url":"http:\/\/tuzfalcsoport.blog\/wp-content\/uploads\/2026\/01\/TCS_borito3-scaled.jpg","contentUrl":"http:\/\/tuzfalcsoport.blog\/wp-content\/uploads\/2026\/01\/TCS_borito3-scaled.jpg","width":2560,"height":640,"caption":"T\u0171zfalcsoport"},"image":{"@id":"http:\/\/tuzfalcsoport.blog\/#\/schema\/logo\/image\/"}},{"@type":"Person","@id":"http:\/\/tuzfalcsoport.blog\/#\/schema\/person\/0dbc8ce6fe1c972173556c4bea45d879","name":"T\u0171zfalcsoport","image":{"@type":"ImageObject","inLanguage":"hu","@id":"http:\/\/tuzfalcsoport.blog\/#\/schema\/person\/image\/","url":"https:\/\/secure.gravatar.com\/avatar\/6a89eb668c2a2380540f358d8a1dd366bd36bf902c70e9d4bbb8f5b85d9e363b?s=96&d=mm&r=g","contentUrl":"https:\/\/secure.gravatar.com\/avatar\/6a89eb668c2a2380540f358d8a1dd366bd36bf902c70e9d4bbb8f5b85d9e363b?s=96&d=mm&r=g","caption":"T\u0171zfalcsoport"},"sameAs":["http:\/\/tuzfalcsoport.blog"],"url":"http:\/\/tuzfalcsoport.blog\/?author=1"}]}},"_links":{"self":[{"href":"http:\/\/tuzfalcsoport.blog\/index.php?rest_route=\/wp\/v2\/posts\/337","targetHints":{"allow":["GET"]}}],"collection":[{"href":"http:\/\/tuzfalcsoport.blog\/index.php?rest_route=\/wp\/v2\/posts"}],"about":[{"href":"http:\/\/tuzfalcsoport.blog\/index.php?rest_route=\/wp\/v2\/types\/post"}],"author":[{"embeddable":true,"href":"http:\/\/tuzfalcsoport.blog\/index.php?rest_route=\/wp\/v2\/users\/1"}],"replies":[{"embeddable":true,"href":"http:\/\/tuzfalcsoport.blog\/index.php?rest_route=%2Fwp%2Fv2%2Fcomments&post=337"}],"version-history":[{"count":1,"href":"http:\/\/tuzfalcsoport.blog\/index.php?rest_route=\/wp\/v2\/posts\/337\/revisions"}],"predecessor-version":[{"id":339,"href":"http:\/\/tuzfalcsoport.blog\/index.php?rest_route=\/wp\/v2\/posts\/337\/revisions\/339"}],"wp:attachment":[{"href":"http:\/\/tuzfalcsoport.blog\/index.php?rest_route=%2Fwp%2Fv2%2Fmedia&parent=337"}],"wp:term":[{"taxonomy":"category","embeddable":true,"href":"http:\/\/tuzfalcsoport.blog\/index.php?rest_route=%2Fwp%2Fv2%2Fcategories&post=337"},{"taxonomy":"post_tag","embeddable":true,"href":"http:\/\/tuzfalcsoport.blog\/index.php?rest_route=%2Fwp%2Fv2%2Ftags&post=337"}],"curies":[{"name":"wp","href":"https:\/\/api.w.org\/{rel}","templated":true}]}}