{"id":348,"date":"2026-03-12T09:22:11","date_gmt":"2026-03-12T08:22:11","guid":{"rendered":"http:\/\/tuzfalcsoport.blog\/?p=348"},"modified":"2026-03-12T09:22:51","modified_gmt":"2026-03-12T08:22:51","slug":"%f0%9f%93%8cha-a-valasztasok-utan-valaki-becsonget-hozzank-hogy-ehes-a-gyereke-az-elviheti-azt-amit-a-hutonkben-talal","status":"publish","type":"post","link":"http:\/\/tuzfalcsoport.blog\/?p=348","title":{"rendered":"\ud83d\udcccHa a v\u00e1laszt\u00e1sok ut\u00e1n valaki becs\u00f6nget hozz\u00e1nk, hogy \u00e9hes a gyereke, az elviheti azt, amit a h\u0171t\u0151nkben tal\u00e1l"},"content":{"rendered":"<p class=\"p3\"><span style=\"font-size: inherit;\">\u26a0\ufe0f A Tisza igazs\u00e1g\u00fcgyi programfelel\u0151se egy hajmereszt\u0151 p\u00e9ld\u00e1val demonstr\u00e1lja, mi v\u00e1rhat r\u00e1nk, ha Tisza P\u00e1rt ker\u00fclne hatalomra.<\/span><\/p>\n<p class=\"p3\"><span class=\"s2\">A kiugrott b\u00edr\u00f3, Lacz\u00f3 Adrienn neve nem ismeretlen a honi k\u00f6zv\u00e9lem\u00e9ny el\u0151tt, nemr\u00e9g <a href=\"https:\/\/mandiner.hu\/belfold\/2026\/03\/kiderult-a-tiszas-laczo-adrienn-vedi-az-ukran-aranykonvojt\">kider\u00fclt<\/a>, hogy<\/span> <span class=\"s2\">\u00fcgyv\u00e9dk\u00e9nt \u0151 v\u00e9di az ukr\u00e1n aranykonvojt,<\/span> <span class=\"s2\">illetve, hogy<\/span> <span class=\"s2\">az ukr\u00e1n Takar\u00e9kbank k\u00e9pviselet\u00e9t ell\u00e1t\u00f3 Horv\u00e1th \u00dcgyv\u00e9di Iroda irod\u00e1n\u00e1l dolgozik. Az irodavezet\u0151 \u00fcgyv\u00e9d az a Horv\u00e1th L\u00f3r\u00e1nt, aki Gyurcs\u00e1ny-f\u00e9le AM\u0150BA egykori f\u0151kur\u00e1tora. Horv\u00e1th L\u00f3r\u00e1nt az Alap\u00edtv\u00e1ny a Modern Baloldal\u00e9rt nev\u0171 szervezet kurat\u00f3riumi eln\u00f6ki tisztj\u00e9r\u0151l az ut\u00e1n t\u00e1vozott, miut\u00e1n a megfogalmaz\u00e1sa szerint \u201enem kapott seg\u00edts\u00e9get ahhoz, hogy az alap\u00edtv\u00e1ny tartoz\u00e1sait rendezni tudja&#8221;. A korabeli sajt\u00f3h\u00edrek szerint a szervezet sz\u00e1zmilli\u00f3s ad\u00f3ss\u00e1got <a href=\"https:\/\/www.origo.hu\/itthon\/2021\/02\/kreko-petert-gyurcsany-egykori-halozatszervezoje-vedi\">halmozhatott fel<\/a>.<\/span><\/p>\n<p class=\"p3\"><span class=\"s2\">A balj\u00f3s hangz\u00e1s\u00fa Felforgat\u00f3k\u00f6nyv egyik szerz\u0151jek\u00e9nt Lacz\u00f3 &#8211; Fleck Zolt\u00e1n h\u00edrhedt jogszociol\u00f3gus mellett &#8211; a jog\u00e1llami igazs\u00e1gszolg\u00e1ltat\u00e1s fejezetet jegyzi. Az ehhez kapcsol\u00f3d\u00f3 vide\u00f3s bejegyz\u00e9s\u00e9ben arr\u00f3l besz\u00e9l, hogy ahhoz, hogy helyre\u00e1ll\u00edthat\u00f3 legyen a b\u00edr\u00f3i f\u00fcggetlens\u00e9g, ahhoz, hogy lev\u00e1laszthat\u00f3 legyen az igazgat\u00e1sr\u00f3l, ahhoz, hogy ne \u00e9rhesse politikai befoly\u00e1s a b\u00edr\u00f3i d\u00f6nt\u00e9seket, alapvet\u0151 v\u00e1ltoz\u00e1sra van sz\u00fcks\u00e9g. A Felforgat\u00f3k\u00f6nyv szerinte ehhez ad &#8222;\u00f6tleteket&#8221;.<\/span><\/p>\n<p class=\"p3\"><span class=\"s2\">Ahhoz, hogy megismerj\u00fck a jog\u00e1llami igazs\u00e1gszolg\u00e1ltat\u00e1s tisz\u00e1s program\u00edr\u00f3j\u00e1nak gondolkod\u00e1sm\u00f3dj\u00e1t, seg\u00edts\u00e9g\u00fcnkre van egy m\u00e1sik vide\u00f3ban elhangzott nyilatkozata, amely sokat el\u00e1rul Lacz\u00f3 jogszeml\u00e9let\u00e9r\u0151l. Az, hogy ez a jogfelfog\u00e1s a Tisza p\u00e1rt programj\u00e1nak vagy a j\u00f6v\u0151beli b\u00edr\u00f3i gyakorlatra vonatkoz\u00f3 aj\u00e1nl\u00e1soknak a r\u00e9sze lesz-e, nem tudjuk, de az al\u00e1bbi Lacz\u00f3-doktr\u00edna meglehet\u0151sen dr\u00e1mai k\u00e9pet fest a a tisz\u00e1s f\u0151jog\u00e1sz jogi ismereteir\u0151l \u00e9s jogbiztons\u00e1ghoz val\u00f3 viszony\u00e1r\u00f3l.<\/span><\/p>\n<p class=\"p3\"><span class=\"s2\">&#8222;Egy\u00e9bk\u00e9nt nem elk\u00e9pzelhetetlen &#8211; fejtegeti Lacz\u00f3 Adrienn &#8211; hogyha a tulajdonhoz val\u00f3 jogot megel\u0151zi a gyereknek az eg\u00e9szs\u00e9ges testi fejl\u0151d\u00e9shez val\u00f3 joga, akkor ha valaki becs\u00f6nget hozz\u00e1m, hogy <\/span><\/p>\n<p class=\"p3\"><span style=\"color: #ff0000;\"><strong><span class=\"s2\">\u00e9hes a <\/span><span class=\"s2\">gyerek, akkor elviheti, amit a h\u0171t\u0151ben tal\u00e1l.<\/span><\/strong><\/span><\/p>\n<p class=\"p3\"><span class=\"s2\">Szakmailag enn\u00e9l is megh\u00f6kkent\u0151bb, hogy Lacz\u00f3 \u00f6sszekeveri a gyermekelhelyez\u00e9si vagy lak\u00e1shaszn\u00e1lati perekben a tulajdonos jog\u00e1t korl\u00e1toz\u00f3<\/span> <span class=\"s2\">gyermekv\u00e9delmi int\u00e9zked\u00e9seket, azzal, ha teljesen idegenekkel szemben k\u00edv\u00e1nja valaki a saj\u00e1t gyereke jog\u00e1t &#8211; nem eg\u00e9szs\u00e9g\u00fcgyi v\u00e9szhelyzetben &#8211; m\u00e1sok tulajdonjoga f\u00f6l\u00e9 helyezni.<\/span><\/p>\n<p>&nbsp;<\/p>\n<p><iframe loading=\"lazy\" title=\"\ud83d\udcccHa valaki becs\u00f6nget hozz\u00e1nk, hogy \u00e9hes a gyereke, annak k\u00f6telesek lesz\u00fcnk adni \u00e9telt a h\u0171t\u0151nkb\u0151l?\" width=\"563\" height=\"1000\" src=\"https:\/\/www.youtube.com\/embed\/BeJC4IbZ9G4?feature=oembed\" frameborder=\"0\" allow=\"accelerometer; autoplay; clipboard-write; encrypted-media; gyroscope; picture-in-picture; web-share\" referrerpolicy=\"strict-origin-when-cross-origin\" allowfullscreen><\/iframe><\/p>\n<p class=\"p3\"><span class=\"s2\">Ez olyan vesz\u00e9lyes ir\u00e1ny, amely a modern jog\u00e1llamis\u00e1gi elvekkel teljesen \u00f6sszeegyeztethetetlen, de az\u00e9rt nem lep\u0151d\u00fcnk meg, mert kor\u00e1bban Fleck Zolt\u00e1n is arr\u00f3l <a href=\"https:\/\/magyarnemzet.hu\/belfold\/2024\/01\/ujra-elszolta-magat-a-baloldali-jogtudos-hogyan-kepzeli-a-jogallam-helyreallitasat-video-donald-tusk-fleck-zoltan-lengyelorszag-europai-unio\">besz\u00e9lt<\/a>, hogy egy esetleges ellenz\u00e9ki gy\u0151zelem eset\u00e9n &#8222;id\u0151legesen le kell mondani a jog\u00e1llam tiszta \u00e9rv\u00e9nyes\u00fcl\u00e9s\u00e9r\u0151l.&#8221;<\/span><\/p>\n<p><img loading=\"lazy\" decoding=\"async\" class=\"alignnone size-medium wp-image-350\" src=\"http:\/\/tuzfalcsoport.blog\/wp-content\/uploads\/2026\/03\/IMG_5624-300x169.jpeg\" alt=\"\" width=\"300\" height=\"169\" srcset=\"http:\/\/tuzfalcsoport.blog\/wp-content\/uploads\/2026\/03\/IMG_5624-300x169.jpeg 300w, http:\/\/tuzfalcsoport.blog\/wp-content\/uploads\/2026\/03\/IMG_5624-1024x576.jpeg 1024w, http:\/\/tuzfalcsoport.blog\/wp-content\/uploads\/2026\/03\/IMG_5624-768x432.jpeg 768w, http:\/\/tuzfalcsoport.blog\/wp-content\/uploads\/2026\/03\/IMG_5624.jpeg 1347w\" sizes=\"auto, (max-width: 300px) 100vw, 300px\" \/><\/p>\n","protected":false},"excerpt":{"rendered":"<p>\u26a0\ufe0f A Tisza igazs\u00e1g\u00fcgyi programfelel\u0151se egy hajmereszt\u0151 p\u00e9ld\u00e1val demonstr\u00e1lja, mi v\u00e1rhat r\u00e1nk, ha Tisza P\u00e1rt ker\u00fclne hatalomra. A kiugrott b\u00edr\u00f3, Lacz\u00f3 Adrienn neve nem ismeretlen a honi k\u00f6zv\u00e9lem\u00e9ny el\u0151tt, nemr\u00e9g kider\u00fclt, hogy \u00fcgyv\u00e9dk\u00e9nt \u0151 v\u00e9di az ukr\u00e1n aranykonvojt, illetve, hogy az ukr\u00e1n Takar\u00e9kbank k\u00e9pviselet\u00e9t ell\u00e1t\u00f3 Horv\u00e1th \u00dcgyv\u00e9di Iroda irod\u00e1n\u00e1l dolgozik. Az irodavezet\u0151 \u00fcgyv\u00e9d az a &#8230; <a title=\"\ud83d\udcccHa a v\u00e1laszt\u00e1sok ut\u00e1n valaki becs\u00f6nget hozz\u00e1nk, hogy \u00e9hes a gyereke, az elviheti azt, amit a h\u0171t\u0151nkben tal\u00e1l\" class=\"read-more\" href=\"http:\/\/tuzfalcsoport.blog\/?p=348\" aria-label=\"Read more about \ud83d\udcccHa a v\u00e1laszt\u00e1sok ut\u00e1n valaki becs\u00f6nget hozz\u00e1nk, hogy \u00e9hes a gyereke, az elviheti azt, amit a h\u0171t\u0151nkben tal\u00e1l\">Olvass tov\u00e1bb<\/a><\/p>\n","protected":false},"author":1,"featured_media":0,"comment_status":"open","ping_status":"open","sticky":false,"template":"","format":"standard","meta":{"footnotes":""},"categories":[1],"tags":[],"class_list":["post-348","post","type-post","status-publish","format-standard","hentry","category-uncategorized"],"yoast_head":"<!-- This site is optimized with the Yoast SEO plugin v26.7 - https:\/\/yoast.com\/wordpress\/plugins\/seo\/ -->\n<title>\ud83d\udcccHa a v\u00e1laszt\u00e1sok ut\u00e1n valaki becs\u00f6nget hozz\u00e1nk, hogy \u00e9hes a gyereke, az elviheti azt, amit a h\u0171t\u0151nkben tal\u00e1l - T\u0171zfalcsoport<\/title>\n<meta name=\"robots\" content=\"index, follow, max-snippet:-1, max-image-preview:large, max-video-preview:-1\" \/>\n<link rel=\"canonical\" href=\"http:\/\/tuzfalcsoport.blog\/?p=348\" \/>\n<meta property=\"og:locale\" content=\"hu_HU\" \/>\n<meta property=\"og:type\" content=\"article\" \/>\n<meta property=\"og:title\" content=\"\ud83d\udcccHa a v\u00e1laszt\u00e1sok ut\u00e1n valaki becs\u00f6nget hozz\u00e1nk, hogy \u00e9hes a gyereke, az elviheti azt, amit a h\u0171t\u0151nkben tal\u00e1l - T\u0171zfalcsoport\" \/>\n<meta property=\"og:description\" content=\"\u26a0\ufe0f A Tisza igazs\u00e1g\u00fcgyi programfelel\u0151se egy hajmereszt\u0151 p\u00e9ld\u00e1val demonstr\u00e1lja, mi v\u00e1rhat r\u00e1nk, ha Tisza P\u00e1rt ker\u00fclne hatalomra. A kiugrott b\u00edr\u00f3, Lacz\u00f3 Adrienn neve nem ismeretlen a honi k\u00f6zv\u00e9lem\u00e9ny el\u0151tt, nemr\u00e9g kider\u00fclt, hogy \u00fcgyv\u00e9dk\u00e9nt \u0151 v\u00e9di az ukr\u00e1n aranykonvojt, illetve, hogy az ukr\u00e1n Takar\u00e9kbank k\u00e9pviselet\u00e9t ell\u00e1t\u00f3 Horv\u00e1th \u00dcgyv\u00e9di Iroda irod\u00e1n\u00e1l dolgozik. Az irodavezet\u0151 \u00fcgyv\u00e9d az a ... Olvass tov\u00e1bb\" \/>\n<meta property=\"og:url\" content=\"http:\/\/tuzfalcsoport.blog\/?p=348\" \/>\n<meta property=\"og:site_name\" content=\"T\u0171zfalcsoport\" \/>\n<meta property=\"article:published_time\" content=\"2026-03-12T08:22:11+00:00\" \/>\n<meta property=\"article:modified_time\" content=\"2026-03-12T08:22:51+00:00\" \/>\n<meta property=\"og:image\" content=\"http:\/\/tuzfalcsoport.blog\/wp-content\/uploads\/2026\/03\/IMG_5624-300x169.jpeg\" \/>\n<meta name=\"author\" content=\"T\u0171zfalcsoport\" \/>\n<meta name=\"twitter:card\" content=\"summary_large_image\" \/>\n<meta name=\"twitter:label1\" content=\"Szerz\u0151:\" \/>\n\t<meta name=\"twitter:data1\" content=\"T\u0171zfalcsoport\" \/>\n\t<meta name=\"twitter:label2\" content=\"Becs\u00fclt olvas\u00e1si id\u0151\" \/>\n\t<meta name=\"twitter:data2\" content=\"2 perc\" \/>\n<script type=\"application\/ld+json\" class=\"yoast-schema-graph\">{\"@context\":\"https:\/\/schema.org\",\"@graph\":[{\"@type\":\"Article\",\"@id\":\"http:\/\/tuzfalcsoport.blog\/?p=348#article\",\"isPartOf\":{\"@id\":\"http:\/\/tuzfalcsoport.blog\/?p=348\"},\"author\":{\"name\":\"T\u0171zfalcsoport\",\"@id\":\"http:\/\/tuzfalcsoport.blog\/#\/schema\/person\/0dbc8ce6fe1c972173556c4bea45d879\"},\"headline\":\"\ud83d\udcccHa a v\u00e1laszt\u00e1sok ut\u00e1n valaki becs\u00f6nget hozz\u00e1nk, hogy \u00e9hes a gyereke, az elviheti azt, amit a h\u0171t\u0151nkben tal\u00e1l\",\"datePublished\":\"2026-03-12T08:22:11+00:00\",\"dateModified\":\"2026-03-12T08:22:51+00:00\",\"mainEntityOfPage\":{\"@id\":\"http:\/\/tuzfalcsoport.blog\/?p=348\"},\"wordCount\":572,\"commentCount\":0,\"publisher\":{\"@id\":\"http:\/\/tuzfalcsoport.blog\/#organization\"},\"image\":{\"@id\":\"http:\/\/tuzfalcsoport.blog\/?p=348#primaryimage\"},\"thumbnailUrl\":\"http:\/\/tuzfalcsoport.blog\/wp-content\/uploads\/2026\/03\/IMG_5624-300x169.jpeg\",\"articleSection\":[\"Uncategorized\"],\"inLanguage\":\"hu\",\"potentialAction\":[{\"@type\":\"CommentAction\",\"name\":\"Comment\",\"target\":[\"http:\/\/tuzfalcsoport.blog\/?p=348#respond\"]}]},{\"@type\":\"WebPage\",\"@id\":\"http:\/\/tuzfalcsoport.blog\/?p=348\",\"url\":\"http:\/\/tuzfalcsoport.blog\/?p=348\",\"name\":\"\ud83d\udcccHa a v\u00e1laszt\u00e1sok ut\u00e1n valaki becs\u00f6nget hozz\u00e1nk, hogy \u00e9hes a gyereke, az elviheti azt, amit a h\u0171t\u0151nkben tal\u00e1l - T\u0171zfalcsoport\",\"isPartOf\":{\"@id\":\"http:\/\/tuzfalcsoport.blog\/#website\"},\"primaryImageOfPage\":{\"@id\":\"http:\/\/tuzfalcsoport.blog\/?p=348#primaryimage\"},\"image\":{\"@id\":\"http:\/\/tuzfalcsoport.blog\/?p=348#primaryimage\"},\"thumbnailUrl\":\"http:\/\/tuzfalcsoport.blog\/wp-content\/uploads\/2026\/03\/IMG_5624-300x169.jpeg\",\"datePublished\":\"2026-03-12T08:22:11+00:00\",\"dateModified\":\"2026-03-12T08:22:51+00:00\",\"breadcrumb\":{\"@id\":\"http:\/\/tuzfalcsoport.blog\/?p=348#breadcrumb\"},\"inLanguage\":\"hu\",\"potentialAction\":[{\"@type\":\"ReadAction\",\"target\":[\"http:\/\/tuzfalcsoport.blog\/?p=348\"]}]},{\"@type\":\"ImageObject\",\"inLanguage\":\"hu\",\"@id\":\"http:\/\/tuzfalcsoport.blog\/?p=348#primaryimage\",\"url\":\"http:\/\/tuzfalcsoport.blog\/wp-content\/uploads\/2026\/03\/IMG_5624.jpeg\",\"contentUrl\":\"http:\/\/tuzfalcsoport.blog\/wp-content\/uploads\/2026\/03\/IMG_5624.jpeg\",\"width\":1347,\"height\":758},{\"@type\":\"BreadcrumbList\",\"@id\":\"http:\/\/tuzfalcsoport.blog\/?p=348#breadcrumb\",\"itemListElement\":[{\"@type\":\"ListItem\",\"position\":1,\"name\":\"Home\",\"item\":\"http:\/\/tuzfalcsoport.blog\/\"},{\"@type\":\"ListItem\",\"position\":2,\"name\":\"\ud83d\udcccHa a v\u00e1laszt\u00e1sok ut\u00e1n valaki becs\u00f6nget hozz\u00e1nk, hogy \u00e9hes a gyereke, az elviheti azt, amit a h\u0171t\u0151nkben tal\u00e1l\"}]},{\"@type\":\"WebSite\",\"@id\":\"http:\/\/tuzfalcsoport.blog\/#website\",\"url\":\"http:\/\/tuzfalcsoport.blog\/\",\"name\":\"T\u0171zfalcsoport\",\"description\":\"\",\"publisher\":{\"@id\":\"http:\/\/tuzfalcsoport.blog\/#organization\"},\"potentialAction\":[{\"@type\":\"SearchAction\",\"target\":{\"@type\":\"EntryPoint\",\"urlTemplate\":\"http:\/\/tuzfalcsoport.blog\/?s={search_term_string}\"},\"query-input\":{\"@type\":\"PropertyValueSpecification\",\"valueRequired\":true,\"valueName\":\"search_term_string\"}}],\"inLanguage\":\"hu\"},{\"@type\":\"Organization\",\"@id\":\"http:\/\/tuzfalcsoport.blog\/#organization\",\"name\":\"T\u0171zfalcsoport\",\"url\":\"http:\/\/tuzfalcsoport.blog\/\",\"logo\":{\"@type\":\"ImageObject\",\"inLanguage\":\"hu\",\"@id\":\"http:\/\/tuzfalcsoport.blog\/#\/schema\/logo\/image\/\",\"url\":\"http:\/\/tuzfalcsoport.blog\/wp-content\/uploads\/2026\/01\/TCS_borito3-scaled.jpg\",\"contentUrl\":\"http:\/\/tuzfalcsoport.blog\/wp-content\/uploads\/2026\/01\/TCS_borito3-scaled.jpg\",\"width\":2560,\"height\":640,\"caption\":\"T\u0171zfalcsoport\"},\"image\":{\"@id\":\"http:\/\/tuzfalcsoport.blog\/#\/schema\/logo\/image\/\"}},{\"@type\":\"Person\",\"@id\":\"http:\/\/tuzfalcsoport.blog\/#\/schema\/person\/0dbc8ce6fe1c972173556c4bea45d879\",\"name\":\"T\u0171zfalcsoport\",\"image\":{\"@type\":\"ImageObject\",\"inLanguage\":\"hu\",\"@id\":\"http:\/\/tuzfalcsoport.blog\/#\/schema\/person\/image\/\",\"url\":\"https:\/\/secure.gravatar.com\/avatar\/6a89eb668c2a2380540f358d8a1dd366bd36bf902c70e9d4bbb8f5b85d9e363b?s=96&d=mm&r=g\",\"contentUrl\":\"https:\/\/secure.gravatar.com\/avatar\/6a89eb668c2a2380540f358d8a1dd366bd36bf902c70e9d4bbb8f5b85d9e363b?s=96&d=mm&r=g\",\"caption\":\"T\u0171zfalcsoport\"},\"sameAs\":[\"http:\/\/tuzfalcsoport.blog\"],\"url\":\"http:\/\/tuzfalcsoport.blog\/?author=1\"}]}<\/script>\n<!-- \/ Yoast SEO plugin. -->","yoast_head_json":{"title":"\ud83d\udcccHa a v\u00e1laszt\u00e1sok ut\u00e1n valaki becs\u00f6nget hozz\u00e1nk, hogy \u00e9hes a gyereke, az elviheti azt, amit a h\u0171t\u0151nkben tal\u00e1l - T\u0171zfalcsoport","robots":{"index":"index","follow":"follow","max-snippet":"max-snippet:-1","max-image-preview":"max-image-preview:large","max-video-preview":"max-video-preview:-1"},"canonical":"http:\/\/tuzfalcsoport.blog\/?p=348","og_locale":"hu_HU","og_type":"article","og_title":"\ud83d\udcccHa a v\u00e1laszt\u00e1sok ut\u00e1n valaki becs\u00f6nget hozz\u00e1nk, hogy \u00e9hes a gyereke, az elviheti azt, amit a h\u0171t\u0151nkben tal\u00e1l - T\u0171zfalcsoport","og_description":"\u26a0\ufe0f A Tisza igazs\u00e1g\u00fcgyi programfelel\u0151se egy hajmereszt\u0151 p\u00e9ld\u00e1val demonstr\u00e1lja, mi v\u00e1rhat r\u00e1nk, ha Tisza P\u00e1rt ker\u00fclne hatalomra. A kiugrott b\u00edr\u00f3, Lacz\u00f3 Adrienn neve nem ismeretlen a honi k\u00f6zv\u00e9lem\u00e9ny el\u0151tt, nemr\u00e9g kider\u00fclt, hogy \u00fcgyv\u00e9dk\u00e9nt \u0151 v\u00e9di az ukr\u00e1n aranykonvojt, illetve, hogy az ukr\u00e1n Takar\u00e9kbank k\u00e9pviselet\u00e9t ell\u00e1t\u00f3 Horv\u00e1th \u00dcgyv\u00e9di Iroda irod\u00e1n\u00e1l dolgozik. Az irodavezet\u0151 \u00fcgyv\u00e9d az a ... Olvass tov\u00e1bb","og_url":"http:\/\/tuzfalcsoport.blog\/?p=348","og_site_name":"T\u0171zfalcsoport","article_published_time":"2026-03-12T08:22:11+00:00","article_modified_time":"2026-03-12T08:22:51+00:00","og_image":[{"url":"http:\/\/tuzfalcsoport.blog\/wp-content\/uploads\/2026\/03\/IMG_5624-300x169.jpeg","type":"","width":"","height":""}],"author":"T\u0171zfalcsoport","twitter_card":"summary_large_image","twitter_misc":{"Szerz\u0151:":"T\u0171zfalcsoport","Becs\u00fclt olvas\u00e1si id\u0151":"2 perc"},"schema":{"@context":"https:\/\/schema.org","@graph":[{"@type":"Article","@id":"http:\/\/tuzfalcsoport.blog\/?p=348#article","isPartOf":{"@id":"http:\/\/tuzfalcsoport.blog\/?p=348"},"author":{"name":"T\u0171zfalcsoport","@id":"http:\/\/tuzfalcsoport.blog\/#\/schema\/person\/0dbc8ce6fe1c972173556c4bea45d879"},"headline":"\ud83d\udcccHa a v\u00e1laszt\u00e1sok ut\u00e1n valaki becs\u00f6nget hozz\u00e1nk, hogy \u00e9hes a gyereke, az elviheti azt, amit a h\u0171t\u0151nkben tal\u00e1l","datePublished":"2026-03-12T08:22:11+00:00","dateModified":"2026-03-12T08:22:51+00:00","mainEntityOfPage":{"@id":"http:\/\/tuzfalcsoport.blog\/?p=348"},"wordCount":572,"commentCount":0,"publisher":{"@id":"http:\/\/tuzfalcsoport.blog\/#organization"},"image":{"@id":"http:\/\/tuzfalcsoport.blog\/?p=348#primaryimage"},"thumbnailUrl":"http:\/\/tuzfalcsoport.blog\/wp-content\/uploads\/2026\/03\/IMG_5624-300x169.jpeg","articleSection":["Uncategorized"],"inLanguage":"hu","potentialAction":[{"@type":"CommentAction","name":"Comment","target":["http:\/\/tuzfalcsoport.blog\/?p=348#respond"]}]},{"@type":"WebPage","@id":"http:\/\/tuzfalcsoport.blog\/?p=348","url":"http:\/\/tuzfalcsoport.blog\/?p=348","name":"\ud83d\udcccHa a v\u00e1laszt\u00e1sok ut\u00e1n valaki becs\u00f6nget hozz\u00e1nk, hogy \u00e9hes a gyereke, az elviheti azt, amit a h\u0171t\u0151nkben tal\u00e1l - T\u0171zfalcsoport","isPartOf":{"@id":"http:\/\/tuzfalcsoport.blog\/#website"},"primaryImageOfPage":{"@id":"http:\/\/tuzfalcsoport.blog\/?p=348#primaryimage"},"image":{"@id":"http:\/\/tuzfalcsoport.blog\/?p=348#primaryimage"},"thumbnailUrl":"http:\/\/tuzfalcsoport.blog\/wp-content\/uploads\/2026\/03\/IMG_5624-300x169.jpeg","datePublished":"2026-03-12T08:22:11+00:00","dateModified":"2026-03-12T08:22:51+00:00","breadcrumb":{"@id":"http:\/\/tuzfalcsoport.blog\/?p=348#breadcrumb"},"inLanguage":"hu","potentialAction":[{"@type":"ReadAction","target":["http:\/\/tuzfalcsoport.blog\/?p=348"]}]},{"@type":"ImageObject","inLanguage":"hu","@id":"http:\/\/tuzfalcsoport.blog\/?p=348#primaryimage","url":"http:\/\/tuzfalcsoport.blog\/wp-content\/uploads\/2026\/03\/IMG_5624.jpeg","contentUrl":"http:\/\/tuzfalcsoport.blog\/wp-content\/uploads\/2026\/03\/IMG_5624.jpeg","width":1347,"height":758},{"@type":"BreadcrumbList","@id":"http:\/\/tuzfalcsoport.blog\/?p=348#breadcrumb","itemListElement":[{"@type":"ListItem","position":1,"name":"Home","item":"http:\/\/tuzfalcsoport.blog\/"},{"@type":"ListItem","position":2,"name":"\ud83d\udcccHa a v\u00e1laszt\u00e1sok ut\u00e1n valaki becs\u00f6nget hozz\u00e1nk, hogy \u00e9hes a gyereke, az elviheti azt, amit a h\u0171t\u0151nkben tal\u00e1l"}]},{"@type":"WebSite","@id":"http:\/\/tuzfalcsoport.blog\/#website","url":"http:\/\/tuzfalcsoport.blog\/","name":"T\u0171zfalcsoport","description":"","publisher":{"@id":"http:\/\/tuzfalcsoport.blog\/#organization"},"potentialAction":[{"@type":"SearchAction","target":{"@type":"EntryPoint","urlTemplate":"http:\/\/tuzfalcsoport.blog\/?s={search_term_string}"},"query-input":{"@type":"PropertyValueSpecification","valueRequired":true,"valueName":"search_term_string"}}],"inLanguage":"hu"},{"@type":"Organization","@id":"http:\/\/tuzfalcsoport.blog\/#organization","name":"T\u0171zfalcsoport","url":"http:\/\/tuzfalcsoport.blog\/","logo":{"@type":"ImageObject","inLanguage":"hu","@id":"http:\/\/tuzfalcsoport.blog\/#\/schema\/logo\/image\/","url":"http:\/\/tuzfalcsoport.blog\/wp-content\/uploads\/2026\/01\/TCS_borito3-scaled.jpg","contentUrl":"http:\/\/tuzfalcsoport.blog\/wp-content\/uploads\/2026\/01\/TCS_borito3-scaled.jpg","width":2560,"height":640,"caption":"T\u0171zfalcsoport"},"image":{"@id":"http:\/\/tuzfalcsoport.blog\/#\/schema\/logo\/image\/"}},{"@type":"Person","@id":"http:\/\/tuzfalcsoport.blog\/#\/schema\/person\/0dbc8ce6fe1c972173556c4bea45d879","name":"T\u0171zfalcsoport","image":{"@type":"ImageObject","inLanguage":"hu","@id":"http:\/\/tuzfalcsoport.blog\/#\/schema\/person\/image\/","url":"https:\/\/secure.gravatar.com\/avatar\/6a89eb668c2a2380540f358d8a1dd366bd36bf902c70e9d4bbb8f5b85d9e363b?s=96&d=mm&r=g","contentUrl":"https:\/\/secure.gravatar.com\/avatar\/6a89eb668c2a2380540f358d8a1dd366bd36bf902c70e9d4bbb8f5b85d9e363b?s=96&d=mm&r=g","caption":"T\u0171zfalcsoport"},"sameAs":["http:\/\/tuzfalcsoport.blog"],"url":"http:\/\/tuzfalcsoport.blog\/?author=1"}]}},"_links":{"self":[{"href":"http:\/\/tuzfalcsoport.blog\/index.php?rest_route=\/wp\/v2\/posts\/348","targetHints":{"allow":["GET"]}}],"collection":[{"href":"http:\/\/tuzfalcsoport.blog\/index.php?rest_route=\/wp\/v2\/posts"}],"about":[{"href":"http:\/\/tuzfalcsoport.blog\/index.php?rest_route=\/wp\/v2\/types\/post"}],"author":[{"embeddable":true,"href":"http:\/\/tuzfalcsoport.blog\/index.php?rest_route=\/wp\/v2\/users\/1"}],"replies":[{"embeddable":true,"href":"http:\/\/tuzfalcsoport.blog\/index.php?rest_route=%2Fwp%2Fv2%2Fcomments&post=348"}],"version-history":[{"count":2,"href":"http:\/\/tuzfalcsoport.blog\/index.php?rest_route=\/wp\/v2\/posts\/348\/revisions"}],"predecessor-version":[{"id":351,"href":"http:\/\/tuzfalcsoport.blog\/index.php?rest_route=\/wp\/v2\/posts\/348\/revisions\/351"}],"wp:attachment":[{"href":"http:\/\/tuzfalcsoport.blog\/index.php?rest_route=%2Fwp%2Fv2%2Fmedia&parent=348"}],"wp:term":[{"taxonomy":"category","embeddable":true,"href":"http:\/\/tuzfalcsoport.blog\/index.php?rest_route=%2Fwp%2Fv2%2Fcategories&post=348"},{"taxonomy":"post_tag","embeddable":true,"href":"http:\/\/tuzfalcsoport.blog\/index.php?rest_route=%2Fwp%2Fv2%2Ftags&post=348"}],"curies":[{"name":"wp","href":"https:\/\/api.w.org\/{rel}","templated":true}]}}