{"id":353,"date":"2026-03-12T18:01:50","date_gmt":"2026-03-12T17:01:50","guid":{"rendered":"http:\/\/tuzfalcsoport.blog\/?p=353"},"modified":"2026-03-12T18:01:50","modified_gmt":"2026-03-12T17:01:50","slug":"%f0%9f%93%8cmagas-rangu-ukran-titkosszolgalati-tiszt-szallt-be-a-magyar-valasztasokba-tisza-oldalan","status":"publish","type":"post","link":"http:\/\/tuzfalcsoport.blog\/?p=353","title":{"rendered":"\ud83d\udcccMagas rang\u00fa ukr\u00e1n titkosszolg\u00e1lati tiszt     sz\u00e1llt be a magyar v\u00e1laszt\u00e1sokba Tisza oldal\u00e1n"},"content":{"rendered":"<p class=\"p2\"><span style=\"font-size: inherit;\">\u26a0\ufe0fViktor Jagun szerint Orb\u00e1n Viktor a politikai t\u00fal\u00e9l\u00e9s\u00e9rt k\u00fczd.<\/span><\/p>\n<p class=\"p2\"><span class=\"s2\">Az Ukr\u00e1n Biztons\u00e1gi Szolg\u00e1lat (SZBU)Ukrajna f\u0151 nemzetbiztons\u00e1gi szerve, amelynek tavalyig eln\u00f6khelyettese volt az a Viktor Jagun, aki n\u00e9h\u00e1ny \u00f3r\u00e1ja ny\u00edltan b\u00edr\u00e1lta a k\u00f6z\u00f6ss\u00e9gi m\u00e9di\u00e1ban a magyar korm\u00e1nyf\u0151t \u00e9s a Fideszt.<\/span><\/p>\n<p class=\"p2\"><span class=\"s2\">Szerinte magyar korm\u00e1nyf\u0151 ma nem k\u00fclpolitik\u00e1t folytat, hanem a t\u00fal\u00e9l\u00e9s\u00e9rt folytatott v\u00e1laszt\u00e1si kamp\u00e1nyt vezet.<\/span><\/p>\n<p class=\"p2\"><span class=\"s2\">Jagun szerint a k\u00f6zv\u00e9lem\u00e9ny-kutat\u00e1sok Magyarorsz\u00e1gon sok \u00e9v ut\u00e1n el\u0151sz\u00f6r mutatj\u00e1k a Fidesz hatalomveszt\u00e9s\u00e9nek val\u00f3s kock\u00e1zat\u00e1t. \u201cAz ellenz\u00e9ki Tisza n\u00f6veli a t\u00e1mogatotts\u00e1g\u00e1t a korrupci\u00f3, a gazdas\u00e1gi stagn\u00e1l\u00e1s, a befagyasztott EU-p\u00e9nzek \u00e9s az Orb\u00e1n 15 \u00e9ves korm\u00e1nyz\u00e1s\u00e1val szembeni f\u00e1radts\u00e1g t\u00e9m\u00e1ira \u00e9p\u00edtve\u201d &#8211; nyomat\u00e9kos\u00edtotta a magas rang\u00fa ukr\u00e1n tiszt.<\/span><\/p>\n<p class=\"p2\"><span class=\"s2\">A Kyiv24 telev\u00edzi\u00f3 csatorn\u00e1nak pedig arr\u00f3l besz\u00e9lt, hogy Moszkva sz\u00e1m\u00e1ra a magyar korm\u00e1nyzat kritikus fontoss\u00e1g\u00fa: nemcsak politikai eszk\u00f6z az Ukrajn\u00e1nak ny\u00fajtott seg\u00e9lyek szabot\u00e1l\u00e1s\u00e1ra, hanem egy er\u0151teljes mechanizmus a k\u00f6z\u00e9p-eur\u00f3pai olaj- \u00e9s g\u00e1zpiac ellen\u0151rz\u00e9s\u00e9re is \u2013 v\u00e9li Viktor Jagun, az SZBU nyugalmazott vez\u00e9r\u0151rnagya.<\/span><\/p>\n<p><iframe loading=\"lazy\" title=\"\ud83d\udcccMagas rang\u00fa ukr\u00e1n titkosszolg\u00e1lati tiszt     sz\u00e1llt be a Tisza oldal\u00e1n\" width=\"1200\" height=\"675\" src=\"https:\/\/www.youtube.com\/embed\/WK6eJZWFCuw?feature=oembed\" frameborder=\"0\" allow=\"accelerometer; autoplay; clipboard-write; encrypted-media; gyroscope; picture-in-picture; web-share\" referrerpolicy=\"strict-origin-when-cross-origin\" allowfullscreen><\/iframe><\/p>\n<p class=\"p2\"><span class=\"s2\">Viktor Mikolajovics Jagun az Ukr\u00e1n Biztons\u00e1gi Szolg\u00e1lat vez\u00e9r\u0151rnagya, az SZBU kor\u00e1bbi eln\u00f6khelyettese (2014 m\u00e1rcius\u00e1t\u00f3l 2015 j\u00fanius\u00e1ig).<\/span><\/p>\n<figure id=\"attachment_354\" aria-describedby=\"caption-attachment-354\" style=\"width: 290px\" class=\"wp-caption alignnone\"><img loading=\"lazy\" decoding=\"async\" class=\"size-medium wp-image-354\" src=\"http:\/\/tuzfalcsoport.blog\/wp-content\/uploads\/2026\/03\/IMG_5650-300x297.jpeg\" alt=\"\" width=\"300\" height=\"297\" srcset=\"http:\/\/tuzfalcsoport.blog\/wp-content\/uploads\/2026\/03\/IMG_5650-300x297.jpeg 300w, http:\/\/tuzfalcsoport.blog\/wp-content\/uploads\/2026\/03\/IMG_5650-1024x1015.jpeg 1024w, http:\/\/tuzfalcsoport.blog\/wp-content\/uploads\/2026\/03\/IMG_5650-150x150.jpeg 150w, http:\/\/tuzfalcsoport.blog\/wp-content\/uploads\/2026\/03\/IMG_5650-768x761.jpeg 768w, http:\/\/tuzfalcsoport.blog\/wp-content\/uploads\/2026\/03\/IMG_5650.jpeg 1260w\" sizes=\"auto, (max-width: 300px) 100vw, 300px\" \/><figcaption id=\"caption-attachment-354\" class=\"wp-caption-text\">Screenshot<\/figcaption><\/figure>\n","protected":false},"excerpt":{"rendered":"<p>\u26a0\ufe0fViktor Jagun szerint Orb\u00e1n Viktor a politikai t\u00fal\u00e9l\u00e9s\u00e9rt k\u00fczd. Az Ukr\u00e1n Biztons\u00e1gi Szolg\u00e1lat (SZBU)Ukrajna f\u0151 nemzetbiztons\u00e1gi szerve, amelynek tavalyig eln\u00f6khelyettese volt az a Viktor Jagun, aki n\u00e9h\u00e1ny \u00f3r\u00e1ja ny\u00edltan b\u00edr\u00e1lta a k\u00f6z\u00f6ss\u00e9gi m\u00e9di\u00e1ban a magyar korm\u00e1nyf\u0151t \u00e9s a Fideszt. Szerinte magyar korm\u00e1nyf\u0151 ma nem k\u00fclpolitik\u00e1t folytat, hanem a t\u00fal\u00e9l\u00e9s\u00e9rt folytatott v\u00e1laszt\u00e1si kamp\u00e1nyt vezet. Jagun szerint &#8230; <a title=\"\ud83d\udcccMagas rang\u00fa ukr\u00e1n titkosszolg\u00e1lati tiszt     sz\u00e1llt be a magyar v\u00e1laszt\u00e1sokba Tisza oldal\u00e1n\" class=\"read-more\" href=\"http:\/\/tuzfalcsoport.blog\/?p=353\" aria-label=\"Read more about \ud83d\udcccMagas rang\u00fa ukr\u00e1n titkosszolg\u00e1lati tiszt     sz\u00e1llt be a magyar v\u00e1laszt\u00e1sokba Tisza oldal\u00e1n\">Olvass tov\u00e1bb<\/a><\/p>\n","protected":false},"author":1,"featured_media":0,"comment_status":"open","ping_status":"open","sticky":false,"template":"","format":"standard","meta":{"footnotes":""},"categories":[1],"tags":[],"class_list":["post-353","post","type-post","status-publish","format-standard","hentry","category-uncategorized"],"yoast_head":"<!-- This site is optimized with the Yoast SEO plugin v26.7 - https:\/\/yoast.com\/wordpress\/plugins\/seo\/ -->\n<title>\ud83d\udcccMagas rang\u00fa ukr\u00e1n titkosszolg\u00e1lati tiszt   sz\u00e1llt be a magyar v\u00e1laszt\u00e1sokba Tisza oldal\u00e1n - T\u0171zfalcsoport<\/title>\n<meta name=\"robots\" content=\"index, follow, max-snippet:-1, max-image-preview:large, max-video-preview:-1\" \/>\n<link rel=\"canonical\" href=\"http:\/\/tuzfalcsoport.blog\/?p=353\" \/>\n<meta property=\"og:locale\" content=\"hu_HU\" \/>\n<meta property=\"og:type\" content=\"article\" \/>\n<meta property=\"og:title\" content=\"\ud83d\udcccMagas rang\u00fa ukr\u00e1n titkosszolg\u00e1lati tiszt   sz\u00e1llt be a magyar v\u00e1laszt\u00e1sokba Tisza oldal\u00e1n - T\u0171zfalcsoport\" \/>\n<meta property=\"og:description\" content=\"\u26a0\ufe0fViktor Jagun szerint Orb\u00e1n Viktor a politikai t\u00fal\u00e9l\u00e9s\u00e9rt k\u00fczd. Az Ukr\u00e1n Biztons\u00e1gi Szolg\u00e1lat (SZBU)Ukrajna f\u0151 nemzetbiztons\u00e1gi szerve, amelynek tavalyig eln\u00f6khelyettese volt az a Viktor Jagun, aki n\u00e9h\u00e1ny \u00f3r\u00e1ja ny\u00edltan b\u00edr\u00e1lta a k\u00f6z\u00f6ss\u00e9gi m\u00e9di\u00e1ban a magyar korm\u00e1nyf\u0151t \u00e9s a Fideszt. Szerinte magyar korm\u00e1nyf\u0151 ma nem k\u00fclpolitik\u00e1t folytat, hanem a t\u00fal\u00e9l\u00e9s\u00e9rt folytatott v\u00e1laszt\u00e1si kamp\u00e1nyt vezet. Jagun szerint ... Olvass tov\u00e1bb\" \/>\n<meta property=\"og:url\" content=\"http:\/\/tuzfalcsoport.blog\/?p=353\" \/>\n<meta property=\"og:site_name\" content=\"T\u0171zfalcsoport\" \/>\n<meta property=\"article:published_time\" content=\"2026-03-12T17:01:50+00:00\" \/>\n<meta property=\"og:image\" content=\"http:\/\/tuzfalcsoport.blog\/wp-content\/uploads\/2026\/03\/IMG_5650-300x297.jpeg\" \/>\n<meta name=\"author\" content=\"T\u0171zfalcsoport\" \/>\n<meta name=\"twitter:card\" content=\"summary_large_image\" \/>\n<meta name=\"twitter:label1\" content=\"Szerz\u0151:\" \/>\n\t<meta name=\"twitter:data1\" content=\"T\u0171zfalcsoport\" \/>\n\t<meta name=\"twitter:label2\" content=\"Becs\u00fclt olvas\u00e1si id\u0151\" \/>\n\t<meta name=\"twitter:data2\" content=\"2 perc\" \/>\n<script type=\"application\/ld+json\" class=\"yoast-schema-graph\">{\"@context\":\"https:\/\/schema.org\",\"@graph\":[{\"@type\":\"Article\",\"@id\":\"http:\/\/tuzfalcsoport.blog\/?p=353#article\",\"isPartOf\":{\"@id\":\"http:\/\/tuzfalcsoport.blog\/?p=353\"},\"author\":{\"name\":\"T\u0171zfalcsoport\",\"@id\":\"http:\/\/tuzfalcsoport.blog\/#\/schema\/person\/0dbc8ce6fe1c972173556c4bea45d879\"},\"headline\":\"\ud83d\udcccMagas rang\u00fa ukr\u00e1n titkosszolg\u00e1lati tiszt sz\u00e1llt be a magyar v\u00e1laszt\u00e1sokba Tisza oldal\u00e1n\",\"datePublished\":\"2026-03-12T17:01:50+00:00\",\"mainEntityOfPage\":{\"@id\":\"http:\/\/tuzfalcsoport.blog\/?p=353\"},\"wordCount\":296,\"commentCount\":0,\"publisher\":{\"@id\":\"http:\/\/tuzfalcsoport.blog\/#organization\"},\"image\":{\"@id\":\"http:\/\/tuzfalcsoport.blog\/?p=353#primaryimage\"},\"thumbnailUrl\":\"http:\/\/tuzfalcsoport.blog\/wp-content\/uploads\/2026\/03\/IMG_5650-300x297.jpeg\",\"articleSection\":[\"Uncategorized\"],\"inLanguage\":\"hu\",\"potentialAction\":[{\"@type\":\"CommentAction\",\"name\":\"Comment\",\"target\":[\"http:\/\/tuzfalcsoport.blog\/?p=353#respond\"]}]},{\"@type\":\"WebPage\",\"@id\":\"http:\/\/tuzfalcsoport.blog\/?p=353\",\"url\":\"http:\/\/tuzfalcsoport.blog\/?p=353\",\"name\":\"\ud83d\udcccMagas rang\u00fa ukr\u00e1n titkosszolg\u00e1lati tiszt sz\u00e1llt be a magyar v\u00e1laszt\u00e1sokba Tisza oldal\u00e1n - T\u0171zfalcsoport\",\"isPartOf\":{\"@id\":\"http:\/\/tuzfalcsoport.blog\/#website\"},\"primaryImageOfPage\":{\"@id\":\"http:\/\/tuzfalcsoport.blog\/?p=353#primaryimage\"},\"image\":{\"@id\":\"http:\/\/tuzfalcsoport.blog\/?p=353#primaryimage\"},\"thumbnailUrl\":\"http:\/\/tuzfalcsoport.blog\/wp-content\/uploads\/2026\/03\/IMG_5650-300x297.jpeg\",\"datePublished\":\"2026-03-12T17:01:50+00:00\",\"breadcrumb\":{\"@id\":\"http:\/\/tuzfalcsoport.blog\/?p=353#breadcrumb\"},\"inLanguage\":\"hu\",\"potentialAction\":[{\"@type\":\"ReadAction\",\"target\":[\"http:\/\/tuzfalcsoport.blog\/?p=353\"]}]},{\"@type\":\"ImageObject\",\"inLanguage\":\"hu\",\"@id\":\"http:\/\/tuzfalcsoport.blog\/?p=353#primaryimage\",\"url\":\"http:\/\/tuzfalcsoport.blog\/wp-content\/uploads\/2026\/03\/IMG_5650.jpeg\",\"contentUrl\":\"http:\/\/tuzfalcsoport.blog\/wp-content\/uploads\/2026\/03\/IMG_5650.jpeg\",\"width\":1260,\"height\":1249,\"caption\":\"Screenshot\"},{\"@type\":\"BreadcrumbList\",\"@id\":\"http:\/\/tuzfalcsoport.blog\/?p=353#breadcrumb\",\"itemListElement\":[{\"@type\":\"ListItem\",\"position\":1,\"name\":\"Home\",\"item\":\"http:\/\/tuzfalcsoport.blog\/\"},{\"@type\":\"ListItem\",\"position\":2,\"name\":\"\ud83d\udcccMagas rang\u00fa ukr\u00e1n titkosszolg\u00e1lati tiszt sz\u00e1llt be a magyar v\u00e1laszt\u00e1sokba Tisza oldal\u00e1n\"}]},{\"@type\":\"WebSite\",\"@id\":\"http:\/\/tuzfalcsoport.blog\/#website\",\"url\":\"http:\/\/tuzfalcsoport.blog\/\",\"name\":\"T\u0171zfalcsoport\",\"description\":\"\",\"publisher\":{\"@id\":\"http:\/\/tuzfalcsoport.blog\/#organization\"},\"potentialAction\":[{\"@type\":\"SearchAction\",\"target\":{\"@type\":\"EntryPoint\",\"urlTemplate\":\"http:\/\/tuzfalcsoport.blog\/?s={search_term_string}\"},\"query-input\":{\"@type\":\"PropertyValueSpecification\",\"valueRequired\":true,\"valueName\":\"search_term_string\"}}],\"inLanguage\":\"hu\"},{\"@type\":\"Organization\",\"@id\":\"http:\/\/tuzfalcsoport.blog\/#organization\",\"name\":\"T\u0171zfalcsoport\",\"url\":\"http:\/\/tuzfalcsoport.blog\/\",\"logo\":{\"@type\":\"ImageObject\",\"inLanguage\":\"hu\",\"@id\":\"http:\/\/tuzfalcsoport.blog\/#\/schema\/logo\/image\/\",\"url\":\"http:\/\/tuzfalcsoport.blog\/wp-content\/uploads\/2026\/01\/TCS_borito3-scaled.jpg\",\"contentUrl\":\"http:\/\/tuzfalcsoport.blog\/wp-content\/uploads\/2026\/01\/TCS_borito3-scaled.jpg\",\"width\":2560,\"height\":640,\"caption\":\"T\u0171zfalcsoport\"},\"image\":{\"@id\":\"http:\/\/tuzfalcsoport.blog\/#\/schema\/logo\/image\/\"}},{\"@type\":\"Person\",\"@id\":\"http:\/\/tuzfalcsoport.blog\/#\/schema\/person\/0dbc8ce6fe1c972173556c4bea45d879\",\"name\":\"T\u0171zfalcsoport\",\"image\":{\"@type\":\"ImageObject\",\"inLanguage\":\"hu\",\"@id\":\"http:\/\/tuzfalcsoport.blog\/#\/schema\/person\/image\/\",\"url\":\"https:\/\/secure.gravatar.com\/avatar\/6a89eb668c2a2380540f358d8a1dd366bd36bf902c70e9d4bbb8f5b85d9e363b?s=96&d=mm&r=g\",\"contentUrl\":\"https:\/\/secure.gravatar.com\/avatar\/6a89eb668c2a2380540f358d8a1dd366bd36bf902c70e9d4bbb8f5b85d9e363b?s=96&d=mm&r=g\",\"caption\":\"T\u0171zfalcsoport\"},\"sameAs\":[\"http:\/\/tuzfalcsoport.blog\"],\"url\":\"http:\/\/tuzfalcsoport.blog\/?author=1\"}]}<\/script>\n<!-- \/ Yoast SEO plugin. -->","yoast_head_json":{"title":"\ud83d\udcccMagas rang\u00fa ukr\u00e1n titkosszolg\u00e1lati tiszt   sz\u00e1llt be a magyar v\u00e1laszt\u00e1sokba Tisza oldal\u00e1n - T\u0171zfalcsoport","robots":{"index":"index","follow":"follow","max-snippet":"max-snippet:-1","max-image-preview":"max-image-preview:large","max-video-preview":"max-video-preview:-1"},"canonical":"http:\/\/tuzfalcsoport.blog\/?p=353","og_locale":"hu_HU","og_type":"article","og_title":"\ud83d\udcccMagas rang\u00fa ukr\u00e1n titkosszolg\u00e1lati tiszt   sz\u00e1llt be a magyar v\u00e1laszt\u00e1sokba Tisza oldal\u00e1n - T\u0171zfalcsoport","og_description":"\u26a0\ufe0fViktor Jagun szerint Orb\u00e1n Viktor a politikai t\u00fal\u00e9l\u00e9s\u00e9rt k\u00fczd. Az Ukr\u00e1n Biztons\u00e1gi Szolg\u00e1lat (SZBU)Ukrajna f\u0151 nemzetbiztons\u00e1gi szerve, amelynek tavalyig eln\u00f6khelyettese volt az a Viktor Jagun, aki n\u00e9h\u00e1ny \u00f3r\u00e1ja ny\u00edltan b\u00edr\u00e1lta a k\u00f6z\u00f6ss\u00e9gi m\u00e9di\u00e1ban a magyar korm\u00e1nyf\u0151t \u00e9s a Fideszt. Szerinte magyar korm\u00e1nyf\u0151 ma nem k\u00fclpolitik\u00e1t folytat, hanem a t\u00fal\u00e9l\u00e9s\u00e9rt folytatott v\u00e1laszt\u00e1si kamp\u00e1nyt vezet. Jagun szerint ... Olvass tov\u00e1bb","og_url":"http:\/\/tuzfalcsoport.blog\/?p=353","og_site_name":"T\u0171zfalcsoport","article_published_time":"2026-03-12T17:01:50+00:00","og_image":[{"url":"http:\/\/tuzfalcsoport.blog\/wp-content\/uploads\/2026\/03\/IMG_5650-300x297.jpeg","type":"","width":"","height":""}],"author":"T\u0171zfalcsoport","twitter_card":"summary_large_image","twitter_misc":{"Szerz\u0151:":"T\u0171zfalcsoport","Becs\u00fclt olvas\u00e1si id\u0151":"2 perc"},"schema":{"@context":"https:\/\/schema.org","@graph":[{"@type":"Article","@id":"http:\/\/tuzfalcsoport.blog\/?p=353#article","isPartOf":{"@id":"http:\/\/tuzfalcsoport.blog\/?p=353"},"author":{"name":"T\u0171zfalcsoport","@id":"http:\/\/tuzfalcsoport.blog\/#\/schema\/person\/0dbc8ce6fe1c972173556c4bea45d879"},"headline":"\ud83d\udcccMagas rang\u00fa ukr\u00e1n titkosszolg\u00e1lati tiszt sz\u00e1llt be a magyar v\u00e1laszt\u00e1sokba Tisza oldal\u00e1n","datePublished":"2026-03-12T17:01:50+00:00","mainEntityOfPage":{"@id":"http:\/\/tuzfalcsoport.blog\/?p=353"},"wordCount":296,"commentCount":0,"publisher":{"@id":"http:\/\/tuzfalcsoport.blog\/#organization"},"image":{"@id":"http:\/\/tuzfalcsoport.blog\/?p=353#primaryimage"},"thumbnailUrl":"http:\/\/tuzfalcsoport.blog\/wp-content\/uploads\/2026\/03\/IMG_5650-300x297.jpeg","articleSection":["Uncategorized"],"inLanguage":"hu","potentialAction":[{"@type":"CommentAction","name":"Comment","target":["http:\/\/tuzfalcsoport.blog\/?p=353#respond"]}]},{"@type":"WebPage","@id":"http:\/\/tuzfalcsoport.blog\/?p=353","url":"http:\/\/tuzfalcsoport.blog\/?p=353","name":"\ud83d\udcccMagas rang\u00fa ukr\u00e1n titkosszolg\u00e1lati tiszt sz\u00e1llt be a magyar v\u00e1laszt\u00e1sokba Tisza oldal\u00e1n - T\u0171zfalcsoport","isPartOf":{"@id":"http:\/\/tuzfalcsoport.blog\/#website"},"primaryImageOfPage":{"@id":"http:\/\/tuzfalcsoport.blog\/?p=353#primaryimage"},"image":{"@id":"http:\/\/tuzfalcsoport.blog\/?p=353#primaryimage"},"thumbnailUrl":"http:\/\/tuzfalcsoport.blog\/wp-content\/uploads\/2026\/03\/IMG_5650-300x297.jpeg","datePublished":"2026-03-12T17:01:50+00:00","breadcrumb":{"@id":"http:\/\/tuzfalcsoport.blog\/?p=353#breadcrumb"},"inLanguage":"hu","potentialAction":[{"@type":"ReadAction","target":["http:\/\/tuzfalcsoport.blog\/?p=353"]}]},{"@type":"ImageObject","inLanguage":"hu","@id":"http:\/\/tuzfalcsoport.blog\/?p=353#primaryimage","url":"http:\/\/tuzfalcsoport.blog\/wp-content\/uploads\/2026\/03\/IMG_5650.jpeg","contentUrl":"http:\/\/tuzfalcsoport.blog\/wp-content\/uploads\/2026\/03\/IMG_5650.jpeg","width":1260,"height":1249,"caption":"Screenshot"},{"@type":"BreadcrumbList","@id":"http:\/\/tuzfalcsoport.blog\/?p=353#breadcrumb","itemListElement":[{"@type":"ListItem","position":1,"name":"Home","item":"http:\/\/tuzfalcsoport.blog\/"},{"@type":"ListItem","position":2,"name":"\ud83d\udcccMagas rang\u00fa ukr\u00e1n titkosszolg\u00e1lati tiszt sz\u00e1llt be a magyar v\u00e1laszt\u00e1sokba Tisza oldal\u00e1n"}]},{"@type":"WebSite","@id":"http:\/\/tuzfalcsoport.blog\/#website","url":"http:\/\/tuzfalcsoport.blog\/","name":"T\u0171zfalcsoport","description":"","publisher":{"@id":"http:\/\/tuzfalcsoport.blog\/#organization"},"potentialAction":[{"@type":"SearchAction","target":{"@type":"EntryPoint","urlTemplate":"http:\/\/tuzfalcsoport.blog\/?s={search_term_string}"},"query-input":{"@type":"PropertyValueSpecification","valueRequired":true,"valueName":"search_term_string"}}],"inLanguage":"hu"},{"@type":"Organization","@id":"http:\/\/tuzfalcsoport.blog\/#organization","name":"T\u0171zfalcsoport","url":"http:\/\/tuzfalcsoport.blog\/","logo":{"@type":"ImageObject","inLanguage":"hu","@id":"http:\/\/tuzfalcsoport.blog\/#\/schema\/logo\/image\/","url":"http:\/\/tuzfalcsoport.blog\/wp-content\/uploads\/2026\/01\/TCS_borito3-scaled.jpg","contentUrl":"http:\/\/tuzfalcsoport.blog\/wp-content\/uploads\/2026\/01\/TCS_borito3-scaled.jpg","width":2560,"height":640,"caption":"T\u0171zfalcsoport"},"image":{"@id":"http:\/\/tuzfalcsoport.blog\/#\/schema\/logo\/image\/"}},{"@type":"Person","@id":"http:\/\/tuzfalcsoport.blog\/#\/schema\/person\/0dbc8ce6fe1c972173556c4bea45d879","name":"T\u0171zfalcsoport","image":{"@type":"ImageObject","inLanguage":"hu","@id":"http:\/\/tuzfalcsoport.blog\/#\/schema\/person\/image\/","url":"https:\/\/secure.gravatar.com\/avatar\/6a89eb668c2a2380540f358d8a1dd366bd36bf902c70e9d4bbb8f5b85d9e363b?s=96&d=mm&r=g","contentUrl":"https:\/\/secure.gravatar.com\/avatar\/6a89eb668c2a2380540f358d8a1dd366bd36bf902c70e9d4bbb8f5b85d9e363b?s=96&d=mm&r=g","caption":"T\u0171zfalcsoport"},"sameAs":["http:\/\/tuzfalcsoport.blog"],"url":"http:\/\/tuzfalcsoport.blog\/?author=1"}]}},"_links":{"self":[{"href":"http:\/\/tuzfalcsoport.blog\/index.php?rest_route=\/wp\/v2\/posts\/353","targetHints":{"allow":["GET"]}}],"collection":[{"href":"http:\/\/tuzfalcsoport.blog\/index.php?rest_route=\/wp\/v2\/posts"}],"about":[{"href":"http:\/\/tuzfalcsoport.blog\/index.php?rest_route=\/wp\/v2\/types\/post"}],"author":[{"embeddable":true,"href":"http:\/\/tuzfalcsoport.blog\/index.php?rest_route=\/wp\/v2\/users\/1"}],"replies":[{"embeddable":true,"href":"http:\/\/tuzfalcsoport.blog\/index.php?rest_route=%2Fwp%2Fv2%2Fcomments&post=353"}],"version-history":[{"count":1,"href":"http:\/\/tuzfalcsoport.blog\/index.php?rest_route=\/wp\/v2\/posts\/353\/revisions"}],"predecessor-version":[{"id":355,"href":"http:\/\/tuzfalcsoport.blog\/index.php?rest_route=\/wp\/v2\/posts\/353\/revisions\/355"}],"wp:attachment":[{"href":"http:\/\/tuzfalcsoport.blog\/index.php?rest_route=%2Fwp%2Fv2%2Fmedia&parent=353"}],"wp:term":[{"taxonomy":"category","embeddable":true,"href":"http:\/\/tuzfalcsoport.blog\/index.php?rest_route=%2Fwp%2Fv2%2Fcategories&post=353"},{"taxonomy":"post_tag","embeddable":true,"href":"http:\/\/tuzfalcsoport.blog\/index.php?rest_route=%2Fwp%2Fv2%2Ftags&post=353"}],"curies":[{"name":"wp","href":"https:\/\/api.w.org\/{rel}","templated":true}]}}