{"id":357,"date":"2026-03-13T08:59:23","date_gmt":"2026-03-13T07:59:23","guid":{"rendered":"http:\/\/tuzfalcsoport.blog\/?p=357"},"modified":"2026-03-13T09:02:29","modified_gmt":"2026-03-13T08:02:29","slug":"%f0%9f%93%8csajat-korabbi-jeloltje-buktatta-le-magyar-petert","status":"publish","type":"post","link":"http:\/\/tuzfalcsoport.blog\/?p=357","title":{"rendered":"\ud83d\udcccSaj\u00e1t kor\u00e1bbi jel\u00f6ltje buktatta le Magyar P\u00e9tert"},"content":{"rendered":"<p class=\"p3\"><span style=\"font-size: inherit;\">\u26a0\ufe0fA volt tisz\u00e1s k\u00e9pvisel\u0151 jel\u00f6lt-jel\u00f6lt a premier napj\u00e1n n\u00e9zte meg a p\u00e1rtpropaganda-filmet, \u00e9s alig l\u00e9zengtek a teremben.<\/span><\/p>\n<figure id=\"attachment_358\" aria-describedby=\"caption-attachment-358\" style=\"width: 290px\" class=\"wp-caption alignnone\"><img loading=\"lazy\" decoding=\"async\" class=\"size-medium wp-image-358\" src=\"http:\/\/tuzfalcsoport.blog\/wp-content\/uploads\/2026\/03\/IMG_5668-300x241.jpeg\" alt=\"\" width=\"300\" height=\"241\" srcset=\"http:\/\/tuzfalcsoport.blog\/wp-content\/uploads\/2026\/03\/IMG_5668-300x241.jpeg 300w, http:\/\/tuzfalcsoport.blog\/wp-content\/uploads\/2026\/03\/IMG_5668-1024x821.jpeg 1024w, http:\/\/tuzfalcsoport.blog\/wp-content\/uploads\/2026\/03\/IMG_5668-768x616.jpeg 768w, http:\/\/tuzfalcsoport.blog\/wp-content\/uploads\/2026\/03\/IMG_5668.jpeg 1051w\" sizes=\"auto, (max-width: 300px) 100vw, 300px\" \/><figcaption id=\"caption-attachment-358\" class=\"wp-caption-text\">Screenshot<\/figcaption><\/figure>\n<p class=\"p3\"><span class=\"s2\"><br \/>\nAz egyik TISZA Sziget alap\u00edt\u00f3, a p\u00e1rt kor\u00e1bbi k\u00e9pvisel\u0151 jel\u00f6lt-jel\u00f6ltje a tegnapi napon t\u00e1rsas\u00e1ggal n\u00e9zte meg az egyik Cinema City moziban Magyar P\u00e9ter agit\u00e1ci\u00f3s rekl\u00e1mfilmj\u00e9t.<\/span><\/p>\n<p class=\"p3\"><span class=\"s2\">A k\u00f6z\u00f6ss\u00e9gi m\u00e9diabejegyz\u00e9shez csatolt k\u00e9pekhez ezt \u00edrta, Tavaszi sz\u00e9l &#8211; \u00e9bred\u00e9s, a film, melyt\u0151l libab\u0151r\u00f6s leszel&#8230;A film, amely alatt legal\u00e1bb k\u00e9tszer gomb\u00f3c lesz a torkodban \u00e9s visszatartod a k\u00f6nnyeid&#8230;.A film, melynek v\u00e9g\u00e9n az eg\u00e9sz terem tapsol..<\/span><\/p>\n<figure id=\"attachment_359\" aria-describedby=\"caption-attachment-359\" style=\"width: 226px\" class=\"wp-caption alignnone\"><img loading=\"lazy\" decoding=\"async\" class=\"size-medium wp-image-359\" src=\"http:\/\/tuzfalcsoport.blog\/wp-content\/uploads\/2026\/03\/IMG_5666-236x300.jpeg\" alt=\"\" width=\"236\" height=\"300\" srcset=\"http:\/\/tuzfalcsoport.blog\/wp-content\/uploads\/2026\/03\/IMG_5666-236x300.jpeg 236w, http:\/\/tuzfalcsoport.blog\/wp-content\/uploads\/2026\/03\/IMG_5666-806x1024.jpeg 806w, http:\/\/tuzfalcsoport.blog\/wp-content\/uploads\/2026\/03\/IMG_5666-768x975.jpeg 768w, http:\/\/tuzfalcsoport.blog\/wp-content\/uploads\/2026\/03\/IMG_5666.jpeg 896w\" sizes=\"auto, (max-width: 236px) 100vw, 236px\" \/><figcaption id=\"caption-attachment-359\" class=\"wp-caption-text\">Screenshot<\/figcaption><\/figure>\n<figure id=\"attachment_360\" aria-describedby=\"caption-attachment-360\" style=\"width: 156px\" class=\"wp-caption alignnone\"><img loading=\"lazy\" decoding=\"async\" class=\"size-medium wp-image-360\" src=\"http:\/\/tuzfalcsoport.blog\/wp-content\/uploads\/2026\/03\/IMG_5667-166x300.jpeg\" alt=\"\" width=\"166\" height=\"300\" srcset=\"http:\/\/tuzfalcsoport.blog\/wp-content\/uploads\/2026\/03\/IMG_5667-166x300.jpeg 166w, http:\/\/tuzfalcsoport.blog\/wp-content\/uploads\/2026\/03\/IMG_5667-568x1024.jpeg 568w, http:\/\/tuzfalcsoport.blog\/wp-content\/uploads\/2026\/03\/IMG_5667.jpeg 637w\" sizes=\"auto, (max-width: 166px) 100vw, 166px\" \/><figcaption id=\"caption-attachment-360\" class=\"wp-caption-text\">Screenshot<\/figcaption><\/figure>\n<p class=\"p3\"><span class=\"s2\">A k\u00e9pek tan\u00fas\u00e1ga szerint megd\u0151lni l\u00e1tszik Magyar P\u00e9ter azon \u00e1ll\u00edt\u00e1sa, hogy \u201cszakemberek szerint a Tavaszi Sz\u00e9l val\u00f3di rep\u00fcl\u0151rajttal indult\u201d, az eg\u00e9sz terem pedig bizonyosan nem tapsolt, m\u00e9gha nagyon szerett\u00e9k is volna azt a tisz\u00e1sok.<\/span><\/p>\n","protected":false},"excerpt":{"rendered":"<p>\u26a0\ufe0fA volt tisz\u00e1s k\u00e9pvisel\u0151 jel\u00f6lt-jel\u00f6lt a premier napj\u00e1n n\u00e9zte meg a p\u00e1rtpropaganda-filmet, \u00e9s alig l\u00e9zengtek a teremben. Az egyik TISZA Sziget alap\u00edt\u00f3, a p\u00e1rt kor\u00e1bbi k\u00e9pvisel\u0151 jel\u00f6lt-jel\u00f6ltje a tegnapi napon t\u00e1rsas\u00e1ggal n\u00e9zte meg az egyik Cinema City moziban Magyar P\u00e9ter agit\u00e1ci\u00f3s rekl\u00e1mfilmj\u00e9t. A k\u00f6z\u00f6ss\u00e9gi m\u00e9diabejegyz\u00e9shez csatolt k\u00e9pekhez ezt \u00edrta, Tavaszi sz\u00e9l &#8211; \u00e9bred\u00e9s, a film, &#8230; <a title=\"\ud83d\udcccSaj\u00e1t kor\u00e1bbi jel\u00f6ltje buktatta le Magyar P\u00e9tert\" class=\"read-more\" href=\"http:\/\/tuzfalcsoport.blog\/?p=357\" aria-label=\"Read more about \ud83d\udcccSaj\u00e1t kor\u00e1bbi jel\u00f6ltje buktatta le Magyar P\u00e9tert\">Olvass tov\u00e1bb<\/a><\/p>\n","protected":false},"author":1,"featured_media":0,"comment_status":"open","ping_status":"open","sticky":false,"template":"","format":"standard","meta":{"footnotes":""},"categories":[1],"tags":[],"class_list":["post-357","post","type-post","status-publish","format-standard","hentry","category-uncategorized"],"yoast_head":"<!-- This site is optimized with the Yoast SEO plugin v26.7 - https:\/\/yoast.com\/wordpress\/plugins\/seo\/ -->\n<title>\ud83d\udcccSaj\u00e1t kor\u00e1bbi jel\u00f6ltje buktatta le Magyar P\u00e9tert - T\u0171zfalcsoport<\/title>\n<meta name=\"robots\" content=\"index, follow, max-snippet:-1, max-image-preview:large, max-video-preview:-1\" \/>\n<link rel=\"canonical\" href=\"http:\/\/tuzfalcsoport.blog\/?p=357\" \/>\n<meta property=\"og:locale\" content=\"hu_HU\" \/>\n<meta property=\"og:type\" content=\"article\" \/>\n<meta property=\"og:title\" content=\"\ud83d\udcccSaj\u00e1t kor\u00e1bbi jel\u00f6ltje buktatta le Magyar P\u00e9tert - T\u0171zfalcsoport\" \/>\n<meta property=\"og:description\" content=\"\u26a0\ufe0fA volt tisz\u00e1s k\u00e9pvisel\u0151 jel\u00f6lt-jel\u00f6lt a premier napj\u00e1n n\u00e9zte meg a p\u00e1rtpropaganda-filmet, \u00e9s alig l\u00e9zengtek a teremben. Az egyik TISZA Sziget alap\u00edt\u00f3, a p\u00e1rt kor\u00e1bbi k\u00e9pvisel\u0151 jel\u00f6lt-jel\u00f6ltje a tegnapi napon t\u00e1rsas\u00e1ggal n\u00e9zte meg az egyik Cinema City moziban Magyar P\u00e9ter agit\u00e1ci\u00f3s rekl\u00e1mfilmj\u00e9t. A k\u00f6z\u00f6ss\u00e9gi m\u00e9diabejegyz\u00e9shez csatolt k\u00e9pekhez ezt \u00edrta, Tavaszi sz\u00e9l &#8211; \u00e9bred\u00e9s, a film, ... Olvass tov\u00e1bb\" \/>\n<meta property=\"og:url\" content=\"http:\/\/tuzfalcsoport.blog\/?p=357\" \/>\n<meta property=\"og:site_name\" content=\"T\u0171zfalcsoport\" \/>\n<meta property=\"article:published_time\" content=\"2026-03-13T07:59:23+00:00\" \/>\n<meta property=\"article:modified_time\" content=\"2026-03-13T08:02:29+00:00\" \/>\n<meta property=\"og:image\" content=\"http:\/\/tuzfalcsoport.blog\/wp-content\/uploads\/2026\/03\/IMG_5668-300x241.jpeg\" \/>\n<meta name=\"author\" content=\"T\u0171zfalcsoport\" \/>\n<meta name=\"twitter:card\" content=\"summary_large_image\" \/>\n<meta name=\"twitter:label1\" content=\"Szerz\u0151:\" \/>\n\t<meta name=\"twitter:data1\" content=\"T\u0171zfalcsoport\" \/>\n\t<meta name=\"twitter:label2\" content=\"Becs\u00fclt olvas\u00e1si id\u0151\" \/>\n\t<meta name=\"twitter:data2\" content=\"2 perc\" \/>\n<script type=\"application\/ld+json\" class=\"yoast-schema-graph\">{\"@context\":\"https:\/\/schema.org\",\"@graph\":[{\"@type\":\"Article\",\"@id\":\"http:\/\/tuzfalcsoport.blog\/?p=357#article\",\"isPartOf\":{\"@id\":\"http:\/\/tuzfalcsoport.blog\/?p=357\"},\"author\":{\"name\":\"T\u0171zfalcsoport\",\"@id\":\"http:\/\/tuzfalcsoport.blog\/#\/schema\/person\/0dbc8ce6fe1c972173556c4bea45d879\"},\"headline\":\"\ud83d\udcccSaj\u00e1t kor\u00e1bbi jel\u00f6ltje buktatta le Magyar P\u00e9tert\",\"datePublished\":\"2026-03-13T07:59:23+00:00\",\"dateModified\":\"2026-03-13T08:02:29+00:00\",\"mainEntityOfPage\":{\"@id\":\"http:\/\/tuzfalcsoport.blog\/?p=357\"},\"wordCount\":205,\"commentCount\":0,\"publisher\":{\"@id\":\"http:\/\/tuzfalcsoport.blog\/#organization\"},\"image\":{\"@id\":\"http:\/\/tuzfalcsoport.blog\/?p=357#primaryimage\"},\"thumbnailUrl\":\"http:\/\/tuzfalcsoport.blog\/wp-content\/uploads\/2026\/03\/IMG_5668-300x241.jpeg\",\"articleSection\":[\"Uncategorized\"],\"inLanguage\":\"hu\",\"potentialAction\":[{\"@type\":\"CommentAction\",\"name\":\"Comment\",\"target\":[\"http:\/\/tuzfalcsoport.blog\/?p=357#respond\"]}]},{\"@type\":\"WebPage\",\"@id\":\"http:\/\/tuzfalcsoport.blog\/?p=357\",\"url\":\"http:\/\/tuzfalcsoport.blog\/?p=357\",\"name\":\"\ud83d\udcccSaj\u00e1t kor\u00e1bbi jel\u00f6ltje buktatta le Magyar P\u00e9tert - T\u0171zfalcsoport\",\"isPartOf\":{\"@id\":\"http:\/\/tuzfalcsoport.blog\/#website\"},\"primaryImageOfPage\":{\"@id\":\"http:\/\/tuzfalcsoport.blog\/?p=357#primaryimage\"},\"image\":{\"@id\":\"http:\/\/tuzfalcsoport.blog\/?p=357#primaryimage\"},\"thumbnailUrl\":\"http:\/\/tuzfalcsoport.blog\/wp-content\/uploads\/2026\/03\/IMG_5668-300x241.jpeg\",\"datePublished\":\"2026-03-13T07:59:23+00:00\",\"dateModified\":\"2026-03-13T08:02:29+00:00\",\"breadcrumb\":{\"@id\":\"http:\/\/tuzfalcsoport.blog\/?p=357#breadcrumb\"},\"inLanguage\":\"hu\",\"potentialAction\":[{\"@type\":\"ReadAction\",\"target\":[\"http:\/\/tuzfalcsoport.blog\/?p=357\"]}]},{\"@type\":\"ImageObject\",\"inLanguage\":\"hu\",\"@id\":\"http:\/\/tuzfalcsoport.blog\/?p=357#primaryimage\",\"url\":\"http:\/\/tuzfalcsoport.blog\/wp-content\/uploads\/2026\/03\/IMG_5668.jpeg\",\"contentUrl\":\"http:\/\/tuzfalcsoport.blog\/wp-content\/uploads\/2026\/03\/IMG_5668.jpeg\",\"width\":1051,\"height\":843,\"caption\":\"Screenshot\"},{\"@type\":\"BreadcrumbList\",\"@id\":\"http:\/\/tuzfalcsoport.blog\/?p=357#breadcrumb\",\"itemListElement\":[{\"@type\":\"ListItem\",\"position\":1,\"name\":\"Home\",\"item\":\"http:\/\/tuzfalcsoport.blog\/\"},{\"@type\":\"ListItem\",\"position\":2,\"name\":\"\ud83d\udcccSaj\u00e1t kor\u00e1bbi jel\u00f6ltje buktatta le Magyar P\u00e9tert\"}]},{\"@type\":\"WebSite\",\"@id\":\"http:\/\/tuzfalcsoport.blog\/#website\",\"url\":\"http:\/\/tuzfalcsoport.blog\/\",\"name\":\"T\u0171zfalcsoport\",\"description\":\"\",\"publisher\":{\"@id\":\"http:\/\/tuzfalcsoport.blog\/#organization\"},\"potentialAction\":[{\"@type\":\"SearchAction\",\"target\":{\"@type\":\"EntryPoint\",\"urlTemplate\":\"http:\/\/tuzfalcsoport.blog\/?s={search_term_string}\"},\"query-input\":{\"@type\":\"PropertyValueSpecification\",\"valueRequired\":true,\"valueName\":\"search_term_string\"}}],\"inLanguage\":\"hu\"},{\"@type\":\"Organization\",\"@id\":\"http:\/\/tuzfalcsoport.blog\/#organization\",\"name\":\"T\u0171zfalcsoport\",\"url\":\"http:\/\/tuzfalcsoport.blog\/\",\"logo\":{\"@type\":\"ImageObject\",\"inLanguage\":\"hu\",\"@id\":\"http:\/\/tuzfalcsoport.blog\/#\/schema\/logo\/image\/\",\"url\":\"http:\/\/tuzfalcsoport.blog\/wp-content\/uploads\/2026\/01\/TCS_borito3-scaled.jpg\",\"contentUrl\":\"http:\/\/tuzfalcsoport.blog\/wp-content\/uploads\/2026\/01\/TCS_borito3-scaled.jpg\",\"width\":2560,\"height\":640,\"caption\":\"T\u0171zfalcsoport\"},\"image\":{\"@id\":\"http:\/\/tuzfalcsoport.blog\/#\/schema\/logo\/image\/\"}},{\"@type\":\"Person\",\"@id\":\"http:\/\/tuzfalcsoport.blog\/#\/schema\/person\/0dbc8ce6fe1c972173556c4bea45d879\",\"name\":\"T\u0171zfalcsoport\",\"image\":{\"@type\":\"ImageObject\",\"inLanguage\":\"hu\",\"@id\":\"http:\/\/tuzfalcsoport.blog\/#\/schema\/person\/image\/\",\"url\":\"https:\/\/secure.gravatar.com\/avatar\/6a89eb668c2a2380540f358d8a1dd366bd36bf902c70e9d4bbb8f5b85d9e363b?s=96&d=mm&r=g\",\"contentUrl\":\"https:\/\/secure.gravatar.com\/avatar\/6a89eb668c2a2380540f358d8a1dd366bd36bf902c70e9d4bbb8f5b85d9e363b?s=96&d=mm&r=g\",\"caption\":\"T\u0171zfalcsoport\"},\"sameAs\":[\"http:\/\/tuzfalcsoport.blog\"],\"url\":\"http:\/\/tuzfalcsoport.blog\/?author=1\"}]}<\/script>\n<!-- \/ Yoast SEO plugin. -->","yoast_head_json":{"title":"\ud83d\udcccSaj\u00e1t kor\u00e1bbi jel\u00f6ltje buktatta le Magyar P\u00e9tert - T\u0171zfalcsoport","robots":{"index":"index","follow":"follow","max-snippet":"max-snippet:-1","max-image-preview":"max-image-preview:large","max-video-preview":"max-video-preview:-1"},"canonical":"http:\/\/tuzfalcsoport.blog\/?p=357","og_locale":"hu_HU","og_type":"article","og_title":"\ud83d\udcccSaj\u00e1t kor\u00e1bbi jel\u00f6ltje buktatta le Magyar P\u00e9tert - T\u0171zfalcsoport","og_description":"\u26a0\ufe0fA volt tisz\u00e1s k\u00e9pvisel\u0151 jel\u00f6lt-jel\u00f6lt a premier napj\u00e1n n\u00e9zte meg a p\u00e1rtpropaganda-filmet, \u00e9s alig l\u00e9zengtek a teremben. Az egyik TISZA Sziget alap\u00edt\u00f3, a p\u00e1rt kor\u00e1bbi k\u00e9pvisel\u0151 jel\u00f6lt-jel\u00f6ltje a tegnapi napon t\u00e1rsas\u00e1ggal n\u00e9zte meg az egyik Cinema City moziban Magyar P\u00e9ter agit\u00e1ci\u00f3s rekl\u00e1mfilmj\u00e9t. A k\u00f6z\u00f6ss\u00e9gi m\u00e9diabejegyz\u00e9shez csatolt k\u00e9pekhez ezt \u00edrta, Tavaszi sz\u00e9l &#8211; \u00e9bred\u00e9s, a film, ... Olvass tov\u00e1bb","og_url":"http:\/\/tuzfalcsoport.blog\/?p=357","og_site_name":"T\u0171zfalcsoport","article_published_time":"2026-03-13T07:59:23+00:00","article_modified_time":"2026-03-13T08:02:29+00:00","og_image":[{"url":"http:\/\/tuzfalcsoport.blog\/wp-content\/uploads\/2026\/03\/IMG_5668-300x241.jpeg","type":"","width":"","height":""}],"author":"T\u0171zfalcsoport","twitter_card":"summary_large_image","twitter_misc":{"Szerz\u0151:":"T\u0171zfalcsoport","Becs\u00fclt olvas\u00e1si id\u0151":"2 perc"},"schema":{"@context":"https:\/\/schema.org","@graph":[{"@type":"Article","@id":"http:\/\/tuzfalcsoport.blog\/?p=357#article","isPartOf":{"@id":"http:\/\/tuzfalcsoport.blog\/?p=357"},"author":{"name":"T\u0171zfalcsoport","@id":"http:\/\/tuzfalcsoport.blog\/#\/schema\/person\/0dbc8ce6fe1c972173556c4bea45d879"},"headline":"\ud83d\udcccSaj\u00e1t kor\u00e1bbi jel\u00f6ltje buktatta le Magyar P\u00e9tert","datePublished":"2026-03-13T07:59:23+00:00","dateModified":"2026-03-13T08:02:29+00:00","mainEntityOfPage":{"@id":"http:\/\/tuzfalcsoport.blog\/?p=357"},"wordCount":205,"commentCount":0,"publisher":{"@id":"http:\/\/tuzfalcsoport.blog\/#organization"},"image":{"@id":"http:\/\/tuzfalcsoport.blog\/?p=357#primaryimage"},"thumbnailUrl":"http:\/\/tuzfalcsoport.blog\/wp-content\/uploads\/2026\/03\/IMG_5668-300x241.jpeg","articleSection":["Uncategorized"],"inLanguage":"hu","potentialAction":[{"@type":"CommentAction","name":"Comment","target":["http:\/\/tuzfalcsoport.blog\/?p=357#respond"]}]},{"@type":"WebPage","@id":"http:\/\/tuzfalcsoport.blog\/?p=357","url":"http:\/\/tuzfalcsoport.blog\/?p=357","name":"\ud83d\udcccSaj\u00e1t kor\u00e1bbi jel\u00f6ltje buktatta le Magyar P\u00e9tert - T\u0171zfalcsoport","isPartOf":{"@id":"http:\/\/tuzfalcsoport.blog\/#website"},"primaryImageOfPage":{"@id":"http:\/\/tuzfalcsoport.blog\/?p=357#primaryimage"},"image":{"@id":"http:\/\/tuzfalcsoport.blog\/?p=357#primaryimage"},"thumbnailUrl":"http:\/\/tuzfalcsoport.blog\/wp-content\/uploads\/2026\/03\/IMG_5668-300x241.jpeg","datePublished":"2026-03-13T07:59:23+00:00","dateModified":"2026-03-13T08:02:29+00:00","breadcrumb":{"@id":"http:\/\/tuzfalcsoport.blog\/?p=357#breadcrumb"},"inLanguage":"hu","potentialAction":[{"@type":"ReadAction","target":["http:\/\/tuzfalcsoport.blog\/?p=357"]}]},{"@type":"ImageObject","inLanguage":"hu","@id":"http:\/\/tuzfalcsoport.blog\/?p=357#primaryimage","url":"http:\/\/tuzfalcsoport.blog\/wp-content\/uploads\/2026\/03\/IMG_5668.jpeg","contentUrl":"http:\/\/tuzfalcsoport.blog\/wp-content\/uploads\/2026\/03\/IMG_5668.jpeg","width":1051,"height":843,"caption":"Screenshot"},{"@type":"BreadcrumbList","@id":"http:\/\/tuzfalcsoport.blog\/?p=357#breadcrumb","itemListElement":[{"@type":"ListItem","position":1,"name":"Home","item":"http:\/\/tuzfalcsoport.blog\/"},{"@type":"ListItem","position":2,"name":"\ud83d\udcccSaj\u00e1t kor\u00e1bbi jel\u00f6ltje buktatta le Magyar P\u00e9tert"}]},{"@type":"WebSite","@id":"http:\/\/tuzfalcsoport.blog\/#website","url":"http:\/\/tuzfalcsoport.blog\/","name":"T\u0171zfalcsoport","description":"","publisher":{"@id":"http:\/\/tuzfalcsoport.blog\/#organization"},"potentialAction":[{"@type":"SearchAction","target":{"@type":"EntryPoint","urlTemplate":"http:\/\/tuzfalcsoport.blog\/?s={search_term_string}"},"query-input":{"@type":"PropertyValueSpecification","valueRequired":true,"valueName":"search_term_string"}}],"inLanguage":"hu"},{"@type":"Organization","@id":"http:\/\/tuzfalcsoport.blog\/#organization","name":"T\u0171zfalcsoport","url":"http:\/\/tuzfalcsoport.blog\/","logo":{"@type":"ImageObject","inLanguage":"hu","@id":"http:\/\/tuzfalcsoport.blog\/#\/schema\/logo\/image\/","url":"http:\/\/tuzfalcsoport.blog\/wp-content\/uploads\/2026\/01\/TCS_borito3-scaled.jpg","contentUrl":"http:\/\/tuzfalcsoport.blog\/wp-content\/uploads\/2026\/01\/TCS_borito3-scaled.jpg","width":2560,"height":640,"caption":"T\u0171zfalcsoport"},"image":{"@id":"http:\/\/tuzfalcsoport.blog\/#\/schema\/logo\/image\/"}},{"@type":"Person","@id":"http:\/\/tuzfalcsoport.blog\/#\/schema\/person\/0dbc8ce6fe1c972173556c4bea45d879","name":"T\u0171zfalcsoport","image":{"@type":"ImageObject","inLanguage":"hu","@id":"http:\/\/tuzfalcsoport.blog\/#\/schema\/person\/image\/","url":"https:\/\/secure.gravatar.com\/avatar\/6a89eb668c2a2380540f358d8a1dd366bd36bf902c70e9d4bbb8f5b85d9e363b?s=96&d=mm&r=g","contentUrl":"https:\/\/secure.gravatar.com\/avatar\/6a89eb668c2a2380540f358d8a1dd366bd36bf902c70e9d4bbb8f5b85d9e363b?s=96&d=mm&r=g","caption":"T\u0171zfalcsoport"},"sameAs":["http:\/\/tuzfalcsoport.blog"],"url":"http:\/\/tuzfalcsoport.blog\/?author=1"}]}},"_links":{"self":[{"href":"http:\/\/tuzfalcsoport.blog\/index.php?rest_route=\/wp\/v2\/posts\/357","targetHints":{"allow":["GET"]}}],"collection":[{"href":"http:\/\/tuzfalcsoport.blog\/index.php?rest_route=\/wp\/v2\/posts"}],"about":[{"href":"http:\/\/tuzfalcsoport.blog\/index.php?rest_route=\/wp\/v2\/types\/post"}],"author":[{"embeddable":true,"href":"http:\/\/tuzfalcsoport.blog\/index.php?rest_route=\/wp\/v2\/users\/1"}],"replies":[{"embeddable":true,"href":"http:\/\/tuzfalcsoport.blog\/index.php?rest_route=%2Fwp%2Fv2%2Fcomments&post=357"}],"version-history":[{"count":2,"href":"http:\/\/tuzfalcsoport.blog\/index.php?rest_route=\/wp\/v2\/posts\/357\/revisions"}],"predecessor-version":[{"id":362,"href":"http:\/\/tuzfalcsoport.blog\/index.php?rest_route=\/wp\/v2\/posts\/357\/revisions\/362"}],"wp:attachment":[{"href":"http:\/\/tuzfalcsoport.blog\/index.php?rest_route=%2Fwp%2Fv2%2Fmedia&parent=357"}],"wp:term":[{"taxonomy":"category","embeddable":true,"href":"http:\/\/tuzfalcsoport.blog\/index.php?rest_route=%2Fwp%2Fv2%2Fcategories&post=357"},{"taxonomy":"post_tag","embeddable":true,"href":"http:\/\/tuzfalcsoport.blog\/index.php?rest_route=%2Fwp%2Fv2%2Ftags&post=357"}],"curies":[{"name":"wp","href":"https:\/\/api.w.org\/{rel}","templated":true}]}}