{"id":363,"date":"2026-03-13T13:52:26","date_gmt":"2026-03-13T12:52:26","guid":{"rendered":"http:\/\/tuzfalcsoport.blog\/?p=363"},"modified":"2026-03-13T14:01:55","modified_gmt":"2026-03-13T13:01:55","slug":"%f0%9f%93%8c-szokatlanul-nyiltan-allt-ki-egy-nemet-baloldali-ep-kepviselo-orban-viktor-mellett","status":"publish","type":"post","link":"http:\/\/tuzfalcsoport.blog\/?p=363","title":{"rendered":"\ud83d\udccc Szokatlanul ny\u00edltan \u00e1llt ki egy n\u00e9met baloldali EP k\u00e9pvisel\u0151 Orb\u00e1n Viktor mellett"},"content":{"rendered":"<p class=\"p2\"><span style=\"font-size: inherit;\">\u26a0\ufe0fFriedrich P\u00fcrner kem\u00e9nyen b\u00edr\u00e1lta egy\u00fattal Volodimir Zelenszkij ukr\u00e1n eln\u00f6k\u00f6t, s\u0151t az Eur\u00f3pai Parlament hallgat\u00e1s\u00e1t is elfogadhatatlannak tarja.<\/span><\/p>\n<p class=\"p2\"><span class=\"s2\">\u201eAz ukr\u00e1n eln\u00f6k, Zelenszkij \u00fajabb, 90 milli\u00e1rd eur\u00f3s seg\u00e9lycsomagot k\u00f6vetel az Eur\u00f3pai Uni\u00f3t\u00f3l. Err\u0151l az \u00f6sszegr\u0151l a nagys\u00e1ga miatt mindenk\u00e9ppen politikai vit\u00e1t kell folytatni. Engem azonban a magas \u00f6sszeg mellett az is zavar, amit Zelenszkij mondott a lehets\u00e9ges magyar blokkol\u00e1s kapcs\u00e1n. Azt mondta ugyanis nagyj\u00e1b\u00f3l \u00fagy, hogy ha valaki az EU-ban blokkolja ezt a 90 milli\u00e1rdot, akkor annak a c\u00edm\u00e9t \u00e1t lehet adni az ukr\u00e1n katon\u00e1knak, hogy azok az illet\u0151 anyanyelv\u00e9n jelentkezzenek n\u00e1la. <\/span><\/p>\n<p class=\"p2\"><span class=\"s2\">Term\u00e9szetesen Orb\u00e1n Viktor magyar minisztereln\u00f6kre gondolt. <\/span><\/p>\n<p class=\"p2\"><span class=\"s2\">Sz\u00e1momra ez nem szerencs\u00e9tlen megfogalmaz\u00e1s, hanem egyenesen fenyeget\u00e9s egy tag\u00e1llam korm\u00e1nyf\u0151je ellen.<\/span><\/p>\n<p class=\"p2\"><span class=\"s2\">Magyarorsz\u00e1gnak \u2013 mint minden m\u00e1s tag\u00e1llamnak \u2013 szerz\u0151d\u00e9sileg r\u00f6gz\u00edtett v\u00e9t\u00f3joga van. B\u00e1rkinek szabad kritiz\u00e1lnia Orb\u00e1n \u00e1ll\u00e1spontj\u00e1t, de a f\u00e9lelem \u00e9s a fenyeget\u00e9s mint a fegyelmez\u00e9s eszk\u00f6ze az eur\u00f3pai politik\u00e1ban nem kaphat helyet. Ann\u00e1l meglep\u0151bbnek tal\u00e1lom, hogy az Eur\u00f3pai Parlament t\u00f6bbs\u00e9ge elutas\u00edtotta egy vita ind\u00edt\u00e1s\u00e1t err\u0151l az incidensr\u0151l. Ahelyett hogy ny\u00edltan megvitatt\u00e1k volna, hallgatnak r\u00f3la \u2013 k\u00fcl\u00f6n\u00f6sen akkor, ha egy orsz\u00e1g az EU-hoz akar csatlakozni, \u00e9s egyidej\u0171leg hatalmas t\u00e1mogat\u00e1st v\u00e1r. Egy\u00e9rtelm\u0171nek kell lennie, hogy a tisztelet a tag\u00e1llamok ir\u00e1nt \u00e9s v\u00e1lasztott korm\u00e1nyaik ir\u00e1nt nem mell\u00e9kes dolog. Ha elfogadj\u00e1k a fenyeget\u00e9st egy korm\u00e1nyf\u0151 ellen, \u00e9s az Eur\u00f3pai Parlament m\u00e9g besz\u00e9lni sem akar r\u00f3la, akkor ez egy nagyon aggaszt\u00f3 jel. Vagy m\u00e1sk\u00e9pp fogalmazva: aki m\u00e1r nem b\u00edrja a kritik\u00e1t, \u00e9s ehelyett nyom\u00e1ssal \u00e9s megf\u00e9leml\u00edt\u00e9ssel reag\u00e1l, az elt\u00e1volodik pontosan azokt\u00f3l az eur\u00f3pai \u00e9rt\u00e9kekt\u0151l, amelyekre k\u00fcl\u00f6nben olyan sz\u00edvesen hivatkoznak.\u201d<\/span><\/p>\n<p><iframe loading=\"lazy\" title=\"\ud83d\udccc Szokatlanul ny\u00edltan \u00e1llt ki egy n\u00e9met baloldali EP k\u00e9pvisel\u0151 Orb\u00e1n Viktor mellett\" width=\"563\" height=\"1000\" src=\"https:\/\/www.youtube.com\/embed\/5FkPrfVXXOk?feature=oembed\" frameborder=\"0\" allow=\"accelerometer; autoplay; clipboard-write; encrypted-media; gyroscope; picture-in-picture; web-share\" referrerpolicy=\"strict-origin-when-cross-origin\" allowfullscreen><\/iframe><\/p>\n<p class=\"p2\"><span class=\"s3\">Friedrich P\u00fcrner<\/span><span class=\"s2\"> (sz\u00fcletett 1967-ben) n\u00e9met orvos, epidemiol\u00f3gus \u00e9s politikus, aki 2024 \u00f3ta az Eur\u00f3pai Parlament (EP) tagja (MdEP). P\u00fcrner a 2024-es eur\u00f3pai parlamenti v\u00e1laszt\u00e1sokon a n\u00e9met baloldali <\/span><span class=\"s3\">B\u00fcndnis Sahra Wagenknecht (BSW)<\/span><span class=\"s2\">p\u00e1rt list\u00e1j\u00e1n a 6. helyen indult, \u00e9s mand\u00e1tumot szerzett N\u00e9metorsz\u00e1g k\u00e9pviselet\u00e9ben. Jelenleg a f\u00fcggetlenek k\u00f6z\u00f6tt \u00fcl, t\u00f6bb szakmai test\u00fcletnek, p\u00e9ld\u00e1ul az ECON \u2013 Gazdas\u00e1gi \u00e9s Monet\u00e1ris \u00dcgyek Bizotts\u00e1g\u00e1nak (Committee on Economic and Monetary Affairs) a tagja.<\/span><\/p>\n<figure id=\"attachment_364\" aria-describedby=\"caption-attachment-364\" style=\"width: 190px\" class=\"wp-caption alignnone\"><img loading=\"lazy\" decoding=\"async\" class=\"size-medium wp-image-364\" src=\"http:\/\/tuzfalcsoport.blog\/wp-content\/uploads\/2026\/03\/IMG_5674-200x300.jpeg\" alt=\"\" width=\"200\" height=\"300\" srcset=\"http:\/\/tuzfalcsoport.blog\/wp-content\/uploads\/2026\/03\/IMG_5674-200x300.jpeg 200w, http:\/\/tuzfalcsoport.blog\/wp-content\/uploads\/2026\/03\/IMG_5674-683x1024.jpeg 683w, http:\/\/tuzfalcsoport.blog\/wp-content\/uploads\/2026\/03\/IMG_5674-768x1152.jpeg 768w, http:\/\/tuzfalcsoport.blog\/wp-content\/uploads\/2026\/03\/IMG_5674-1024x1536.jpeg 1024w, http:\/\/tuzfalcsoport.blog\/wp-content\/uploads\/2026\/03\/IMG_5674.jpeg 1067w\" sizes=\"auto, (max-width: 200px) 100vw, 200px\" \/><figcaption id=\"caption-attachment-364\" class=\"wp-caption-text\">Friedrich PURNER in the EP in Strasbourg<\/figcaption><\/figure>\n","protected":false},"excerpt":{"rendered":"<p>\u26a0\ufe0fFriedrich P\u00fcrner kem\u00e9nyen b\u00edr\u00e1lta egy\u00fattal Volodimir Zelenszkij ukr\u00e1n eln\u00f6k\u00f6t, s\u0151t az Eur\u00f3pai Parlament hallgat\u00e1s\u00e1t is elfogadhatatlannak tarja. \u201eAz ukr\u00e1n eln\u00f6k, Zelenszkij \u00fajabb, 90 milli\u00e1rd eur\u00f3s seg\u00e9lycsomagot k\u00f6vetel az Eur\u00f3pai Uni\u00f3t\u00f3l. Err\u0151l az \u00f6sszegr\u0151l a nagys\u00e1ga miatt mindenk\u00e9ppen politikai vit\u00e1t kell folytatni. Engem azonban a magas \u00f6sszeg mellett az is zavar, amit Zelenszkij mondott a lehets\u00e9ges &#8230; <a title=\"\ud83d\udccc Szokatlanul ny\u00edltan \u00e1llt ki egy n\u00e9met baloldali EP k\u00e9pvisel\u0151 Orb\u00e1n Viktor mellett\" class=\"read-more\" href=\"http:\/\/tuzfalcsoport.blog\/?p=363\" aria-label=\"Read more about \ud83d\udccc Szokatlanul ny\u00edltan \u00e1llt ki egy n\u00e9met baloldali EP k\u00e9pvisel\u0151 Orb\u00e1n Viktor mellett\">Olvass tov\u00e1bb<\/a><\/p>\n","protected":false},"author":1,"featured_media":0,"comment_status":"open","ping_status":"open","sticky":false,"template":"","format":"standard","meta":{"footnotes":""},"categories":[1],"tags":[],"class_list":["post-363","post","type-post","status-publish","format-standard","hentry","category-uncategorized"],"yoast_head":"<!-- This site is optimized with the Yoast SEO plugin v26.7 - https:\/\/yoast.com\/wordpress\/plugins\/seo\/ -->\n<title>\ud83d\udccc Szokatlanul ny\u00edltan \u00e1llt ki egy n\u00e9met baloldali EP k\u00e9pvisel\u0151 Orb\u00e1n Viktor mellett - T\u0171zfalcsoport<\/title>\n<meta name=\"robots\" content=\"index, follow, max-snippet:-1, max-image-preview:large, max-video-preview:-1\" \/>\n<link rel=\"canonical\" href=\"http:\/\/tuzfalcsoport.blog\/?p=363\" \/>\n<meta property=\"og:locale\" content=\"hu_HU\" \/>\n<meta property=\"og:type\" content=\"article\" \/>\n<meta property=\"og:title\" content=\"\ud83d\udccc Szokatlanul ny\u00edltan \u00e1llt ki egy n\u00e9met baloldali EP k\u00e9pvisel\u0151 Orb\u00e1n Viktor mellett - T\u0171zfalcsoport\" \/>\n<meta property=\"og:description\" content=\"\u26a0\ufe0fFriedrich P\u00fcrner kem\u00e9nyen b\u00edr\u00e1lta egy\u00fattal Volodimir Zelenszkij ukr\u00e1n eln\u00f6k\u00f6t, s\u0151t az Eur\u00f3pai Parlament hallgat\u00e1s\u00e1t is elfogadhatatlannak tarja. \u201eAz ukr\u00e1n eln\u00f6k, Zelenszkij \u00fajabb, 90 milli\u00e1rd eur\u00f3s seg\u00e9lycsomagot k\u00f6vetel az Eur\u00f3pai Uni\u00f3t\u00f3l. Err\u0151l az \u00f6sszegr\u0151l a nagys\u00e1ga miatt mindenk\u00e9ppen politikai vit\u00e1t kell folytatni. Engem azonban a magas \u00f6sszeg mellett az is zavar, amit Zelenszkij mondott a lehets\u00e9ges ... Olvass tov\u00e1bb\" \/>\n<meta property=\"og:url\" content=\"http:\/\/tuzfalcsoport.blog\/?p=363\" \/>\n<meta property=\"og:site_name\" content=\"T\u0171zfalcsoport\" \/>\n<meta property=\"article:published_time\" content=\"2026-03-13T12:52:26+00:00\" \/>\n<meta property=\"article:modified_time\" content=\"2026-03-13T13:01:55+00:00\" \/>\n<meta property=\"og:image\" content=\"http:\/\/tuzfalcsoport.blog\/wp-content\/uploads\/2026\/03\/IMG_5674-200x300.jpeg\" \/>\n<meta name=\"author\" content=\"T\u0171zfalcsoport\" \/>\n<meta name=\"twitter:card\" content=\"summary_large_image\" \/>\n<meta name=\"twitter:label1\" content=\"Szerz\u0151:\" \/>\n\t<meta name=\"twitter:data1\" content=\"T\u0171zfalcsoport\" \/>\n\t<meta name=\"twitter:label2\" content=\"Becs\u00fclt olvas\u00e1si id\u0151\" \/>\n\t<meta name=\"twitter:data2\" content=\"2 perc\" \/>\n<script type=\"application\/ld+json\" class=\"yoast-schema-graph\">{\"@context\":\"https:\/\/schema.org\",\"@graph\":[{\"@type\":\"Article\",\"@id\":\"http:\/\/tuzfalcsoport.blog\/?p=363#article\",\"isPartOf\":{\"@id\":\"http:\/\/tuzfalcsoport.blog\/?p=363\"},\"author\":{\"name\":\"T\u0171zfalcsoport\",\"@id\":\"http:\/\/tuzfalcsoport.blog\/#\/schema\/person\/0dbc8ce6fe1c972173556c4bea45d879\"},\"headline\":\"\ud83d\udccc Szokatlanul ny\u00edltan \u00e1llt ki egy n\u00e9met baloldali EP k\u00e9pvisel\u0151 Orb\u00e1n Viktor mellett\",\"datePublished\":\"2026-03-13T12:52:26+00:00\",\"dateModified\":\"2026-03-13T13:01:55+00:00\",\"mainEntityOfPage\":{\"@id\":\"http:\/\/tuzfalcsoport.blog\/?p=363\"},\"wordCount\":495,\"commentCount\":0,\"publisher\":{\"@id\":\"http:\/\/tuzfalcsoport.blog\/#organization\"},\"image\":{\"@id\":\"http:\/\/tuzfalcsoport.blog\/?p=363#primaryimage\"},\"thumbnailUrl\":\"http:\/\/tuzfalcsoport.blog\/wp-content\/uploads\/2026\/03\/IMG_5674-200x300.jpeg\",\"articleSection\":[\"Uncategorized\"],\"inLanguage\":\"hu\",\"potentialAction\":[{\"@type\":\"CommentAction\",\"name\":\"Comment\",\"target\":[\"http:\/\/tuzfalcsoport.blog\/?p=363#respond\"]}]},{\"@type\":\"WebPage\",\"@id\":\"http:\/\/tuzfalcsoport.blog\/?p=363\",\"url\":\"http:\/\/tuzfalcsoport.blog\/?p=363\",\"name\":\"\ud83d\udccc Szokatlanul ny\u00edltan \u00e1llt ki egy n\u00e9met baloldali EP k\u00e9pvisel\u0151 Orb\u00e1n Viktor mellett - T\u0171zfalcsoport\",\"isPartOf\":{\"@id\":\"http:\/\/tuzfalcsoport.blog\/#website\"},\"primaryImageOfPage\":{\"@id\":\"http:\/\/tuzfalcsoport.blog\/?p=363#primaryimage\"},\"image\":{\"@id\":\"http:\/\/tuzfalcsoport.blog\/?p=363#primaryimage\"},\"thumbnailUrl\":\"http:\/\/tuzfalcsoport.blog\/wp-content\/uploads\/2026\/03\/IMG_5674-200x300.jpeg\",\"datePublished\":\"2026-03-13T12:52:26+00:00\",\"dateModified\":\"2026-03-13T13:01:55+00:00\",\"breadcrumb\":{\"@id\":\"http:\/\/tuzfalcsoport.blog\/?p=363#breadcrumb\"},\"inLanguage\":\"hu\",\"potentialAction\":[{\"@type\":\"ReadAction\",\"target\":[\"http:\/\/tuzfalcsoport.blog\/?p=363\"]}]},{\"@type\":\"ImageObject\",\"inLanguage\":\"hu\",\"@id\":\"http:\/\/tuzfalcsoport.blog\/?p=363#primaryimage\",\"url\":\"http:\/\/tuzfalcsoport.blog\/wp-content\/uploads\/2026\/03\/IMG_5674.jpeg\",\"contentUrl\":\"http:\/\/tuzfalcsoport.blog\/wp-content\/uploads\/2026\/03\/IMG_5674.jpeg\",\"width\":1067,\"height\":1600,\"caption\":\"Friedrich PURNER in the EP in Strasbourg\"},{\"@type\":\"BreadcrumbList\",\"@id\":\"http:\/\/tuzfalcsoport.blog\/?p=363#breadcrumb\",\"itemListElement\":[{\"@type\":\"ListItem\",\"position\":1,\"name\":\"Home\",\"item\":\"http:\/\/tuzfalcsoport.blog\/\"},{\"@type\":\"ListItem\",\"position\":2,\"name\":\"\ud83d\udccc Szokatlanul ny\u00edltan \u00e1llt ki egy n\u00e9met baloldali EP k\u00e9pvisel\u0151 Orb\u00e1n Viktor mellett\"}]},{\"@type\":\"WebSite\",\"@id\":\"http:\/\/tuzfalcsoport.blog\/#website\",\"url\":\"http:\/\/tuzfalcsoport.blog\/\",\"name\":\"T\u0171zfalcsoport\",\"description\":\"\",\"publisher\":{\"@id\":\"http:\/\/tuzfalcsoport.blog\/#organization\"},\"potentialAction\":[{\"@type\":\"SearchAction\",\"target\":{\"@type\":\"EntryPoint\",\"urlTemplate\":\"http:\/\/tuzfalcsoport.blog\/?s={search_term_string}\"},\"query-input\":{\"@type\":\"PropertyValueSpecification\",\"valueRequired\":true,\"valueName\":\"search_term_string\"}}],\"inLanguage\":\"hu\"},{\"@type\":\"Organization\",\"@id\":\"http:\/\/tuzfalcsoport.blog\/#organization\",\"name\":\"T\u0171zfalcsoport\",\"url\":\"http:\/\/tuzfalcsoport.blog\/\",\"logo\":{\"@type\":\"ImageObject\",\"inLanguage\":\"hu\",\"@id\":\"http:\/\/tuzfalcsoport.blog\/#\/schema\/logo\/image\/\",\"url\":\"http:\/\/tuzfalcsoport.blog\/wp-content\/uploads\/2026\/01\/TCS_borito3-scaled.jpg\",\"contentUrl\":\"http:\/\/tuzfalcsoport.blog\/wp-content\/uploads\/2026\/01\/TCS_borito3-scaled.jpg\",\"width\":2560,\"height\":640,\"caption\":\"T\u0171zfalcsoport\"},\"image\":{\"@id\":\"http:\/\/tuzfalcsoport.blog\/#\/schema\/logo\/image\/\"}},{\"@type\":\"Person\",\"@id\":\"http:\/\/tuzfalcsoport.blog\/#\/schema\/person\/0dbc8ce6fe1c972173556c4bea45d879\",\"name\":\"T\u0171zfalcsoport\",\"image\":{\"@type\":\"ImageObject\",\"inLanguage\":\"hu\",\"@id\":\"http:\/\/tuzfalcsoport.blog\/#\/schema\/person\/image\/\",\"url\":\"https:\/\/secure.gravatar.com\/avatar\/6a89eb668c2a2380540f358d8a1dd366bd36bf902c70e9d4bbb8f5b85d9e363b?s=96&d=mm&r=g\",\"contentUrl\":\"https:\/\/secure.gravatar.com\/avatar\/6a89eb668c2a2380540f358d8a1dd366bd36bf902c70e9d4bbb8f5b85d9e363b?s=96&d=mm&r=g\",\"caption\":\"T\u0171zfalcsoport\"},\"sameAs\":[\"http:\/\/tuzfalcsoport.blog\"],\"url\":\"http:\/\/tuzfalcsoport.blog\/?author=1\"}]}<\/script>\n<!-- \/ Yoast SEO plugin. -->","yoast_head_json":{"title":"\ud83d\udccc Szokatlanul ny\u00edltan \u00e1llt ki egy n\u00e9met baloldali EP k\u00e9pvisel\u0151 Orb\u00e1n Viktor mellett - T\u0171zfalcsoport","robots":{"index":"index","follow":"follow","max-snippet":"max-snippet:-1","max-image-preview":"max-image-preview:large","max-video-preview":"max-video-preview:-1"},"canonical":"http:\/\/tuzfalcsoport.blog\/?p=363","og_locale":"hu_HU","og_type":"article","og_title":"\ud83d\udccc Szokatlanul ny\u00edltan \u00e1llt ki egy n\u00e9met baloldali EP k\u00e9pvisel\u0151 Orb\u00e1n Viktor mellett - T\u0171zfalcsoport","og_description":"\u26a0\ufe0fFriedrich P\u00fcrner kem\u00e9nyen b\u00edr\u00e1lta egy\u00fattal Volodimir Zelenszkij ukr\u00e1n eln\u00f6k\u00f6t, s\u0151t az Eur\u00f3pai Parlament hallgat\u00e1s\u00e1t is elfogadhatatlannak tarja. \u201eAz ukr\u00e1n eln\u00f6k, Zelenszkij \u00fajabb, 90 milli\u00e1rd eur\u00f3s seg\u00e9lycsomagot k\u00f6vetel az Eur\u00f3pai Uni\u00f3t\u00f3l. Err\u0151l az \u00f6sszegr\u0151l a nagys\u00e1ga miatt mindenk\u00e9ppen politikai vit\u00e1t kell folytatni. Engem azonban a magas \u00f6sszeg mellett az is zavar, amit Zelenszkij mondott a lehets\u00e9ges ... Olvass tov\u00e1bb","og_url":"http:\/\/tuzfalcsoport.blog\/?p=363","og_site_name":"T\u0171zfalcsoport","article_published_time":"2026-03-13T12:52:26+00:00","article_modified_time":"2026-03-13T13:01:55+00:00","og_image":[{"url":"http:\/\/tuzfalcsoport.blog\/wp-content\/uploads\/2026\/03\/IMG_5674-200x300.jpeg","type":"","width":"","height":""}],"author":"T\u0171zfalcsoport","twitter_card":"summary_large_image","twitter_misc":{"Szerz\u0151:":"T\u0171zfalcsoport","Becs\u00fclt olvas\u00e1si id\u0151":"2 perc"},"schema":{"@context":"https:\/\/schema.org","@graph":[{"@type":"Article","@id":"http:\/\/tuzfalcsoport.blog\/?p=363#article","isPartOf":{"@id":"http:\/\/tuzfalcsoport.blog\/?p=363"},"author":{"name":"T\u0171zfalcsoport","@id":"http:\/\/tuzfalcsoport.blog\/#\/schema\/person\/0dbc8ce6fe1c972173556c4bea45d879"},"headline":"\ud83d\udccc Szokatlanul ny\u00edltan \u00e1llt ki egy n\u00e9met baloldali EP k\u00e9pvisel\u0151 Orb\u00e1n Viktor mellett","datePublished":"2026-03-13T12:52:26+00:00","dateModified":"2026-03-13T13:01:55+00:00","mainEntityOfPage":{"@id":"http:\/\/tuzfalcsoport.blog\/?p=363"},"wordCount":495,"commentCount":0,"publisher":{"@id":"http:\/\/tuzfalcsoport.blog\/#organization"},"image":{"@id":"http:\/\/tuzfalcsoport.blog\/?p=363#primaryimage"},"thumbnailUrl":"http:\/\/tuzfalcsoport.blog\/wp-content\/uploads\/2026\/03\/IMG_5674-200x300.jpeg","articleSection":["Uncategorized"],"inLanguage":"hu","potentialAction":[{"@type":"CommentAction","name":"Comment","target":["http:\/\/tuzfalcsoport.blog\/?p=363#respond"]}]},{"@type":"WebPage","@id":"http:\/\/tuzfalcsoport.blog\/?p=363","url":"http:\/\/tuzfalcsoport.blog\/?p=363","name":"\ud83d\udccc Szokatlanul ny\u00edltan \u00e1llt ki egy n\u00e9met baloldali EP k\u00e9pvisel\u0151 Orb\u00e1n Viktor mellett - T\u0171zfalcsoport","isPartOf":{"@id":"http:\/\/tuzfalcsoport.blog\/#website"},"primaryImageOfPage":{"@id":"http:\/\/tuzfalcsoport.blog\/?p=363#primaryimage"},"image":{"@id":"http:\/\/tuzfalcsoport.blog\/?p=363#primaryimage"},"thumbnailUrl":"http:\/\/tuzfalcsoport.blog\/wp-content\/uploads\/2026\/03\/IMG_5674-200x300.jpeg","datePublished":"2026-03-13T12:52:26+00:00","dateModified":"2026-03-13T13:01:55+00:00","breadcrumb":{"@id":"http:\/\/tuzfalcsoport.blog\/?p=363#breadcrumb"},"inLanguage":"hu","potentialAction":[{"@type":"ReadAction","target":["http:\/\/tuzfalcsoport.blog\/?p=363"]}]},{"@type":"ImageObject","inLanguage":"hu","@id":"http:\/\/tuzfalcsoport.blog\/?p=363#primaryimage","url":"http:\/\/tuzfalcsoport.blog\/wp-content\/uploads\/2026\/03\/IMG_5674.jpeg","contentUrl":"http:\/\/tuzfalcsoport.blog\/wp-content\/uploads\/2026\/03\/IMG_5674.jpeg","width":1067,"height":1600,"caption":"Friedrich PURNER in the EP in Strasbourg"},{"@type":"BreadcrumbList","@id":"http:\/\/tuzfalcsoport.blog\/?p=363#breadcrumb","itemListElement":[{"@type":"ListItem","position":1,"name":"Home","item":"http:\/\/tuzfalcsoport.blog\/"},{"@type":"ListItem","position":2,"name":"\ud83d\udccc Szokatlanul ny\u00edltan \u00e1llt ki egy n\u00e9met baloldali EP k\u00e9pvisel\u0151 Orb\u00e1n Viktor mellett"}]},{"@type":"WebSite","@id":"http:\/\/tuzfalcsoport.blog\/#website","url":"http:\/\/tuzfalcsoport.blog\/","name":"T\u0171zfalcsoport","description":"","publisher":{"@id":"http:\/\/tuzfalcsoport.blog\/#organization"},"potentialAction":[{"@type":"SearchAction","target":{"@type":"EntryPoint","urlTemplate":"http:\/\/tuzfalcsoport.blog\/?s={search_term_string}"},"query-input":{"@type":"PropertyValueSpecification","valueRequired":true,"valueName":"search_term_string"}}],"inLanguage":"hu"},{"@type":"Organization","@id":"http:\/\/tuzfalcsoport.blog\/#organization","name":"T\u0171zfalcsoport","url":"http:\/\/tuzfalcsoport.blog\/","logo":{"@type":"ImageObject","inLanguage":"hu","@id":"http:\/\/tuzfalcsoport.blog\/#\/schema\/logo\/image\/","url":"http:\/\/tuzfalcsoport.blog\/wp-content\/uploads\/2026\/01\/TCS_borito3-scaled.jpg","contentUrl":"http:\/\/tuzfalcsoport.blog\/wp-content\/uploads\/2026\/01\/TCS_borito3-scaled.jpg","width":2560,"height":640,"caption":"T\u0171zfalcsoport"},"image":{"@id":"http:\/\/tuzfalcsoport.blog\/#\/schema\/logo\/image\/"}},{"@type":"Person","@id":"http:\/\/tuzfalcsoport.blog\/#\/schema\/person\/0dbc8ce6fe1c972173556c4bea45d879","name":"T\u0171zfalcsoport","image":{"@type":"ImageObject","inLanguage":"hu","@id":"http:\/\/tuzfalcsoport.blog\/#\/schema\/person\/image\/","url":"https:\/\/secure.gravatar.com\/avatar\/6a89eb668c2a2380540f358d8a1dd366bd36bf902c70e9d4bbb8f5b85d9e363b?s=96&d=mm&r=g","contentUrl":"https:\/\/secure.gravatar.com\/avatar\/6a89eb668c2a2380540f358d8a1dd366bd36bf902c70e9d4bbb8f5b85d9e363b?s=96&d=mm&r=g","caption":"T\u0171zfalcsoport"},"sameAs":["http:\/\/tuzfalcsoport.blog"],"url":"http:\/\/tuzfalcsoport.blog\/?author=1"}]}},"_links":{"self":[{"href":"http:\/\/tuzfalcsoport.blog\/index.php?rest_route=\/wp\/v2\/posts\/363","targetHints":{"allow":["GET"]}}],"collection":[{"href":"http:\/\/tuzfalcsoport.blog\/index.php?rest_route=\/wp\/v2\/posts"}],"about":[{"href":"http:\/\/tuzfalcsoport.blog\/index.php?rest_route=\/wp\/v2\/types\/post"}],"author":[{"embeddable":true,"href":"http:\/\/tuzfalcsoport.blog\/index.php?rest_route=\/wp\/v2\/users\/1"}],"replies":[{"embeddable":true,"href":"http:\/\/tuzfalcsoport.blog\/index.php?rest_route=%2Fwp%2Fv2%2Fcomments&post=363"}],"version-history":[{"count":2,"href":"http:\/\/tuzfalcsoport.blog\/index.php?rest_route=\/wp\/v2\/posts\/363\/revisions"}],"predecessor-version":[{"id":366,"href":"http:\/\/tuzfalcsoport.blog\/index.php?rest_route=\/wp\/v2\/posts\/363\/revisions\/366"}],"wp:attachment":[{"href":"http:\/\/tuzfalcsoport.blog\/index.php?rest_route=%2Fwp%2Fv2%2Fmedia&parent=363"}],"wp:term":[{"taxonomy":"category","embeddable":true,"href":"http:\/\/tuzfalcsoport.blog\/index.php?rest_route=%2Fwp%2Fv2%2Fcategories&post=363"},{"taxonomy":"post_tag","embeddable":true,"href":"http:\/\/tuzfalcsoport.blog\/index.php?rest_route=%2Fwp%2Fv2%2Ftags&post=363"}],"curies":[{"name":"wp","href":"https:\/\/api.w.org\/{rel}","templated":true}]}}