{"id":368,"date":"2026-03-14T09:58:17","date_gmt":"2026-03-14T08:58:17","guid":{"rendered":"http:\/\/tuzfalcsoport.blog\/?p=368"},"modified":"2026-03-14T09:59:32","modified_gmt":"2026-03-14T08:59:32","slug":"%f0%9f%93%8cmarkansan-jelen-van-az-antiszemitizmus-a-tiszas-kozossegi-media-csoportokban","status":"publish","type":"post","link":"http:\/\/tuzfalcsoport.blog\/?p=368","title":{"rendered":"\ud83d\udcccMark\u00e1nsan jelen van az antiszemitizmus a tisz\u00e1s k\u00f6z\u00f6ss\u00e9gi m\u00e9dia-csoportokban"},"content":{"rendered":"<p class=\"p2\"><span style=\"font-size: inherit;\">\u26a0\ufe0f T\u00e1rk\u00e1nyi Zsolt karlend\u00edt\u00e9se j\u00f3l illeszkedik a zsid\u00f3s\u00e1ggal szembeni gy\u0171l\u00f6letet mutat\u00f3 tisz\u00e1s bejegyz\u00e9sek sor\u00e1ba, amelyek k\u00f6z\u00fcl j\u00f3 p\u00e1r h\u00f3napok \u00f3ra el\u00e9rhet\u0151 &#8211; az adminisztr\u00e1torok j\u00f3v\u00e1hagy\u00e1s\u00e1val.<\/span><\/p>\n<p class=\"p2\"><span class=\"s2\">A Hetek c\u00edm\u0171 lap a tegnapi napon k\u00f6z\u00f6lt egy mag\u00e1t a s\u00e1lj\u00e1val eltakar\u00f3, karlend\u00edt\u0151 f\u00e9rfit, akir\u0151l a forr\u00e1saik azt \u00e1ll\u00edtj\u00e1k, hogy \u0151 T\u00e1rk\u00e1nyi Zsolt, a Tisza P\u00e1rt sajt\u00f3f\u0151n\u00f6ke \u00e9s egyben a Hajd\u00fa-Bihar megye 01. sz\u00e1m\u00fa v\u00e1laszt\u00f3 ker\u00fclet tisz\u00e1s jel\u00f6ltje. A Tisza P\u00e1rt ut\u00f3bb meger\u0151s\u00edtette, hogy T\u00e1rk\u00e1nyi Zsolt l\u00e1that\u00f3 a k\u00e9pen, &#8222;de \u00e1ll\u00edtj\u00e1k, nem n\u00e1ci karlend\u00edt\u00e9sr\u0151l van sz\u00f3.&#8221;<\/span><\/p>\n<p class=\"p2\"><span class=\"s2\">Tanulm\u00e1nyozva a Tisza P\u00e1rthoz k\u00f6thet\u0151 z\u00e1rt \u00e9s nyilv\u00e1nos Facebook csoportokat, hasonl\u00f3 gy\u0171l\u00f6letkelt\u0151, antiszemita megnyilv\u00e1nul\u00e1sokat nem kis sz\u00e1mban tal\u00e1lunk. N\u00e9h\u00e1ny p\u00e9lda a fentiek al\u00e1t\u00e1maszt\u00e1s\u00e1ra.<\/span><\/p>\n<figure id=\"attachment_370\" aria-describedby=\"caption-attachment-370\" style=\"width: 189px\" class=\"wp-caption alignnone\"><img loading=\"lazy\" decoding=\"async\" class=\"size-medium wp-image-370\" src=\"http:\/\/tuzfalcsoport.blog\/wp-content\/uploads\/2026\/03\/IMG_5689-199x300.jpeg\" alt=\"\" width=\"199\" height=\"300\" srcset=\"http:\/\/tuzfalcsoport.blog\/wp-content\/uploads\/2026\/03\/IMG_5689-199x300.jpeg 199w, http:\/\/tuzfalcsoport.blog\/wp-content\/uploads\/2026\/03\/IMG_5689-680x1024.jpeg 680w, http:\/\/tuzfalcsoport.blog\/wp-content\/uploads\/2026\/03\/IMG_5689.jpeg 766w\" sizes=\"auto, (max-width: 199px) 100vw, 199px\" \/><figcaption id=\"caption-attachment-370\" class=\"wp-caption-text\">Screenshot<\/figcaption><\/figure>\n<p class=\"p2\"><span class=\"s2\">\ud83d\udccd&#8221;Ezt vedd alapul, amikor a vil\u00e1g esem\u00e9nyeit n\u00e9zed \u00e9s \u00e9rt\u00e9keled&#8221; \u00edrta m\u00e1rcius 1-j\u00e9n egy tisz\u00e1s aktivista, az egyik nagyobb, 29.000 taggal rendelkez\u0151 Tisza p\u00e1rti csoportban. A tisz\u00e1s aktivista szerint &#8222;a zsid\u00f3 felforgat\u00f3, puszt\u00edt\u00f3 messianisztikus t\u00f6rekv\u00e9sek alapjait t\u00e1rta fel Julius Evola:<span class=\"Apple-converted-space\">\u00a0 <\/span>A zsid\u00f3k\u00e9rd\u00e9s helye c. tanulm\u00e1ny\u00e1ban. A bejegyz\u00e9sben olvashatunk arr\u00f3l, hogy <\/span><\/p>\n<p class=\"p2\"><span class=\"s2\">-A zsid\u00f3 \u00e9s az emberis\u00e9g t\u00f6bbi r\u00e9sze k\u00f6z\u00f6tt alapvet\u0151, szinte ontologiai \u00e9s metafizikai k\u00fcl\u00f6nbs\u00e9g van.<\/span><\/p>\n<p class=\"p2\"><span class=\"s2\">-A zsid\u00f3, aki minden\u00fctt idegennek \u00e9rzi mag\u00e1t, \u00e9s nem tal\u00e1l olyan helyet, ahol j\u00f3l \u00e9rezn\u00e9 mag\u00e1t, ahelyett hogy felismern\u00e9 \u00f6nmag\u00e1ban ennek az \u00e9rz\u00e9snek az ok\u00e1t, azt a k\u00fclvil\u00e1gra vet\u00edti ki, \u00e9s azt hiszi, hogy a vil\u00e1g \u00e9s a t\u00e1rsadalom t\u00f6k\u00e9letlen \u00e9s &#8222;irracion\u00e1lis&#8221;. Ez\u00e9rt van az, hogy ahol nem siker\u00fcl neki c\u00e9ljainak megfelel\u0151en rejtett m\u00f3don \u00e1talak\u00edtani \u00e9s sz\u00e9tm\u00e1llasztani a nemzsid\u00f3k hagyom\u00e1nyos int\u00e9zm\u00e9nyeit, ott a zsid\u00f3 mindig reformerk\u00e9nt, liber\u00e1lisk\u00e9nt \u00e9s forradalm\u00e1rk\u00e9nt jelenik meg: egy absztraktnak \u00e9s demokratikusan humanit\u00e1riusnak l\u00e1tsz\u00f3 &#8222;igazs\u00e1goss\u00e1g&#8221;apostolak\u00e9nt. \u00c1m ez az igazs\u00e1goss\u00e1g val\u00f3j\u00e1ban csak azokat a k\u00f6vetel\u00e9seket t\u00fckr\u00f6zi, amelyek szabadd\u00e1 teszik az utat, \u00e9s el\u0151k\u00e9sz\u00edtik a j\u00f6v\u0151t.<\/span><\/p>\n<p><img loading=\"lazy\" decoding=\"async\" class=\"alignnone size-medium wp-image-371\" src=\"http:\/\/tuzfalcsoport.blog\/wp-content\/uploads\/2026\/03\/IMG_5688-196x300.jpeg\" alt=\"\" width=\"196\" height=\"300\" srcset=\"http:\/\/tuzfalcsoport.blog\/wp-content\/uploads\/2026\/03\/IMG_5688-196x300.jpeg 196w, http:\/\/tuzfalcsoport.blog\/wp-content\/uploads\/2026\/03\/IMG_5688-668x1024.jpeg 668w, http:\/\/tuzfalcsoport.blog\/wp-content\/uploads\/2026\/03\/IMG_5688.jpeg 758w\" sizes=\"auto, (max-width: 196px) 100vw, 196px\" \/><\/p>\n<p class=\"p2\"><span class=\"s2\">\ud83d\udccdEgy m\u00e1sik tisz\u00e1s csoportban olvashat\u00f3 az al\u00e1bbi bejegyz\u00e9s:<\/span><\/p>\n<p class=\"p2\"><span class=\"s2\">\u00a0\u201c(S)emmibe n\u00e9znek minket A ZSID\u00d3K &#8211; a f\u00e9l-zsid\u00f3 Krasznahorkai L\u00e1szl\u00f3 IS &#8212; \u00c9S M\u00c9G KI IS FEJTIK NEM-AK\u00c1RHOGY , SOKSZOR , F\u00c9LRE\u00c9RTHETETLEN\u00dcL, B\u00dcNTETLEN\u00dcL! MEG A SPIR\u00d3 GY\u00d6RGY\u00d6K&#8230; 2026.03.10. MISKOLC-CITY\u201d<\/span><\/p>\n<figure id=\"attachment_372\" aria-describedby=\"caption-attachment-372\" style=\"width: 181px\" class=\"wp-caption alignnone\"><img loading=\"lazy\" decoding=\"async\" class=\"size-medium wp-image-372\" src=\"http:\/\/tuzfalcsoport.blog\/wp-content\/uploads\/2026\/03\/IMG_5690-191x300.jpeg\" alt=\"\" width=\"191\" height=\"300\" srcset=\"http:\/\/tuzfalcsoport.blog\/wp-content\/uploads\/2026\/03\/IMG_5690-191x300.jpeg 191w, http:\/\/tuzfalcsoport.blog\/wp-content\/uploads\/2026\/03\/IMG_5690-651x1024.jpeg 651w, http:\/\/tuzfalcsoport.blog\/wp-content\/uploads\/2026\/03\/IMG_5690.jpeg 739w\" sizes=\"auto, (max-width: 191px) 100vw, 191px\" \/><figcaption id=\"caption-attachment-372\" class=\"wp-caption-text\">Screenshot<\/figcaption><\/figure>\n<p class=\"p2\"><span class=\"s2\">\ud83d\udccdEgy 45.000 tagot sz\u00e1ml\u00e1l\u00f3 tisz\u00e1s Facebook-csoportban pedig az al\u00e1bbiakat olvashatjuk:<\/span><\/p>\n<p class=\"p2\"><span class=\"s2\">A POLITIKAI P\u00c1RTJAINK 150-\u00c9VE A ZSID\u00d3 MAFFI\u00c1T SZOLG\u00c1LJ\u00c1K <\/span><\/p>\n<p class=\"p2\"><span class=\"s2\">&#8222;A magyar politik\u00e1t a bank\u00e1rok &#8222;h\u00e1tt\u00e9r hatalma&#8221;<span class=\"Apple-converted-space\">\u00a0 <\/span>ir\u00e1ny\u00edtja az 1867-es<span class=\"Apple-converted-space\">\u00a0 <\/span>Kiegyez\u00e9s \u00f3ta. A p\u00e9nz\u00fcgyi k\u00f6zpontjuk Londonban van a szellemi R\u00f3m\u00e1ban. .<span class=\"Apple-converted-space\">\u00a0 <\/span>\u0150ket nevezz\u00fck &#8222;zsid\u00f3 maffi\u00e1nak&#8221; mert a zsid\u00f3 vall\u00e1s n\u00e9pirt\u00f3 t\u00f6rv\u00e9nyeit k\u00f6vetik. Ezek a maffia t\u00f6rv\u00e9nyek &#8222;\u00d3sz\u00f6vets\u00e9g&#8221; n\u00e9ven futnak. <\/span><\/p>\n<p class=\"p2\"><span class=\"s2\">Ne szavazz egyetlen olyan p\u00e1rtra sem amelyik a zsid\u00f3 maffi\u00e1t szolg\u00e1lja. Jelenleg minden p\u00e1rt azt csin\u00e1lja. Mi az a zsid\u00f3 maffia ? A p\u00e9nz uralm\u00e1t ir\u00e1ny\u00edt\u00f3 int\u00e9zm\u00e9nyeket a kapitalista rendszer ir\u00e1ny\u00edt\u00f3it nevezz\u00fck zsid\u00f3 maffi\u00e1nak.<span class=\"Apple-converted-space\">\u00a0 <\/span>?<\/span><\/p>\n<p class=\"p2\"><span class=\"s2\">A fontosabb int\u00e9zm\u00e9nyei<span class=\"Apple-converted-space\">\u00a0 <\/span>az \u00f6sszes &#8222;kereszt\u00e9ny&#8221; egyh\u00e1z az iszl\u00e1m egyh\u00e1zak az izraelita egyh\u00e1zak a titkosszolg\u00e1latok az \u00f6sszes bank\u00e1r \u00e9s az \u00f6sszes kapitalista szervezet. <\/span><\/p>\n<p class=\"p2\"><span class=\"s2\">Ezek mind parlamenti t\u00f6rv\u00e9nyeken kereszt\u00fcl ir\u00e1ny\u00edtj\u00e1k a politik\u00e1t a kult\u00far\u00e1t \u00e9s a gazdas\u00e1got az iskol\u00e1kon \u00e9s m\u00e9di\u00e1kon kereszt\u00fcl. <\/span><\/p>\n<p class=\"p2\"><span class=\"s2\">A legfontosabb az hogy elvegy\u00fck a k\u00e9pvisel\u0151inkt\u0151l a t\u00f6rv\u00e9nyhoz\u00e1si jogot mert az biztos\u00edtja sz\u00e1mukra a kifoszt\u00e1sunkat. <\/span><\/p>\n<p class=\"p2\"><span class=\"s2\">A Biblia \u00e9s a Kor\u00e1n a maffia sz\u00f6vets\u00e9ge teh\u00e1t az egyh\u00e1zak vezet\u0151ivel \u00e9s a h\u00edv\u0151kkel ezt k\u00f6z\u00f6lni kell mert \u0151k m\u00e1r annyira hozz\u00e1 szoktak a diktat\u00far\u00e1hoz hogy m\u00e1r \u00e9szre sem veszik.&#8221;<\/span><\/p>\n<figure id=\"attachment_375\" aria-describedby=\"caption-attachment-375\" style=\"width: 290px\" class=\"wp-caption alignnone\"><img loading=\"lazy\" decoding=\"async\" class=\"size-medium wp-image-375\" src=\"http:\/\/tuzfalcsoport.blog\/wp-content\/uploads\/2026\/03\/IMG_5691-1-300x252.jpeg\" alt=\"\" width=\"300\" height=\"252\" srcset=\"http:\/\/tuzfalcsoport.blog\/wp-content\/uploads\/2026\/03\/IMG_5691-1-300x252.jpeg 300w, http:\/\/tuzfalcsoport.blog\/wp-content\/uploads\/2026\/03\/IMG_5691-1-768x646.jpeg 768w, http:\/\/tuzfalcsoport.blog\/wp-content\/uploads\/2026\/03\/IMG_5691-1.jpeg 804w\" sizes=\"auto, (max-width: 300px) 100vw, 300px\" \/><figcaption id=\"caption-attachment-375\" class=\"wp-caption-text\">Screenshot<\/figcaption><\/figure>\n<p class=\"p2\"><span class=\"s2\">\ud83d\udccdUgyanakkor pedig egy 109.000 tagot sz\u00e1ml\u00e1l\u00f3 csoportban a tisz\u00e1sok tavaly december \u00f3ta olvashatj\u00e1k az al\u00e1bbiakat:<\/span><\/p>\n<p class=\"p2\"><span class=\"s2\">&#8222;Nincs Magyar \u00e1llamunk zsid\u00f3 \u00e1llam van zsid\u00f3 p\u00e1rtokkal \u00e9s k\u00e9pvisel\u0151kkel az orsz\u00e0got a(Mazsihisz) vezeti.&#8221;<\/span><\/p>\n","protected":false},"excerpt":{"rendered":"<p>\u26a0\ufe0f T\u00e1rk\u00e1nyi Zsolt karlend\u00edt\u00e9se j\u00f3l illeszkedik a zsid\u00f3s\u00e1ggal szembeni gy\u0171l\u00f6letet mutat\u00f3 tisz\u00e1s bejegyz\u00e9sek sor\u00e1ba, amelyek k\u00f6z\u00fcl j\u00f3 p\u00e1r h\u00f3napok \u00f3ra el\u00e9rhet\u0151 &#8211; az adminisztr\u00e1torok j\u00f3v\u00e1hagy\u00e1s\u00e1val. A Hetek c\u00edm\u0171 lap a tegnapi napon k\u00f6z\u00f6lt egy mag\u00e1t a s\u00e1lj\u00e1val eltakar\u00f3, karlend\u00edt\u0151 f\u00e9rfit, akir\u0151l a forr\u00e1saik azt \u00e1ll\u00edtj\u00e1k, hogy \u0151 T\u00e1rk\u00e1nyi Zsolt, a Tisza P\u00e1rt sajt\u00f3f\u0151n\u00f6ke \u00e9s egyben &#8230; <a title=\"\ud83d\udcccMark\u00e1nsan jelen van az antiszemitizmus a tisz\u00e1s k\u00f6z\u00f6ss\u00e9gi m\u00e9dia-csoportokban\" class=\"read-more\" href=\"http:\/\/tuzfalcsoport.blog\/?p=368\" aria-label=\"Read more about \ud83d\udcccMark\u00e1nsan jelen van az antiszemitizmus a tisz\u00e1s k\u00f6z\u00f6ss\u00e9gi m\u00e9dia-csoportokban\">Olvass tov\u00e1bb<\/a><\/p>\n","protected":false},"author":1,"featured_media":0,"comment_status":"open","ping_status":"open","sticky":false,"template":"","format":"standard","meta":{"footnotes":""},"categories":[1],"tags":[],"class_list":["post-368","post","type-post","status-publish","format-standard","hentry","category-uncategorized"],"yoast_head":"<!-- This site is optimized with the Yoast SEO plugin v26.7 - https:\/\/yoast.com\/wordpress\/plugins\/seo\/ -->\n<title>\ud83d\udcccMark\u00e1nsan jelen van az antiszemitizmus a tisz\u00e1s k\u00f6z\u00f6ss\u00e9gi m\u00e9dia-csoportokban - T\u0171zfalcsoport<\/title>\n<meta name=\"robots\" content=\"index, follow, max-snippet:-1, max-image-preview:large, max-video-preview:-1\" \/>\n<link rel=\"canonical\" href=\"https:\/\/tuzfalcsoport.blog\/?p=368\" \/>\n<meta property=\"og:locale\" content=\"hu_HU\" \/>\n<meta property=\"og:type\" content=\"article\" \/>\n<meta property=\"og:title\" content=\"\ud83d\udcccMark\u00e1nsan jelen van az antiszemitizmus a tisz\u00e1s k\u00f6z\u00f6ss\u00e9gi m\u00e9dia-csoportokban - T\u0171zfalcsoport\" \/>\n<meta property=\"og:description\" content=\"\u26a0\ufe0f T\u00e1rk\u00e1nyi Zsolt karlend\u00edt\u00e9se j\u00f3l illeszkedik a zsid\u00f3s\u00e1ggal szembeni gy\u0171l\u00f6letet mutat\u00f3 tisz\u00e1s bejegyz\u00e9sek sor\u00e1ba, amelyek k\u00f6z\u00fcl j\u00f3 p\u00e1r h\u00f3napok \u00f3ra el\u00e9rhet\u0151 &#8211; az adminisztr\u00e1torok j\u00f3v\u00e1hagy\u00e1s\u00e1val. A Hetek c\u00edm\u0171 lap a tegnapi napon k\u00f6z\u00f6lt egy mag\u00e1t a s\u00e1lj\u00e1val eltakar\u00f3, karlend\u00edt\u0151 f\u00e9rfit, akir\u0151l a forr\u00e1saik azt \u00e1ll\u00edtj\u00e1k, hogy \u0151 T\u00e1rk\u00e1nyi Zsolt, a Tisza P\u00e1rt sajt\u00f3f\u0151n\u00f6ke \u00e9s egyben ... Olvass tov\u00e1bb\" \/>\n<meta property=\"og:url\" content=\"https:\/\/tuzfalcsoport.blog\/?p=368\" \/>\n<meta property=\"og:site_name\" content=\"T\u0171zfalcsoport\" \/>\n<meta property=\"article:published_time\" content=\"2026-03-14T08:58:17+00:00\" \/>\n<meta property=\"article:modified_time\" content=\"2026-03-14T08:59:32+00:00\" \/>\n<meta property=\"og:image\" content=\"http:\/\/tuzfalcsoport.blog\/wp-content\/uploads\/2026\/03\/IMG_5689-199x300.jpeg\" \/>\n<meta name=\"author\" content=\"T\u0171zfalcsoport\" \/>\n<meta name=\"twitter:card\" content=\"summary_large_image\" \/>\n<meta name=\"twitter:label1\" content=\"Szerz\u0151:\" \/>\n\t<meta name=\"twitter:data1\" content=\"T\u0171zfalcsoport\" \/>\n\t<meta name=\"twitter:label2\" content=\"Becs\u00fclt olvas\u00e1si id\u0151\" \/>\n\t<meta name=\"twitter:data2\" content=\"4 perc\" \/>\n<script type=\"application\/ld+json\" class=\"yoast-schema-graph\">{\"@context\":\"https:\/\/schema.org\",\"@graph\":[{\"@type\":\"Article\",\"@id\":\"https:\/\/tuzfalcsoport.blog\/?p=368#article\",\"isPartOf\":{\"@id\":\"https:\/\/tuzfalcsoport.blog\/?p=368\"},\"author\":{\"name\":\"T\u0171zfalcsoport\",\"@id\":\"http:\/\/tuzfalcsoport.blog\/#\/schema\/person\/0dbc8ce6fe1c972173556c4bea45d879\"},\"headline\":\"\ud83d\udcccMark\u00e1nsan jelen van az antiszemitizmus a tisz\u00e1s k\u00f6z\u00f6ss\u00e9gi m\u00e9dia-csoportokban\",\"datePublished\":\"2026-03-14T08:58:17+00:00\",\"dateModified\":\"2026-03-14T08:59:32+00:00\",\"mainEntityOfPage\":{\"@id\":\"https:\/\/tuzfalcsoport.blog\/?p=368\"},\"wordCount\":822,\"commentCount\":0,\"publisher\":{\"@id\":\"http:\/\/tuzfalcsoport.blog\/#organization\"},\"image\":{\"@id\":\"https:\/\/tuzfalcsoport.blog\/?p=368#primaryimage\"},\"thumbnailUrl\":\"http:\/\/tuzfalcsoport.blog\/wp-content\/uploads\/2026\/03\/IMG_5689-199x300.jpeg\",\"articleSection\":[\"Uncategorized\"],\"inLanguage\":\"hu\",\"potentialAction\":[{\"@type\":\"CommentAction\",\"name\":\"Comment\",\"target\":[\"https:\/\/tuzfalcsoport.blog\/?p=368#respond\"]}]},{\"@type\":\"WebPage\",\"@id\":\"https:\/\/tuzfalcsoport.blog\/?p=368\",\"url\":\"https:\/\/tuzfalcsoport.blog\/?p=368\",\"name\":\"\ud83d\udcccMark\u00e1nsan jelen van az antiszemitizmus a tisz\u00e1s k\u00f6z\u00f6ss\u00e9gi m\u00e9dia-csoportokban - T\u0171zfalcsoport\",\"isPartOf\":{\"@id\":\"http:\/\/tuzfalcsoport.blog\/#website\"},\"primaryImageOfPage\":{\"@id\":\"https:\/\/tuzfalcsoport.blog\/?p=368#primaryimage\"},\"image\":{\"@id\":\"https:\/\/tuzfalcsoport.blog\/?p=368#primaryimage\"},\"thumbnailUrl\":\"http:\/\/tuzfalcsoport.blog\/wp-content\/uploads\/2026\/03\/IMG_5689-199x300.jpeg\",\"datePublished\":\"2026-03-14T08:58:17+00:00\",\"dateModified\":\"2026-03-14T08:59:32+00:00\",\"breadcrumb\":{\"@id\":\"https:\/\/tuzfalcsoport.blog\/?p=368#breadcrumb\"},\"inLanguage\":\"hu\",\"potentialAction\":[{\"@type\":\"ReadAction\",\"target\":[\"https:\/\/tuzfalcsoport.blog\/?p=368\"]}]},{\"@type\":\"ImageObject\",\"inLanguage\":\"hu\",\"@id\":\"https:\/\/tuzfalcsoport.blog\/?p=368#primaryimage\",\"url\":\"http:\/\/tuzfalcsoport.blog\/wp-content\/uploads\/2026\/03\/IMG_5689.jpeg\",\"contentUrl\":\"http:\/\/tuzfalcsoport.blog\/wp-content\/uploads\/2026\/03\/IMG_5689.jpeg\",\"width\":766,\"height\":1153,\"caption\":\"Screenshot\"},{\"@type\":\"BreadcrumbList\",\"@id\":\"https:\/\/tuzfalcsoport.blog\/?p=368#breadcrumb\",\"itemListElement\":[{\"@type\":\"ListItem\",\"position\":1,\"name\":\"Home\",\"item\":\"http:\/\/tuzfalcsoport.blog\/\"},{\"@type\":\"ListItem\",\"position\":2,\"name\":\"\ud83d\udcccMark\u00e1nsan jelen van az antiszemitizmus a tisz\u00e1s k\u00f6z\u00f6ss\u00e9gi m\u00e9dia-csoportokban\"}]},{\"@type\":\"WebSite\",\"@id\":\"http:\/\/tuzfalcsoport.blog\/#website\",\"url\":\"http:\/\/tuzfalcsoport.blog\/\",\"name\":\"T\u0171zfalcsoport\",\"description\":\"\",\"publisher\":{\"@id\":\"http:\/\/tuzfalcsoport.blog\/#organization\"},\"potentialAction\":[{\"@type\":\"SearchAction\",\"target\":{\"@type\":\"EntryPoint\",\"urlTemplate\":\"http:\/\/tuzfalcsoport.blog\/?s={search_term_string}\"},\"query-input\":{\"@type\":\"PropertyValueSpecification\",\"valueRequired\":true,\"valueName\":\"search_term_string\"}}],\"inLanguage\":\"hu\"},{\"@type\":\"Organization\",\"@id\":\"http:\/\/tuzfalcsoport.blog\/#organization\",\"name\":\"T\u0171zfalcsoport\",\"url\":\"http:\/\/tuzfalcsoport.blog\/\",\"logo\":{\"@type\":\"ImageObject\",\"inLanguage\":\"hu\",\"@id\":\"http:\/\/tuzfalcsoport.blog\/#\/schema\/logo\/image\/\",\"url\":\"http:\/\/tuzfalcsoport.blog\/wp-content\/uploads\/2026\/01\/TCS_borito3-scaled.jpg\",\"contentUrl\":\"http:\/\/tuzfalcsoport.blog\/wp-content\/uploads\/2026\/01\/TCS_borito3-scaled.jpg\",\"width\":2560,\"height\":640,\"caption\":\"T\u0171zfalcsoport\"},\"image\":{\"@id\":\"http:\/\/tuzfalcsoport.blog\/#\/schema\/logo\/image\/\"}},{\"@type\":\"Person\",\"@id\":\"http:\/\/tuzfalcsoport.blog\/#\/schema\/person\/0dbc8ce6fe1c972173556c4bea45d879\",\"name\":\"T\u0171zfalcsoport\",\"image\":{\"@type\":\"ImageObject\",\"inLanguage\":\"hu\",\"@id\":\"http:\/\/tuzfalcsoport.blog\/#\/schema\/person\/image\/\",\"url\":\"https:\/\/secure.gravatar.com\/avatar\/6a89eb668c2a2380540f358d8a1dd366bd36bf902c70e9d4bbb8f5b85d9e363b?s=96&d=mm&r=g\",\"contentUrl\":\"https:\/\/secure.gravatar.com\/avatar\/6a89eb668c2a2380540f358d8a1dd366bd36bf902c70e9d4bbb8f5b85d9e363b?s=96&d=mm&r=g\",\"caption\":\"T\u0171zfalcsoport\"},\"sameAs\":[\"http:\/\/tuzfalcsoport.blog\"],\"url\":\"http:\/\/tuzfalcsoport.blog\/?author=1\"}]}<\/script>\n<!-- \/ Yoast SEO plugin. -->","yoast_head_json":{"title":"\ud83d\udcccMark\u00e1nsan jelen van az antiszemitizmus a tisz\u00e1s k\u00f6z\u00f6ss\u00e9gi m\u00e9dia-csoportokban - T\u0171zfalcsoport","robots":{"index":"index","follow":"follow","max-snippet":"max-snippet:-1","max-image-preview":"max-image-preview:large","max-video-preview":"max-video-preview:-1"},"canonical":"https:\/\/tuzfalcsoport.blog\/?p=368","og_locale":"hu_HU","og_type":"article","og_title":"\ud83d\udcccMark\u00e1nsan jelen van az antiszemitizmus a tisz\u00e1s k\u00f6z\u00f6ss\u00e9gi m\u00e9dia-csoportokban - T\u0171zfalcsoport","og_description":"\u26a0\ufe0f T\u00e1rk\u00e1nyi Zsolt karlend\u00edt\u00e9se j\u00f3l illeszkedik a zsid\u00f3s\u00e1ggal szembeni gy\u0171l\u00f6letet mutat\u00f3 tisz\u00e1s bejegyz\u00e9sek sor\u00e1ba, amelyek k\u00f6z\u00fcl j\u00f3 p\u00e1r h\u00f3napok \u00f3ra el\u00e9rhet\u0151 &#8211; az adminisztr\u00e1torok j\u00f3v\u00e1hagy\u00e1s\u00e1val. A Hetek c\u00edm\u0171 lap a tegnapi napon k\u00f6z\u00f6lt egy mag\u00e1t a s\u00e1lj\u00e1val eltakar\u00f3, karlend\u00edt\u0151 f\u00e9rfit, akir\u0151l a forr\u00e1saik azt \u00e1ll\u00edtj\u00e1k, hogy \u0151 T\u00e1rk\u00e1nyi Zsolt, a Tisza P\u00e1rt sajt\u00f3f\u0151n\u00f6ke \u00e9s egyben ... Olvass tov\u00e1bb","og_url":"https:\/\/tuzfalcsoport.blog\/?p=368","og_site_name":"T\u0171zfalcsoport","article_published_time":"2026-03-14T08:58:17+00:00","article_modified_time":"2026-03-14T08:59:32+00:00","og_image":[{"url":"http:\/\/tuzfalcsoport.blog\/wp-content\/uploads\/2026\/03\/IMG_5689-199x300.jpeg","type":"","width":"","height":""}],"author":"T\u0171zfalcsoport","twitter_card":"summary_large_image","twitter_misc":{"Szerz\u0151:":"T\u0171zfalcsoport","Becs\u00fclt olvas\u00e1si id\u0151":"4 perc"},"schema":{"@context":"https:\/\/schema.org","@graph":[{"@type":"Article","@id":"https:\/\/tuzfalcsoport.blog\/?p=368#article","isPartOf":{"@id":"https:\/\/tuzfalcsoport.blog\/?p=368"},"author":{"name":"T\u0171zfalcsoport","@id":"http:\/\/tuzfalcsoport.blog\/#\/schema\/person\/0dbc8ce6fe1c972173556c4bea45d879"},"headline":"\ud83d\udcccMark\u00e1nsan jelen van az antiszemitizmus a tisz\u00e1s k\u00f6z\u00f6ss\u00e9gi m\u00e9dia-csoportokban","datePublished":"2026-03-14T08:58:17+00:00","dateModified":"2026-03-14T08:59:32+00:00","mainEntityOfPage":{"@id":"https:\/\/tuzfalcsoport.blog\/?p=368"},"wordCount":822,"commentCount":0,"publisher":{"@id":"http:\/\/tuzfalcsoport.blog\/#organization"},"image":{"@id":"https:\/\/tuzfalcsoport.blog\/?p=368#primaryimage"},"thumbnailUrl":"http:\/\/tuzfalcsoport.blog\/wp-content\/uploads\/2026\/03\/IMG_5689-199x300.jpeg","articleSection":["Uncategorized"],"inLanguage":"hu","potentialAction":[{"@type":"CommentAction","name":"Comment","target":["https:\/\/tuzfalcsoport.blog\/?p=368#respond"]}]},{"@type":"WebPage","@id":"https:\/\/tuzfalcsoport.blog\/?p=368","url":"https:\/\/tuzfalcsoport.blog\/?p=368","name":"\ud83d\udcccMark\u00e1nsan jelen van az antiszemitizmus a tisz\u00e1s k\u00f6z\u00f6ss\u00e9gi m\u00e9dia-csoportokban - T\u0171zfalcsoport","isPartOf":{"@id":"http:\/\/tuzfalcsoport.blog\/#website"},"primaryImageOfPage":{"@id":"https:\/\/tuzfalcsoport.blog\/?p=368#primaryimage"},"image":{"@id":"https:\/\/tuzfalcsoport.blog\/?p=368#primaryimage"},"thumbnailUrl":"http:\/\/tuzfalcsoport.blog\/wp-content\/uploads\/2026\/03\/IMG_5689-199x300.jpeg","datePublished":"2026-03-14T08:58:17+00:00","dateModified":"2026-03-14T08:59:32+00:00","breadcrumb":{"@id":"https:\/\/tuzfalcsoport.blog\/?p=368#breadcrumb"},"inLanguage":"hu","potentialAction":[{"@type":"ReadAction","target":["https:\/\/tuzfalcsoport.blog\/?p=368"]}]},{"@type":"ImageObject","inLanguage":"hu","@id":"https:\/\/tuzfalcsoport.blog\/?p=368#primaryimage","url":"http:\/\/tuzfalcsoport.blog\/wp-content\/uploads\/2026\/03\/IMG_5689.jpeg","contentUrl":"http:\/\/tuzfalcsoport.blog\/wp-content\/uploads\/2026\/03\/IMG_5689.jpeg","width":766,"height":1153,"caption":"Screenshot"},{"@type":"BreadcrumbList","@id":"https:\/\/tuzfalcsoport.blog\/?p=368#breadcrumb","itemListElement":[{"@type":"ListItem","position":1,"name":"Home","item":"http:\/\/tuzfalcsoport.blog\/"},{"@type":"ListItem","position":2,"name":"\ud83d\udcccMark\u00e1nsan jelen van az antiszemitizmus a tisz\u00e1s k\u00f6z\u00f6ss\u00e9gi m\u00e9dia-csoportokban"}]},{"@type":"WebSite","@id":"http:\/\/tuzfalcsoport.blog\/#website","url":"http:\/\/tuzfalcsoport.blog\/","name":"T\u0171zfalcsoport","description":"","publisher":{"@id":"http:\/\/tuzfalcsoport.blog\/#organization"},"potentialAction":[{"@type":"SearchAction","target":{"@type":"EntryPoint","urlTemplate":"http:\/\/tuzfalcsoport.blog\/?s={search_term_string}"},"query-input":{"@type":"PropertyValueSpecification","valueRequired":true,"valueName":"search_term_string"}}],"inLanguage":"hu"},{"@type":"Organization","@id":"http:\/\/tuzfalcsoport.blog\/#organization","name":"T\u0171zfalcsoport","url":"http:\/\/tuzfalcsoport.blog\/","logo":{"@type":"ImageObject","inLanguage":"hu","@id":"http:\/\/tuzfalcsoport.blog\/#\/schema\/logo\/image\/","url":"http:\/\/tuzfalcsoport.blog\/wp-content\/uploads\/2026\/01\/TCS_borito3-scaled.jpg","contentUrl":"http:\/\/tuzfalcsoport.blog\/wp-content\/uploads\/2026\/01\/TCS_borito3-scaled.jpg","width":2560,"height":640,"caption":"T\u0171zfalcsoport"},"image":{"@id":"http:\/\/tuzfalcsoport.blog\/#\/schema\/logo\/image\/"}},{"@type":"Person","@id":"http:\/\/tuzfalcsoport.blog\/#\/schema\/person\/0dbc8ce6fe1c972173556c4bea45d879","name":"T\u0171zfalcsoport","image":{"@type":"ImageObject","inLanguage":"hu","@id":"http:\/\/tuzfalcsoport.blog\/#\/schema\/person\/image\/","url":"https:\/\/secure.gravatar.com\/avatar\/6a89eb668c2a2380540f358d8a1dd366bd36bf902c70e9d4bbb8f5b85d9e363b?s=96&d=mm&r=g","contentUrl":"https:\/\/secure.gravatar.com\/avatar\/6a89eb668c2a2380540f358d8a1dd366bd36bf902c70e9d4bbb8f5b85d9e363b?s=96&d=mm&r=g","caption":"T\u0171zfalcsoport"},"sameAs":["http:\/\/tuzfalcsoport.blog"],"url":"http:\/\/tuzfalcsoport.blog\/?author=1"}]}},"_links":{"self":[{"href":"http:\/\/tuzfalcsoport.blog\/index.php?rest_route=\/wp\/v2\/posts\/368","targetHints":{"allow":["GET"]}}],"collection":[{"href":"http:\/\/tuzfalcsoport.blog\/index.php?rest_route=\/wp\/v2\/posts"}],"about":[{"href":"http:\/\/tuzfalcsoport.blog\/index.php?rest_route=\/wp\/v2\/types\/post"}],"author":[{"embeddable":true,"href":"http:\/\/tuzfalcsoport.blog\/index.php?rest_route=\/wp\/v2\/users\/1"}],"replies":[{"embeddable":true,"href":"http:\/\/tuzfalcsoport.blog\/index.php?rest_route=%2Fwp%2Fv2%2Fcomments&post=368"}],"version-history":[{"count":2,"href":"http:\/\/tuzfalcsoport.blog\/index.php?rest_route=\/wp\/v2\/posts\/368\/revisions"}],"predecessor-version":[{"id":376,"href":"http:\/\/tuzfalcsoport.blog\/index.php?rest_route=\/wp\/v2\/posts\/368\/revisions\/376"}],"wp:attachment":[{"href":"http:\/\/tuzfalcsoport.blog\/index.php?rest_route=%2Fwp%2Fv2%2Fmedia&parent=368"}],"wp:term":[{"taxonomy":"category","embeddable":true,"href":"http:\/\/tuzfalcsoport.blog\/index.php?rest_route=%2Fwp%2Fv2%2Fcategories&post=368"},{"taxonomy":"post_tag","embeddable":true,"href":"http:\/\/tuzfalcsoport.blog\/index.php?rest_route=%2Fwp%2Fv2%2Ftags&post=368"}],"curies":[{"name":"wp","href":"https:\/\/api.w.org\/{rel}","templated":true}]}}