{"id":377,"date":"2026-03-14T12:26:06","date_gmt":"2026-03-14T11:26:06","guid":{"rendered":"http:\/\/tuzfalcsoport.blog\/?p=377"},"modified":"2026-03-14T12:29:07","modified_gmt":"2026-03-14T11:29:07","slug":"%f0%9f%93%8ca-szuperkorhazak-epitese-magyar-peterek-nagy-atverese","status":"publish","type":"post","link":"http:\/\/tuzfalcsoport.blog\/?p=377","title":{"rendered":"\ud83d\udcccA \u201cSzuperk\u00f3rh\u00e1zak\u201d \u00e9p\u00edt\u00e9se Magyar P\u00e9ter\u00e9k nagy \u00e1tver\u00e9se"},"content":{"rendered":"<p class=\"p2\"><span style=\"font-size: inherit;\">\u26a0\ufe0f A Tisza P\u00e1rt p\u00e9csi orsz\u00e1ggy\u0171l\u00e9si k\u00e9pvisel\u0151-jel\u00f6ltje leleplezi a tisz\u00e1sok val\u00f3di terveit.<\/span><\/p>\n<p class=\"p2\"><span class=\"s2\">Dr. Ruzsa Di\u00e1na, aki a Tisza sz\u00edneiben P\u00e9csen, Baranya 01 v\u00e1laszt\u00f3ker\u00fcletben indul \u00e9s akinek a kapcs\u00e1n a P\u00e9cs Aktu\u00e1l arr\u00f3l <a href=\"https:\/\/pecsaktual.hu\/hirek\/mszmp-s-parttikar-es-az-mszp-volt-penztarnoka-is-felsejlik-a-tisza-part-baranyai-pecsi-jeloltjei-mogott\/\">\u00edrt<\/a>, hogy MSZMP-s p\u00e1rttik\u00e1r, \u00e9s az MSZP volt p\u00e9nzt\u00e1rnoka is felsejlik a Tisza P\u00e1rt baranyai, p\u00e9csi jel\u00f6ltjei m\u00f6g\u00f6tt, friss vide\u00f3j\u00e1ban arr\u00f3l besz\u00e9l, hogy a \u201cSzuperkorh\u00e1z\u201d l\u00e9trehoz\u00e1sa p\u00e9ld\u00e1ul P\u00e9csett <\/span><\/p>\n<p class=\"p2\"><span style=\"color: #ff0000;\"><strong><span class=\"s2\">\u201cnem azt jelenti, hogy \u00faj \u00e9p\u00fcletet h\u00fazn\u00e1nl f\u00f6l, mert \u00e9p\u00fcleteink m\u00e1r vannak\u201d<\/span><\/strong><\/span><\/p>\n<p><iframe loading=\"lazy\" title=\"\ud83d\udcccAz \u00faj \u201cSzuperk\u00f3rh\u00e1zak\u201d \u00e9p\u00edt\u00e9se Magyar P\u00e9ter\u00e9k nagy \u00e1tver\u00e9se\" width=\"563\" height=\"1000\" src=\"https:\/\/www.youtube.com\/embed\/M4hLam0gi1I?feature=oembed\" frameborder=\"0\" allow=\"accelerometer; autoplay; clipboard-write; encrypted-media; gyroscope; picture-in-picture; web-share\" referrerpolicy=\"strict-origin-when-cross-origin\" allowfullscreen><\/iframe><\/p>\n<p class=\"p2\"><strong><span class=\"s2\">\u26a0\ufe0fEhhez k\u00e9pest az eredeti v\u00e1llal\u00e1s az volt, hogy 2035-ig minden r\u00e9gi\u00f3ban \u00e9p\u00fclne egy 21. sz\u00e1zadi szuperk\u00f3rh\u00e1z, de val\u00f3j\u00e1ban <\/span><span class=\"s2\">a Szent Istv\u00e1n-programban Magyar P\u00e9ter ezt csak kamp\u00e1ny\u00edg\u00e9retnek sz\u00e1nta minden jel szerint.<\/span><\/strong><\/p>\n<figure id=\"attachment_378\" aria-describedby=\"caption-attachment-378\" style=\"width: 290px\" class=\"wp-caption alignnone\"><img loading=\"lazy\" decoding=\"async\" class=\"size-medium wp-image-378\" src=\"http:\/\/tuzfalcsoport.blog\/wp-content\/uploads\/2026\/03\/IMG_5703-300x228.jpeg\" alt=\"\" width=\"300\" height=\"228\" srcset=\"http:\/\/tuzfalcsoport.blog\/wp-content\/uploads\/2026\/03\/IMG_5703-300x228.jpeg 300w, http:\/\/tuzfalcsoport.blog\/wp-content\/uploads\/2026\/03\/IMG_5703-1024x779.jpeg 1024w, http:\/\/tuzfalcsoport.blog\/wp-content\/uploads\/2026\/03\/IMG_5703-768x584.jpeg 768w, http:\/\/tuzfalcsoport.blog\/wp-content\/uploads\/2026\/03\/IMG_5703.jpeg 1260w\" sizes=\"auto, (max-width: 300px) 100vw, 300px\" \/><figcaption id=\"caption-attachment-378\" class=\"wp-caption-text\">Screenshot<\/figcaption><\/figure>\n<p class=\"p2\"><span class=\"s2\">Ugyanerr\u0151l \u00edrt Facebook oldal\u00e1n Koll\u00e1r Kinga tisz\u00e1s EP k\u00e9pvisel\u0151 is.<\/span><\/p>\n<figure id=\"attachment_379\" aria-describedby=\"caption-attachment-379\" style=\"width: 238px\" class=\"wp-caption alignnone\"><img loading=\"lazy\" decoding=\"async\" class=\"size-medium wp-image-379\" src=\"http:\/\/tuzfalcsoport.blog\/wp-content\/uploads\/2026\/03\/IMG_5704-248x300.jpeg\" alt=\"\" width=\"248\" height=\"300\" srcset=\"http:\/\/tuzfalcsoport.blog\/wp-content\/uploads\/2026\/03\/IMG_5704-248x300.jpeg 248w, http:\/\/tuzfalcsoport.blog\/wp-content\/uploads\/2026\/03\/IMG_5704-846x1024.jpeg 846w, http:\/\/tuzfalcsoport.blog\/wp-content\/uploads\/2026\/03\/IMG_5704-768x930.jpeg 768w, http:\/\/tuzfalcsoport.blog\/wp-content\/uploads\/2026\/03\/IMG_5704.jpeg 1260w\" sizes=\"auto, (max-width: 248px) 100vw, 248px\" \/><figcaption id=\"caption-attachment-379\" class=\"wp-caption-text\">Screenshot<\/figcaption><\/figure>\n<p class=\"p2\"><span class=\"s2\">\u0150 volt az, aki 2025 tavasz\u00e1n az EP k\u00f6lts\u00e9gvet\u00e9si ellen\u0151rz\u0151 bizotts\u00e1g\u00e1nak \u00fcl\u00e9s\u00e9n \u00edgy <a href=\"https:\/\/magyarnemzet.hu\/belfold\/2026\/03\/a-befagyasztott-unios-penzek-miatt-elmarado-korhazfelujitasokat-pozitivnak-feltunteto-tiszas-ep-kepviselo-most-az-egeszsegugy-javitasaert-kampanyol\">fogalmazott<\/a>: \u201emagyark\u00e9nt azt kell mondanom, hogy [a jog\u00e1llamis\u00e1gi elj\u00e1r\u00e1s] nagyon hat\u00e9konynak bizonyult, mert megk\u00f6zel\u00edt\u0151leg 21 milli\u00e1rd eur\u00f3t f\u00fcggesztettek fel, \u00e9s ebb\u0151l egymilli\u00e1rd m\u00e1r el is veszett a magyarok sz\u00e1m\u00e1ra. \u00c9s ennek nagyon s\u00falyos hat\u00e1sa volt a magyar \u00e1llamra, mivel nem tud befektetni a k\u00f6zszolg\u00e1ltat\u00e1sokba. Term\u00e9szetesen nem tudja t\u00e1mogatni a magyar gazdas\u00e1got, \u00e9s nem tud extra szoci\u00e1lis szolg\u00e1ltat\u00e1sokat ny\u00fajtani az embereknek. \u00dagy \u00e9rtem, csak hogy p\u00e1r p\u00e9ld\u00e1t hozzak, az RRF-programb\u00f3l \u00f6tven k\u00f3rh\u00e1zban lehetett volna fel\u00faj\u00edt\u00e1st v\u00e9gezni, amib\u0151l nem lett semmi.\u201d<\/span><\/p>\n","protected":false},"excerpt":{"rendered":"<p>\u26a0\ufe0f A Tisza P\u00e1rt p\u00e9csi orsz\u00e1ggy\u0171l\u00e9si k\u00e9pvisel\u0151-jel\u00f6ltje leleplezi a tisz\u00e1sok val\u00f3di terveit. Dr. Ruzsa Di\u00e1na, aki a Tisza sz\u00edneiben P\u00e9csen, Baranya 01 v\u00e1laszt\u00f3ker\u00fcletben indul \u00e9s akinek a kapcs\u00e1n a P\u00e9cs Aktu\u00e1l arr\u00f3l \u00edrt, hogy MSZMP-s p\u00e1rttik\u00e1r, \u00e9s az MSZP volt p\u00e9nzt\u00e1rnoka is felsejlik a Tisza P\u00e1rt baranyai, p\u00e9csi jel\u00f6ltjei m\u00f6g\u00f6tt, friss vide\u00f3j\u00e1ban arr\u00f3l besz\u00e9l, hogy &#8230; <a title=\"\ud83d\udcccA \u201cSzuperk\u00f3rh\u00e1zak\u201d \u00e9p\u00edt\u00e9se Magyar P\u00e9ter\u00e9k nagy \u00e1tver\u00e9se\" class=\"read-more\" href=\"http:\/\/tuzfalcsoport.blog\/?p=377\" aria-label=\"Read more about \ud83d\udcccA \u201cSzuperk\u00f3rh\u00e1zak\u201d \u00e9p\u00edt\u00e9se Magyar P\u00e9ter\u00e9k nagy \u00e1tver\u00e9se\">Olvass tov\u00e1bb<\/a><\/p>\n","protected":false},"author":1,"featured_media":0,"comment_status":"open","ping_status":"open","sticky":false,"template":"","format":"standard","meta":{"footnotes":""},"categories":[1],"tags":[],"class_list":["post-377","post","type-post","status-publish","format-standard","hentry","category-uncategorized"],"yoast_head":"<!-- This site is optimized with the Yoast SEO plugin v26.7 - https:\/\/yoast.com\/wordpress\/plugins\/seo\/ -->\n<title>\ud83d\udcccA \u201cSzuperk\u00f3rh\u00e1zak\u201d \u00e9p\u00edt\u00e9se Magyar P\u00e9ter\u00e9k nagy \u00e1tver\u00e9se - T\u0171zfalcsoport<\/title>\n<meta name=\"robots\" content=\"index, follow, max-snippet:-1, max-image-preview:large, max-video-preview:-1\" \/>\n<link rel=\"canonical\" href=\"https:\/\/tuzfalcsoport.blog\/?p=377\" \/>\n<meta property=\"og:locale\" content=\"hu_HU\" \/>\n<meta property=\"og:type\" content=\"article\" \/>\n<meta property=\"og:title\" content=\"\ud83d\udcccA \u201cSzuperk\u00f3rh\u00e1zak\u201d \u00e9p\u00edt\u00e9se Magyar P\u00e9ter\u00e9k nagy \u00e1tver\u00e9se - T\u0171zfalcsoport\" \/>\n<meta property=\"og:description\" content=\"\u26a0\ufe0f A Tisza P\u00e1rt p\u00e9csi orsz\u00e1ggy\u0171l\u00e9si k\u00e9pvisel\u0151-jel\u00f6ltje leleplezi a tisz\u00e1sok val\u00f3di terveit. Dr. Ruzsa Di\u00e1na, aki a Tisza sz\u00edneiben P\u00e9csen, Baranya 01 v\u00e1laszt\u00f3ker\u00fcletben indul \u00e9s akinek a kapcs\u00e1n a P\u00e9cs Aktu\u00e1l arr\u00f3l \u00edrt, hogy MSZMP-s p\u00e1rttik\u00e1r, \u00e9s az MSZP volt p\u00e9nzt\u00e1rnoka is felsejlik a Tisza P\u00e1rt baranyai, p\u00e9csi jel\u00f6ltjei m\u00f6g\u00f6tt, friss vide\u00f3j\u00e1ban arr\u00f3l besz\u00e9l, hogy ... Olvass tov\u00e1bb\" \/>\n<meta property=\"og:url\" content=\"https:\/\/tuzfalcsoport.blog\/?p=377\" \/>\n<meta property=\"og:site_name\" content=\"T\u0171zfalcsoport\" \/>\n<meta property=\"article:published_time\" content=\"2026-03-14T11:26:06+00:00\" \/>\n<meta property=\"article:modified_time\" content=\"2026-03-14T11:29:07+00:00\" \/>\n<meta property=\"og:image\" content=\"http:\/\/tuzfalcsoport.blog\/wp-content\/uploads\/2026\/03\/IMG_5703-300x228.jpeg\" \/>\n<meta name=\"author\" content=\"T\u0171zfalcsoport\" \/>\n<meta name=\"twitter:card\" content=\"summary_large_image\" \/>\n<meta name=\"twitter:label1\" content=\"Szerz\u0151:\" \/>\n\t<meta name=\"twitter:data1\" content=\"T\u0171zfalcsoport\" \/>\n\t<meta name=\"twitter:label2\" content=\"Becs\u00fclt olvas\u00e1si id\u0151\" \/>\n\t<meta name=\"twitter:data2\" content=\"2 perc\" \/>\n<script type=\"application\/ld+json\" class=\"yoast-schema-graph\">{\"@context\":\"https:\/\/schema.org\",\"@graph\":[{\"@type\":\"Article\",\"@id\":\"https:\/\/tuzfalcsoport.blog\/?p=377#article\",\"isPartOf\":{\"@id\":\"https:\/\/tuzfalcsoport.blog\/?p=377\"},\"author\":{\"name\":\"T\u0171zfalcsoport\",\"@id\":\"http:\/\/tuzfalcsoport.blog\/#\/schema\/person\/0dbc8ce6fe1c972173556c4bea45d879\"},\"headline\":\"\ud83d\udcccA \u201cSzuperk\u00f3rh\u00e1zak\u201d \u00e9p\u00edt\u00e9se Magyar P\u00e9ter\u00e9k nagy \u00e1tver\u00e9se\",\"datePublished\":\"2026-03-14T11:26:06+00:00\",\"dateModified\":\"2026-03-14T11:29:07+00:00\",\"mainEntityOfPage\":{\"@id\":\"https:\/\/tuzfalcsoport.blog\/?p=377\"},\"wordCount\":355,\"commentCount\":0,\"publisher\":{\"@id\":\"http:\/\/tuzfalcsoport.blog\/#organization\"},\"image\":{\"@id\":\"https:\/\/tuzfalcsoport.blog\/?p=377#primaryimage\"},\"thumbnailUrl\":\"http:\/\/tuzfalcsoport.blog\/wp-content\/uploads\/2026\/03\/IMG_5703-300x228.jpeg\",\"articleSection\":[\"Uncategorized\"],\"inLanguage\":\"hu\",\"potentialAction\":[{\"@type\":\"CommentAction\",\"name\":\"Comment\",\"target\":[\"https:\/\/tuzfalcsoport.blog\/?p=377#respond\"]}]},{\"@type\":\"WebPage\",\"@id\":\"https:\/\/tuzfalcsoport.blog\/?p=377\",\"url\":\"https:\/\/tuzfalcsoport.blog\/?p=377\",\"name\":\"\ud83d\udcccA \u201cSzuperk\u00f3rh\u00e1zak\u201d \u00e9p\u00edt\u00e9se Magyar P\u00e9ter\u00e9k nagy \u00e1tver\u00e9se - T\u0171zfalcsoport\",\"isPartOf\":{\"@id\":\"http:\/\/tuzfalcsoport.blog\/#website\"},\"primaryImageOfPage\":{\"@id\":\"https:\/\/tuzfalcsoport.blog\/?p=377#primaryimage\"},\"image\":{\"@id\":\"https:\/\/tuzfalcsoport.blog\/?p=377#primaryimage\"},\"thumbnailUrl\":\"http:\/\/tuzfalcsoport.blog\/wp-content\/uploads\/2026\/03\/IMG_5703-300x228.jpeg\",\"datePublished\":\"2026-03-14T11:26:06+00:00\",\"dateModified\":\"2026-03-14T11:29:07+00:00\",\"breadcrumb\":{\"@id\":\"https:\/\/tuzfalcsoport.blog\/?p=377#breadcrumb\"},\"inLanguage\":\"hu\",\"potentialAction\":[{\"@type\":\"ReadAction\",\"target\":[\"https:\/\/tuzfalcsoport.blog\/?p=377\"]}]},{\"@type\":\"ImageObject\",\"inLanguage\":\"hu\",\"@id\":\"https:\/\/tuzfalcsoport.blog\/?p=377#primaryimage\",\"url\":\"http:\/\/tuzfalcsoport.blog\/wp-content\/uploads\/2026\/03\/IMG_5703.jpeg\",\"contentUrl\":\"http:\/\/tuzfalcsoport.blog\/wp-content\/uploads\/2026\/03\/IMG_5703.jpeg\",\"width\":1260,\"height\":958,\"caption\":\"Screenshot\"},{\"@type\":\"BreadcrumbList\",\"@id\":\"https:\/\/tuzfalcsoport.blog\/?p=377#breadcrumb\",\"itemListElement\":[{\"@type\":\"ListItem\",\"position\":1,\"name\":\"Home\",\"item\":\"http:\/\/tuzfalcsoport.blog\/\"},{\"@type\":\"ListItem\",\"position\":2,\"name\":\"\ud83d\udcccA \u201cSzuperk\u00f3rh\u00e1zak\u201d \u00e9p\u00edt\u00e9se Magyar P\u00e9ter\u00e9k nagy \u00e1tver\u00e9se\"}]},{\"@type\":\"WebSite\",\"@id\":\"http:\/\/tuzfalcsoport.blog\/#website\",\"url\":\"http:\/\/tuzfalcsoport.blog\/\",\"name\":\"T\u0171zfalcsoport\",\"description\":\"\",\"publisher\":{\"@id\":\"http:\/\/tuzfalcsoport.blog\/#organization\"},\"potentialAction\":[{\"@type\":\"SearchAction\",\"target\":{\"@type\":\"EntryPoint\",\"urlTemplate\":\"http:\/\/tuzfalcsoport.blog\/?s={search_term_string}\"},\"query-input\":{\"@type\":\"PropertyValueSpecification\",\"valueRequired\":true,\"valueName\":\"search_term_string\"}}],\"inLanguage\":\"hu\"},{\"@type\":\"Organization\",\"@id\":\"http:\/\/tuzfalcsoport.blog\/#organization\",\"name\":\"T\u0171zfalcsoport\",\"url\":\"http:\/\/tuzfalcsoport.blog\/\",\"logo\":{\"@type\":\"ImageObject\",\"inLanguage\":\"hu\",\"@id\":\"http:\/\/tuzfalcsoport.blog\/#\/schema\/logo\/image\/\",\"url\":\"http:\/\/tuzfalcsoport.blog\/wp-content\/uploads\/2026\/01\/TCS_borito3-scaled.jpg\",\"contentUrl\":\"http:\/\/tuzfalcsoport.blog\/wp-content\/uploads\/2026\/01\/TCS_borito3-scaled.jpg\",\"width\":2560,\"height\":640,\"caption\":\"T\u0171zfalcsoport\"},\"image\":{\"@id\":\"http:\/\/tuzfalcsoport.blog\/#\/schema\/logo\/image\/\"}},{\"@type\":\"Person\",\"@id\":\"http:\/\/tuzfalcsoport.blog\/#\/schema\/person\/0dbc8ce6fe1c972173556c4bea45d879\",\"name\":\"T\u0171zfalcsoport\",\"image\":{\"@type\":\"ImageObject\",\"inLanguage\":\"hu\",\"@id\":\"http:\/\/tuzfalcsoport.blog\/#\/schema\/person\/image\/\",\"url\":\"https:\/\/secure.gravatar.com\/avatar\/6a89eb668c2a2380540f358d8a1dd366bd36bf902c70e9d4bbb8f5b85d9e363b?s=96&d=mm&r=g\",\"contentUrl\":\"https:\/\/secure.gravatar.com\/avatar\/6a89eb668c2a2380540f358d8a1dd366bd36bf902c70e9d4bbb8f5b85d9e363b?s=96&d=mm&r=g\",\"caption\":\"T\u0171zfalcsoport\"},\"sameAs\":[\"http:\/\/tuzfalcsoport.blog\"],\"url\":\"http:\/\/tuzfalcsoport.blog\/?author=1\"}]}<\/script>\n<!-- \/ Yoast SEO plugin. -->","yoast_head_json":{"title":"\ud83d\udcccA \u201cSzuperk\u00f3rh\u00e1zak\u201d \u00e9p\u00edt\u00e9se Magyar P\u00e9ter\u00e9k nagy \u00e1tver\u00e9se - T\u0171zfalcsoport","robots":{"index":"index","follow":"follow","max-snippet":"max-snippet:-1","max-image-preview":"max-image-preview:large","max-video-preview":"max-video-preview:-1"},"canonical":"https:\/\/tuzfalcsoport.blog\/?p=377","og_locale":"hu_HU","og_type":"article","og_title":"\ud83d\udcccA \u201cSzuperk\u00f3rh\u00e1zak\u201d \u00e9p\u00edt\u00e9se Magyar P\u00e9ter\u00e9k nagy \u00e1tver\u00e9se - T\u0171zfalcsoport","og_description":"\u26a0\ufe0f A Tisza P\u00e1rt p\u00e9csi orsz\u00e1ggy\u0171l\u00e9si k\u00e9pvisel\u0151-jel\u00f6ltje leleplezi a tisz\u00e1sok val\u00f3di terveit. Dr. Ruzsa Di\u00e1na, aki a Tisza sz\u00edneiben P\u00e9csen, Baranya 01 v\u00e1laszt\u00f3ker\u00fcletben indul \u00e9s akinek a kapcs\u00e1n a P\u00e9cs Aktu\u00e1l arr\u00f3l \u00edrt, hogy MSZMP-s p\u00e1rttik\u00e1r, \u00e9s az MSZP volt p\u00e9nzt\u00e1rnoka is felsejlik a Tisza P\u00e1rt baranyai, p\u00e9csi jel\u00f6ltjei m\u00f6g\u00f6tt, friss vide\u00f3j\u00e1ban arr\u00f3l besz\u00e9l, hogy ... Olvass tov\u00e1bb","og_url":"https:\/\/tuzfalcsoport.blog\/?p=377","og_site_name":"T\u0171zfalcsoport","article_published_time":"2026-03-14T11:26:06+00:00","article_modified_time":"2026-03-14T11:29:07+00:00","og_image":[{"url":"http:\/\/tuzfalcsoport.blog\/wp-content\/uploads\/2026\/03\/IMG_5703-300x228.jpeg","type":"","width":"","height":""}],"author":"T\u0171zfalcsoport","twitter_card":"summary_large_image","twitter_misc":{"Szerz\u0151:":"T\u0171zfalcsoport","Becs\u00fclt olvas\u00e1si id\u0151":"2 perc"},"schema":{"@context":"https:\/\/schema.org","@graph":[{"@type":"Article","@id":"https:\/\/tuzfalcsoport.blog\/?p=377#article","isPartOf":{"@id":"https:\/\/tuzfalcsoport.blog\/?p=377"},"author":{"name":"T\u0171zfalcsoport","@id":"http:\/\/tuzfalcsoport.blog\/#\/schema\/person\/0dbc8ce6fe1c972173556c4bea45d879"},"headline":"\ud83d\udcccA \u201cSzuperk\u00f3rh\u00e1zak\u201d \u00e9p\u00edt\u00e9se Magyar P\u00e9ter\u00e9k nagy \u00e1tver\u00e9se","datePublished":"2026-03-14T11:26:06+00:00","dateModified":"2026-03-14T11:29:07+00:00","mainEntityOfPage":{"@id":"https:\/\/tuzfalcsoport.blog\/?p=377"},"wordCount":355,"commentCount":0,"publisher":{"@id":"http:\/\/tuzfalcsoport.blog\/#organization"},"image":{"@id":"https:\/\/tuzfalcsoport.blog\/?p=377#primaryimage"},"thumbnailUrl":"http:\/\/tuzfalcsoport.blog\/wp-content\/uploads\/2026\/03\/IMG_5703-300x228.jpeg","articleSection":["Uncategorized"],"inLanguage":"hu","potentialAction":[{"@type":"CommentAction","name":"Comment","target":["https:\/\/tuzfalcsoport.blog\/?p=377#respond"]}]},{"@type":"WebPage","@id":"https:\/\/tuzfalcsoport.blog\/?p=377","url":"https:\/\/tuzfalcsoport.blog\/?p=377","name":"\ud83d\udcccA \u201cSzuperk\u00f3rh\u00e1zak\u201d \u00e9p\u00edt\u00e9se Magyar P\u00e9ter\u00e9k nagy \u00e1tver\u00e9se - T\u0171zfalcsoport","isPartOf":{"@id":"http:\/\/tuzfalcsoport.blog\/#website"},"primaryImageOfPage":{"@id":"https:\/\/tuzfalcsoport.blog\/?p=377#primaryimage"},"image":{"@id":"https:\/\/tuzfalcsoport.blog\/?p=377#primaryimage"},"thumbnailUrl":"http:\/\/tuzfalcsoport.blog\/wp-content\/uploads\/2026\/03\/IMG_5703-300x228.jpeg","datePublished":"2026-03-14T11:26:06+00:00","dateModified":"2026-03-14T11:29:07+00:00","breadcrumb":{"@id":"https:\/\/tuzfalcsoport.blog\/?p=377#breadcrumb"},"inLanguage":"hu","potentialAction":[{"@type":"ReadAction","target":["https:\/\/tuzfalcsoport.blog\/?p=377"]}]},{"@type":"ImageObject","inLanguage":"hu","@id":"https:\/\/tuzfalcsoport.blog\/?p=377#primaryimage","url":"http:\/\/tuzfalcsoport.blog\/wp-content\/uploads\/2026\/03\/IMG_5703.jpeg","contentUrl":"http:\/\/tuzfalcsoport.blog\/wp-content\/uploads\/2026\/03\/IMG_5703.jpeg","width":1260,"height":958,"caption":"Screenshot"},{"@type":"BreadcrumbList","@id":"https:\/\/tuzfalcsoport.blog\/?p=377#breadcrumb","itemListElement":[{"@type":"ListItem","position":1,"name":"Home","item":"http:\/\/tuzfalcsoport.blog\/"},{"@type":"ListItem","position":2,"name":"\ud83d\udcccA \u201cSzuperk\u00f3rh\u00e1zak\u201d \u00e9p\u00edt\u00e9se Magyar P\u00e9ter\u00e9k nagy \u00e1tver\u00e9se"}]},{"@type":"WebSite","@id":"http:\/\/tuzfalcsoport.blog\/#website","url":"http:\/\/tuzfalcsoport.blog\/","name":"T\u0171zfalcsoport","description":"","publisher":{"@id":"http:\/\/tuzfalcsoport.blog\/#organization"},"potentialAction":[{"@type":"SearchAction","target":{"@type":"EntryPoint","urlTemplate":"http:\/\/tuzfalcsoport.blog\/?s={search_term_string}"},"query-input":{"@type":"PropertyValueSpecification","valueRequired":true,"valueName":"search_term_string"}}],"inLanguage":"hu"},{"@type":"Organization","@id":"http:\/\/tuzfalcsoport.blog\/#organization","name":"T\u0171zfalcsoport","url":"http:\/\/tuzfalcsoport.blog\/","logo":{"@type":"ImageObject","inLanguage":"hu","@id":"http:\/\/tuzfalcsoport.blog\/#\/schema\/logo\/image\/","url":"http:\/\/tuzfalcsoport.blog\/wp-content\/uploads\/2026\/01\/TCS_borito3-scaled.jpg","contentUrl":"http:\/\/tuzfalcsoport.blog\/wp-content\/uploads\/2026\/01\/TCS_borito3-scaled.jpg","width":2560,"height":640,"caption":"T\u0171zfalcsoport"},"image":{"@id":"http:\/\/tuzfalcsoport.blog\/#\/schema\/logo\/image\/"}},{"@type":"Person","@id":"http:\/\/tuzfalcsoport.blog\/#\/schema\/person\/0dbc8ce6fe1c972173556c4bea45d879","name":"T\u0171zfalcsoport","image":{"@type":"ImageObject","inLanguage":"hu","@id":"http:\/\/tuzfalcsoport.blog\/#\/schema\/person\/image\/","url":"https:\/\/secure.gravatar.com\/avatar\/6a89eb668c2a2380540f358d8a1dd366bd36bf902c70e9d4bbb8f5b85d9e363b?s=96&d=mm&r=g","contentUrl":"https:\/\/secure.gravatar.com\/avatar\/6a89eb668c2a2380540f358d8a1dd366bd36bf902c70e9d4bbb8f5b85d9e363b?s=96&d=mm&r=g","caption":"T\u0171zfalcsoport"},"sameAs":["http:\/\/tuzfalcsoport.blog"],"url":"http:\/\/tuzfalcsoport.blog\/?author=1"}]}},"_links":{"self":[{"href":"http:\/\/tuzfalcsoport.blog\/index.php?rest_route=\/wp\/v2\/posts\/377","targetHints":{"allow":["GET"]}}],"collection":[{"href":"http:\/\/tuzfalcsoport.blog\/index.php?rest_route=\/wp\/v2\/posts"}],"about":[{"href":"http:\/\/tuzfalcsoport.blog\/index.php?rest_route=\/wp\/v2\/types\/post"}],"author":[{"embeddable":true,"href":"http:\/\/tuzfalcsoport.blog\/index.php?rest_route=\/wp\/v2\/users\/1"}],"replies":[{"embeddable":true,"href":"http:\/\/tuzfalcsoport.blog\/index.php?rest_route=%2Fwp%2Fv2%2Fcomments&post=377"}],"version-history":[{"count":2,"href":"http:\/\/tuzfalcsoport.blog\/index.php?rest_route=\/wp\/v2\/posts\/377\/revisions"}],"predecessor-version":[{"id":381,"href":"http:\/\/tuzfalcsoport.blog\/index.php?rest_route=\/wp\/v2\/posts\/377\/revisions\/381"}],"wp:attachment":[{"href":"http:\/\/tuzfalcsoport.blog\/index.php?rest_route=%2Fwp%2Fv2%2Fmedia&parent=377"}],"wp:term":[{"taxonomy":"category","embeddable":true,"href":"http:\/\/tuzfalcsoport.blog\/index.php?rest_route=%2Fwp%2Fv2%2Fcategories&post=377"},{"taxonomy":"post_tag","embeddable":true,"href":"http:\/\/tuzfalcsoport.blog\/index.php?rest_route=%2Fwp%2Fv2%2Ftags&post=377"}],"curies":[{"name":"wp","href":"https:\/\/api.w.org\/{rel}","templated":true}]}}