{"id":383,"date":"2026-03-15T20:56:10","date_gmt":"2026-03-15T19:56:10","guid":{"rendered":"http:\/\/tuzfalcsoport.blog\/?p=383"},"modified":"2026-03-15T20:56:10","modified_gmt":"2026-03-15T19:56:10","slug":"%f0%9f%93%8ca-magyarok-futsenek-lotragyaval","status":"publish","type":"post","link":"http:\/\/tuzfalcsoport.blog\/?p=383","title":{"rendered":"\ud83d\udcccA magyarok f\u0171tsenek l\u00f3tr\u00e1gy\u00e1val!"},"content":{"rendered":"<p class=\"p2\"><span style=\"font-size: inherit;\">\u26a0\ufe0fEzt Dmitro Korcsinszkij ukr\u00e1n politikus jelentette ki, aki alternat\u00edvak\u00e9nt m\u00e9g a t\u0171zif\u00e1t aj\u00e1nlotta \u00e9s mindent meg fog tenni tov\u00e1bb\u00e1 az\u00e9rt, hogy Magyarorsz\u00e1g \u00e9s Szlov\u00e1kia soha t\u00f6bb\u00e9 ne kapjon g\u00e1zt \u00e9s olajat.<\/span><\/p>\n<p class=\"p2\"><span class=\"s3\">A diktat\u00farap\u00e1rti, Zelenszkijt t\u00e1mogat\u00f3 \u00e9s emberrabl\u00e1sp\u00e1rti Dmitro Korcsinszkij kor\u00e1bban arr\u00f3l <a href=\"https:\/\/magyarnemzet.hu\/kulfold\/2025\/10\/orban-viktor-magyarokat-egy-ukran-politikus-sereg\">besz\u00e9lt<\/a>, ha az ukr\u00e1n seregnek vissza kell vonulnia, akkor Magyarorsz\u00e1gra fog bevonulni. De ehhez el kell puszt\u00edtania Orb\u00e1n Viktort \u00e9s a szembeszeg\u00fcl\u0151ket is.<\/span><\/p>\n<p class=\"p2\"><span class=\"s3\">Legfrissebb \u00fczenet\u00e9ben ism\u00e9t gyal\u00e1zatos kijelent\u00e9seket tett azzal kapcsolatban, hogy a Zelenszkij ukr\u00e1n eln\u00f6k fel\u00e1ll\u00edtott olajblok\u00e1dr\u00f3l mi a v\u00e9lem\u00e9nye.<\/span><\/p>\n<p><iframe loading=\"lazy\" title=\"\ud83d\udcccA magyarok f\u0171tsenek l\u00f3tr\u00e1gy\u00e1val!\" width=\"563\" height=\"1000\" src=\"https:\/\/www.youtube.com\/embed\/OWrJ9IsKBlw?feature=oembed\" frameborder=\"0\" allow=\"accelerometer; autoplay; clipboard-write; encrypted-media; gyroscope; picture-in-picture; web-share\" referrerpolicy=\"strict-origin-when-cross-origin\" allowfullscreen><\/iframe><\/p>\n<p class=\"p2\"><span class=\"s3\">F\u0171tsenek <\/span><span class=\"s2\">l\u00f3tr\u00e1gy\u00e1val<\/span><span class=\"s3\"> vagy esetleg t\u0171zif\u00e1val a magyarok \u00e9s a szlov\u00e1kok! &#8211; jelentette ki leg\u00fajabb megsz\u00f3lal\u00e1s\u00e1ban <\/span><span class=\"s3\">Korcsinszkij. \u201c\u00dagy kell \u00e9lni\u00fck, mert nem szeretik Ukrajn\u00e1t, teh\u00e1t a j\u00f6v\u0151t sem. <\/span><span class=\"s3\" style=\"font-size: inherit;\">Megteszek mindent, ami t\u0151lem telik, hogy Magyarorsz\u00e1g \u00e9s Szlov\u00e1kia soha t\u00f6bb\u00e9 ne kapjon g\u00e1zt \u00e9s olajat\u201d &#8211; fr\u00f6cs\u00f6gte <\/span><span class=\"s2\" style=\"font-size: inherit;\">Bratstvo<\/span><span class=\"s3\" style=\"font-size: inherit;\"> (Testv\u00e9ris\u00e9g \/ \u0411\u0440\u0430\u0442\u0441\u0442\u0432\u043e) nev\u0171 p\u00e1rt vezet\u0151je.<\/span><\/p>\n<p><img loading=\"lazy\" decoding=\"async\" class=\"alignnone size-medium wp-image-384\" src=\"http:\/\/tuzfalcsoport.blog\/wp-content\/uploads\/2026\/03\/IMG_5738-300x169.jpeg\" alt=\"\" width=\"300\" height=\"169\" srcset=\"http:\/\/tuzfalcsoport.blog\/wp-content\/uploads\/2026\/03\/IMG_5738-300x169.jpeg 300w, http:\/\/tuzfalcsoport.blog\/wp-content\/uploads\/2026\/03\/IMG_5738.jpeg 755w\" sizes=\"auto, (max-width: 300px) 100vw, 300px\" \/><\/p>\n","protected":false},"excerpt":{"rendered":"<p>\u26a0\ufe0fEzt Dmitro Korcsinszkij ukr\u00e1n politikus jelentette ki, aki alternat\u00edvak\u00e9nt m\u00e9g a t\u0171zif\u00e1t aj\u00e1nlotta \u00e9s mindent meg fog tenni tov\u00e1bb\u00e1 az\u00e9rt, hogy Magyarorsz\u00e1g \u00e9s Szlov\u00e1kia soha t\u00f6bb\u00e9 ne kapjon g\u00e1zt \u00e9s olajat. A diktat\u00farap\u00e1rti, Zelenszkijt t\u00e1mogat\u00f3 \u00e9s emberrabl\u00e1sp\u00e1rti Dmitro Korcsinszkij kor\u00e1bban arr\u00f3l besz\u00e9lt, ha az ukr\u00e1n seregnek vissza kell vonulnia, akkor Magyarorsz\u00e1gra fog bevonulni. De ehhez &#8230; <a title=\"\ud83d\udcccA magyarok f\u0171tsenek l\u00f3tr\u00e1gy\u00e1val!\" class=\"read-more\" href=\"http:\/\/tuzfalcsoport.blog\/?p=383\" aria-label=\"Read more about \ud83d\udcccA magyarok f\u0171tsenek l\u00f3tr\u00e1gy\u00e1val!\">Olvass tov\u00e1bb<\/a><\/p>\n","protected":false},"author":1,"featured_media":0,"comment_status":"open","ping_status":"open","sticky":false,"template":"","format":"standard","meta":{"footnotes":""},"categories":[1],"tags":[],"class_list":["post-383","post","type-post","status-publish","format-standard","hentry","category-uncategorized"],"yoast_head":"<!-- This site is optimized with the Yoast SEO plugin v26.7 - https:\/\/yoast.com\/wordpress\/plugins\/seo\/ -->\n<title>\ud83d\udcccA magyarok f\u0171tsenek l\u00f3tr\u00e1gy\u00e1val! - T\u0171zfalcsoport<\/title>\n<meta name=\"robots\" content=\"index, follow, max-snippet:-1, max-image-preview:large, max-video-preview:-1\" \/>\n<link rel=\"canonical\" href=\"http:\/\/tuzfalcsoport.blog\/?p=383\" \/>\n<meta property=\"og:locale\" content=\"hu_HU\" \/>\n<meta property=\"og:type\" content=\"article\" \/>\n<meta property=\"og:title\" content=\"\ud83d\udcccA magyarok f\u0171tsenek l\u00f3tr\u00e1gy\u00e1val! - T\u0171zfalcsoport\" \/>\n<meta property=\"og:description\" content=\"\u26a0\ufe0fEzt Dmitro Korcsinszkij ukr\u00e1n politikus jelentette ki, aki alternat\u00edvak\u00e9nt m\u00e9g a t\u0171zif\u00e1t aj\u00e1nlotta \u00e9s mindent meg fog tenni tov\u00e1bb\u00e1 az\u00e9rt, hogy Magyarorsz\u00e1g \u00e9s Szlov\u00e1kia soha t\u00f6bb\u00e9 ne kapjon g\u00e1zt \u00e9s olajat. A diktat\u00farap\u00e1rti, Zelenszkijt t\u00e1mogat\u00f3 \u00e9s emberrabl\u00e1sp\u00e1rti Dmitro Korcsinszkij kor\u00e1bban arr\u00f3l besz\u00e9lt, ha az ukr\u00e1n seregnek vissza kell vonulnia, akkor Magyarorsz\u00e1gra fog bevonulni. De ehhez ... Olvass tov\u00e1bb\" \/>\n<meta property=\"og:url\" content=\"http:\/\/tuzfalcsoport.blog\/?p=383\" \/>\n<meta property=\"og:site_name\" content=\"T\u0171zfalcsoport\" \/>\n<meta property=\"article:published_time\" content=\"2026-03-15T19:56:10+00:00\" \/>\n<meta property=\"og:image\" content=\"http:\/\/tuzfalcsoport.blog\/wp-content\/uploads\/2026\/03\/IMG_5738-300x169.jpeg\" \/>\n<meta name=\"author\" content=\"T\u0171zfalcsoport\" \/>\n<meta name=\"twitter:card\" content=\"summary_large_image\" \/>\n<meta name=\"twitter:label1\" content=\"Szerz\u0151:\" \/>\n\t<meta name=\"twitter:data1\" content=\"T\u0171zfalcsoport\" \/>\n\t<meta name=\"twitter:label2\" content=\"Becs\u00fclt olvas\u00e1si id\u0151\" \/>\n\t<meta name=\"twitter:data2\" content=\"1 perc\" \/>\n<script type=\"application\/ld+json\" class=\"yoast-schema-graph\">{\"@context\":\"https:\/\/schema.org\",\"@graph\":[{\"@type\":\"Article\",\"@id\":\"http:\/\/tuzfalcsoport.blog\/?p=383#article\",\"isPartOf\":{\"@id\":\"http:\/\/tuzfalcsoport.blog\/?p=383\"},\"author\":{\"name\":\"T\u0171zfalcsoport\",\"@id\":\"http:\/\/tuzfalcsoport.blog\/#\/schema\/person\/0dbc8ce6fe1c972173556c4bea45d879\"},\"headline\":\"\ud83d\udcccA magyarok f\u0171tsenek l\u00f3tr\u00e1gy\u00e1val!\",\"datePublished\":\"2026-03-15T19:56:10+00:00\",\"mainEntityOfPage\":{\"@id\":\"http:\/\/tuzfalcsoport.blog\/?p=383\"},\"wordCount\":219,\"commentCount\":0,\"publisher\":{\"@id\":\"http:\/\/tuzfalcsoport.blog\/#organization\"},\"image\":{\"@id\":\"http:\/\/tuzfalcsoport.blog\/?p=383#primaryimage\"},\"thumbnailUrl\":\"http:\/\/tuzfalcsoport.blog\/wp-content\/uploads\/2026\/03\/IMG_5738-300x169.jpeg\",\"articleSection\":[\"Uncategorized\"],\"inLanguage\":\"hu\",\"potentialAction\":[{\"@type\":\"CommentAction\",\"name\":\"Comment\",\"target\":[\"http:\/\/tuzfalcsoport.blog\/?p=383#respond\"]}]},{\"@type\":\"WebPage\",\"@id\":\"http:\/\/tuzfalcsoport.blog\/?p=383\",\"url\":\"http:\/\/tuzfalcsoport.blog\/?p=383\",\"name\":\"\ud83d\udcccA magyarok f\u0171tsenek l\u00f3tr\u00e1gy\u00e1val! - T\u0171zfalcsoport\",\"isPartOf\":{\"@id\":\"http:\/\/tuzfalcsoport.blog\/#website\"},\"primaryImageOfPage\":{\"@id\":\"http:\/\/tuzfalcsoport.blog\/?p=383#primaryimage\"},\"image\":{\"@id\":\"http:\/\/tuzfalcsoport.blog\/?p=383#primaryimage\"},\"thumbnailUrl\":\"http:\/\/tuzfalcsoport.blog\/wp-content\/uploads\/2026\/03\/IMG_5738-300x169.jpeg\",\"datePublished\":\"2026-03-15T19:56:10+00:00\",\"breadcrumb\":{\"@id\":\"http:\/\/tuzfalcsoport.blog\/?p=383#breadcrumb\"},\"inLanguage\":\"hu\",\"potentialAction\":[{\"@type\":\"ReadAction\",\"target\":[\"http:\/\/tuzfalcsoport.blog\/?p=383\"]}]},{\"@type\":\"ImageObject\",\"inLanguage\":\"hu\",\"@id\":\"http:\/\/tuzfalcsoport.blog\/?p=383#primaryimage\",\"url\":\"http:\/\/tuzfalcsoport.blog\/wp-content\/uploads\/2026\/03\/IMG_5738.jpeg\",\"contentUrl\":\"http:\/\/tuzfalcsoport.blog\/wp-content\/uploads\/2026\/03\/IMG_5738.jpeg\",\"width\":755,\"height\":425},{\"@type\":\"BreadcrumbList\",\"@id\":\"http:\/\/tuzfalcsoport.blog\/?p=383#breadcrumb\",\"itemListElement\":[{\"@type\":\"ListItem\",\"position\":1,\"name\":\"Home\",\"item\":\"http:\/\/tuzfalcsoport.blog\/\"},{\"@type\":\"ListItem\",\"position\":2,\"name\":\"\ud83d\udcccA magyarok f\u0171tsenek l\u00f3tr\u00e1gy\u00e1val!\"}]},{\"@type\":\"WebSite\",\"@id\":\"http:\/\/tuzfalcsoport.blog\/#website\",\"url\":\"http:\/\/tuzfalcsoport.blog\/\",\"name\":\"T\u0171zfalcsoport\",\"description\":\"\",\"publisher\":{\"@id\":\"http:\/\/tuzfalcsoport.blog\/#organization\"},\"potentialAction\":[{\"@type\":\"SearchAction\",\"target\":{\"@type\":\"EntryPoint\",\"urlTemplate\":\"http:\/\/tuzfalcsoport.blog\/?s={search_term_string}\"},\"query-input\":{\"@type\":\"PropertyValueSpecification\",\"valueRequired\":true,\"valueName\":\"search_term_string\"}}],\"inLanguage\":\"hu\"},{\"@type\":\"Organization\",\"@id\":\"http:\/\/tuzfalcsoport.blog\/#organization\",\"name\":\"T\u0171zfalcsoport\",\"url\":\"http:\/\/tuzfalcsoport.blog\/\",\"logo\":{\"@type\":\"ImageObject\",\"inLanguage\":\"hu\",\"@id\":\"http:\/\/tuzfalcsoport.blog\/#\/schema\/logo\/image\/\",\"url\":\"http:\/\/tuzfalcsoport.blog\/wp-content\/uploads\/2026\/01\/TCS_borito3-scaled.jpg\",\"contentUrl\":\"http:\/\/tuzfalcsoport.blog\/wp-content\/uploads\/2026\/01\/TCS_borito3-scaled.jpg\",\"width\":2560,\"height\":640,\"caption\":\"T\u0171zfalcsoport\"},\"image\":{\"@id\":\"http:\/\/tuzfalcsoport.blog\/#\/schema\/logo\/image\/\"}},{\"@type\":\"Person\",\"@id\":\"http:\/\/tuzfalcsoport.blog\/#\/schema\/person\/0dbc8ce6fe1c972173556c4bea45d879\",\"name\":\"T\u0171zfalcsoport\",\"image\":{\"@type\":\"ImageObject\",\"inLanguage\":\"hu\",\"@id\":\"http:\/\/tuzfalcsoport.blog\/#\/schema\/person\/image\/\",\"url\":\"https:\/\/secure.gravatar.com\/avatar\/6a89eb668c2a2380540f358d8a1dd366bd36bf902c70e9d4bbb8f5b85d9e363b?s=96&d=mm&r=g\",\"contentUrl\":\"https:\/\/secure.gravatar.com\/avatar\/6a89eb668c2a2380540f358d8a1dd366bd36bf902c70e9d4bbb8f5b85d9e363b?s=96&d=mm&r=g\",\"caption\":\"T\u0171zfalcsoport\"},\"sameAs\":[\"http:\/\/tuzfalcsoport.blog\"],\"url\":\"http:\/\/tuzfalcsoport.blog\/?author=1\"}]}<\/script>\n<!-- \/ Yoast SEO plugin. -->","yoast_head_json":{"title":"\ud83d\udcccA magyarok f\u0171tsenek l\u00f3tr\u00e1gy\u00e1val! - T\u0171zfalcsoport","robots":{"index":"index","follow":"follow","max-snippet":"max-snippet:-1","max-image-preview":"max-image-preview:large","max-video-preview":"max-video-preview:-1"},"canonical":"http:\/\/tuzfalcsoport.blog\/?p=383","og_locale":"hu_HU","og_type":"article","og_title":"\ud83d\udcccA magyarok f\u0171tsenek l\u00f3tr\u00e1gy\u00e1val! - T\u0171zfalcsoport","og_description":"\u26a0\ufe0fEzt Dmitro Korcsinszkij ukr\u00e1n politikus jelentette ki, aki alternat\u00edvak\u00e9nt m\u00e9g a t\u0171zif\u00e1t aj\u00e1nlotta \u00e9s mindent meg fog tenni tov\u00e1bb\u00e1 az\u00e9rt, hogy Magyarorsz\u00e1g \u00e9s Szlov\u00e1kia soha t\u00f6bb\u00e9 ne kapjon g\u00e1zt \u00e9s olajat. A diktat\u00farap\u00e1rti, Zelenszkijt t\u00e1mogat\u00f3 \u00e9s emberrabl\u00e1sp\u00e1rti Dmitro Korcsinszkij kor\u00e1bban arr\u00f3l besz\u00e9lt, ha az ukr\u00e1n seregnek vissza kell vonulnia, akkor Magyarorsz\u00e1gra fog bevonulni. De ehhez ... Olvass tov\u00e1bb","og_url":"http:\/\/tuzfalcsoport.blog\/?p=383","og_site_name":"T\u0171zfalcsoport","article_published_time":"2026-03-15T19:56:10+00:00","og_image":[{"url":"http:\/\/tuzfalcsoport.blog\/wp-content\/uploads\/2026\/03\/IMG_5738-300x169.jpeg","type":"","width":"","height":""}],"author":"T\u0171zfalcsoport","twitter_card":"summary_large_image","twitter_misc":{"Szerz\u0151:":"T\u0171zfalcsoport","Becs\u00fclt olvas\u00e1si id\u0151":"1 perc"},"schema":{"@context":"https:\/\/schema.org","@graph":[{"@type":"Article","@id":"http:\/\/tuzfalcsoport.blog\/?p=383#article","isPartOf":{"@id":"http:\/\/tuzfalcsoport.blog\/?p=383"},"author":{"name":"T\u0171zfalcsoport","@id":"http:\/\/tuzfalcsoport.blog\/#\/schema\/person\/0dbc8ce6fe1c972173556c4bea45d879"},"headline":"\ud83d\udcccA magyarok f\u0171tsenek l\u00f3tr\u00e1gy\u00e1val!","datePublished":"2026-03-15T19:56:10+00:00","mainEntityOfPage":{"@id":"http:\/\/tuzfalcsoport.blog\/?p=383"},"wordCount":219,"commentCount":0,"publisher":{"@id":"http:\/\/tuzfalcsoport.blog\/#organization"},"image":{"@id":"http:\/\/tuzfalcsoport.blog\/?p=383#primaryimage"},"thumbnailUrl":"http:\/\/tuzfalcsoport.blog\/wp-content\/uploads\/2026\/03\/IMG_5738-300x169.jpeg","articleSection":["Uncategorized"],"inLanguage":"hu","potentialAction":[{"@type":"CommentAction","name":"Comment","target":["http:\/\/tuzfalcsoport.blog\/?p=383#respond"]}]},{"@type":"WebPage","@id":"http:\/\/tuzfalcsoport.blog\/?p=383","url":"http:\/\/tuzfalcsoport.blog\/?p=383","name":"\ud83d\udcccA magyarok f\u0171tsenek l\u00f3tr\u00e1gy\u00e1val! - T\u0171zfalcsoport","isPartOf":{"@id":"http:\/\/tuzfalcsoport.blog\/#website"},"primaryImageOfPage":{"@id":"http:\/\/tuzfalcsoport.blog\/?p=383#primaryimage"},"image":{"@id":"http:\/\/tuzfalcsoport.blog\/?p=383#primaryimage"},"thumbnailUrl":"http:\/\/tuzfalcsoport.blog\/wp-content\/uploads\/2026\/03\/IMG_5738-300x169.jpeg","datePublished":"2026-03-15T19:56:10+00:00","breadcrumb":{"@id":"http:\/\/tuzfalcsoport.blog\/?p=383#breadcrumb"},"inLanguage":"hu","potentialAction":[{"@type":"ReadAction","target":["http:\/\/tuzfalcsoport.blog\/?p=383"]}]},{"@type":"ImageObject","inLanguage":"hu","@id":"http:\/\/tuzfalcsoport.blog\/?p=383#primaryimage","url":"http:\/\/tuzfalcsoport.blog\/wp-content\/uploads\/2026\/03\/IMG_5738.jpeg","contentUrl":"http:\/\/tuzfalcsoport.blog\/wp-content\/uploads\/2026\/03\/IMG_5738.jpeg","width":755,"height":425},{"@type":"BreadcrumbList","@id":"http:\/\/tuzfalcsoport.blog\/?p=383#breadcrumb","itemListElement":[{"@type":"ListItem","position":1,"name":"Home","item":"http:\/\/tuzfalcsoport.blog\/"},{"@type":"ListItem","position":2,"name":"\ud83d\udcccA magyarok f\u0171tsenek l\u00f3tr\u00e1gy\u00e1val!"}]},{"@type":"WebSite","@id":"http:\/\/tuzfalcsoport.blog\/#website","url":"http:\/\/tuzfalcsoport.blog\/","name":"T\u0171zfalcsoport","description":"","publisher":{"@id":"http:\/\/tuzfalcsoport.blog\/#organization"},"potentialAction":[{"@type":"SearchAction","target":{"@type":"EntryPoint","urlTemplate":"http:\/\/tuzfalcsoport.blog\/?s={search_term_string}"},"query-input":{"@type":"PropertyValueSpecification","valueRequired":true,"valueName":"search_term_string"}}],"inLanguage":"hu"},{"@type":"Organization","@id":"http:\/\/tuzfalcsoport.blog\/#organization","name":"T\u0171zfalcsoport","url":"http:\/\/tuzfalcsoport.blog\/","logo":{"@type":"ImageObject","inLanguage":"hu","@id":"http:\/\/tuzfalcsoport.blog\/#\/schema\/logo\/image\/","url":"http:\/\/tuzfalcsoport.blog\/wp-content\/uploads\/2026\/01\/TCS_borito3-scaled.jpg","contentUrl":"http:\/\/tuzfalcsoport.blog\/wp-content\/uploads\/2026\/01\/TCS_borito3-scaled.jpg","width":2560,"height":640,"caption":"T\u0171zfalcsoport"},"image":{"@id":"http:\/\/tuzfalcsoport.blog\/#\/schema\/logo\/image\/"}},{"@type":"Person","@id":"http:\/\/tuzfalcsoport.blog\/#\/schema\/person\/0dbc8ce6fe1c972173556c4bea45d879","name":"T\u0171zfalcsoport","image":{"@type":"ImageObject","inLanguage":"hu","@id":"http:\/\/tuzfalcsoport.blog\/#\/schema\/person\/image\/","url":"https:\/\/secure.gravatar.com\/avatar\/6a89eb668c2a2380540f358d8a1dd366bd36bf902c70e9d4bbb8f5b85d9e363b?s=96&d=mm&r=g","contentUrl":"https:\/\/secure.gravatar.com\/avatar\/6a89eb668c2a2380540f358d8a1dd366bd36bf902c70e9d4bbb8f5b85d9e363b?s=96&d=mm&r=g","caption":"T\u0171zfalcsoport"},"sameAs":["http:\/\/tuzfalcsoport.blog"],"url":"http:\/\/tuzfalcsoport.blog\/?author=1"}]}},"_links":{"self":[{"href":"http:\/\/tuzfalcsoport.blog\/index.php?rest_route=\/wp\/v2\/posts\/383","targetHints":{"allow":["GET"]}}],"collection":[{"href":"http:\/\/tuzfalcsoport.blog\/index.php?rest_route=\/wp\/v2\/posts"}],"about":[{"href":"http:\/\/tuzfalcsoport.blog\/index.php?rest_route=\/wp\/v2\/types\/post"}],"author":[{"embeddable":true,"href":"http:\/\/tuzfalcsoport.blog\/index.php?rest_route=\/wp\/v2\/users\/1"}],"replies":[{"embeddable":true,"href":"http:\/\/tuzfalcsoport.blog\/index.php?rest_route=%2Fwp%2Fv2%2Fcomments&post=383"}],"version-history":[{"count":1,"href":"http:\/\/tuzfalcsoport.blog\/index.php?rest_route=\/wp\/v2\/posts\/383\/revisions"}],"predecessor-version":[{"id":385,"href":"http:\/\/tuzfalcsoport.blog\/index.php?rest_route=\/wp\/v2\/posts\/383\/revisions\/385"}],"wp:attachment":[{"href":"http:\/\/tuzfalcsoport.blog\/index.php?rest_route=%2Fwp%2Fv2%2Fmedia&parent=383"}],"wp:term":[{"taxonomy":"category","embeddable":true,"href":"http:\/\/tuzfalcsoport.blog\/index.php?rest_route=%2Fwp%2Fv2%2Fcategories&post=383"},{"taxonomy":"post_tag","embeddable":true,"href":"http:\/\/tuzfalcsoport.blog\/index.php?rest_route=%2Fwp%2Fv2%2Ftags&post=383"}],"curies":[{"name":"wp","href":"https:\/\/api.w.org\/{rel}","templated":true}]}}