{"id":387,"date":"2026-03-16T09:59:18","date_gmt":"2026-03-16T08:59:18","guid":{"rendered":"http:\/\/tuzfalcsoport.blog\/?p=387"},"modified":"2026-03-16T09:59:40","modified_gmt":"2026-03-16T08:59:40","slug":"%f0%9f%93%8cmagyar-petert-egy-egy-illegitim-brusszeli-akcio-reszenek-tekinti-egy-holland-penzugyi-velemenyvezer","status":"publish","type":"post","link":"http:\/\/tuzfalcsoport.blog\/?p=387","title":{"rendered":"\ud83d\udcccMagyar P\u00e9tert egy illegitim br\u00fcsszeli akci\u00f3 r\u00e9sz\u00e9nek tekinti egy holland p\u00e9nz\u00fcgyi v\u00e9lem\u00e9nyvez\u00e9r"},"content":{"rendered":"<p class=\"p2\"><span class=\"s3\" style=\"font-size: inherit;\">\u26a0\ufe0f Mees Wynants<\/span><span class=\"s2\" style=\"font-size: inherit;\"> szerint 2019-ben egy magas rang\u00fa EU-tisztvisel\u0151 titokban \u00f6sszeesk\u00fcv\u00e9st sz\u0151tt a magyar korm\u00e1ny megd\u00f6nt\u00e9s\u00e9re \u00e9s ebben \u00e9rdekes szerepet kap Br\u00fcsszel mellett Ausztria, Soros \u00e9s a Tisza P\u00e1rt eln\u00f6ke is.<\/span><\/p>\n<p class=\"p2\"><span class=\"s3\">Mees Wynants<\/span><span class=\"s2\"> egy holland v\u00e1llalkoz\u00f3, p\u00e9nz\u00fcgyi influenszer \u00e9s tartalomk\u00e9sz\u00edt\u0151, aki f\u0151k\u00e9nt befektet\u00e9sekr\u0151l, politikai korrupci\u00f3r\u00f3l, insider tradingr\u0151l \u00e9s a t\u0151zsdei manipul\u00e1ci\u00f3kr\u00f3l posztol. A Wolf of Washington alap\u00edt\u00f3ja, \u00e9s f\u0151k\u00e9nt politikai korrupci\u00f3val, p\u00e9nz\u00fcgyekkel \u00e9s befektet\u00e9sekkel foglalkozik. <\/span><\/p>\n<p class=\"p2\"><span class=\"s2\">A friss vide\u00f3s bejegyz\u00e9s\u00e9ben Wynants arr\u00f3l besz\u00e9l, hogy egy magas rang\u00fa EU-tisztvisel\u0151 titokban \u00f6sszeesk\u00fcv\u00e9st sz\u0151tt a magyar korm\u00e1ny megd\u00f6nt\u00e9s\u00e9re. Benedek M\u00e1rton, az Eur\u00f3pai Migr\u00e1ci\u00f3s Szolg\u00e1lat koordin\u00e1tora projektjavaslatot \u00edrt 2019-ben is, \u00e9s id\u00e9zem: \u00e1lland\u00f3 koordin\u00e1ci\u00f3s f\u00f3rumot fejlesszenek ki az Orb\u00e1n-rezsim elleni ellen\u00e1ll\u00e1s szervez\u00e9s\u00e9re.<\/span><\/p>\n<p class=\"p2\"><span class=\"s2\">Szerinte a terv egyszer\u0171 volt: hozz\u00e1k \u00f6ssze az ellenz\u00e9ki p\u00e1rtokat, szakszervezeteket \u00e9s NGO-kat egy mozgalomba, regisztr\u00e1ljanak non-profit szervezeteket Magyarorsz\u00e1gr\u00f3l a m\u0171veletekhez, \u00e9s p\u00e9nz\u00fcgyi eszk\u00f6z\u00f6ket Ausztri\u00e1ban a p\u00e9nz\u00fckh\u00f6z. <\/span><\/p>\n<p class=\"p2\"><span class=\"s2\">Szervezzenek t\u00fcntet\u00e9seket, inform\u00e1ci\u00f3s kamp\u00e1nyokat, mozg\u00f3s\u00edt\u00e1si kamp\u00e1nyt, \u00e9s v\u00e9g\u00fcl \u2013 ez sz\u00f3 szerint szerepel a dokumentumban \u2013 fejlesszenek ki egy \u00e1rny\u00e9kkorm\u00e1nyt, amely \u00e1tveheti a hatalmat &#8211; besz\u00e9l <\/span><span class=\"s3\">Wynants a javaslatr\u00f3l, amelyet szerinte<\/span><span class=\"s2\"> beny\u00fajtott\u00e1k George Soros Ny\u00edlt T\u00e1rsadalom Alap\u00edtv\u00e1ny\u00e1nak \u2013 ugyanaz a Soros, aki 8,9 milli\u00f3 doll\u00e1rt pump\u00e1lt Magyarorsz\u00e1gra csak 2021-ben. Azt\u00e1n 2024-ben P\u00e9ter Magyar hirtelen felbukkan a semmib\u0151l: egy ismeretlen figura, aki h\u00f3napokon bel\u00fcl a f\u0151 ellenz\u00e9ki vezet\u0151v\u00e9 v\u00e1lik, \u00e9s mindenben megfelel az EU-nak.<\/span><\/p>\n<p class=\"p2\"><span class=\"s2\">Szerinte ugyanezt tett\u00e9k Rom\u00e1ni\u00e1ban, \u00e9s tervezt\u00e9k ugyanezt tenni Magyarorsz\u00e1gon is, de nem siker\u00fclt. Az EU rendk\u00edv\u00fcl korrupt, \u00e9s m\u00e9g ma fel kellene sz\u00e1molni.<\/span><\/p>\n<p><iframe loading=\"lazy\" title=\"\ud83d\udcccMagyar P\u00e9tert egy egy illegitim br\u00fcsszeli akci\u00f3 r\u00e9sz\u00e9nek tekinti egy holland p\u00e9nz\u00fcgyi v\u00e9lem\u00e9nyvez\u00e9r\" width=\"1200\" height=\"900\" src=\"https:\/\/www.youtube.com\/embed\/2bG0MQUVdPE?feature=oembed\" frameborder=\"0\" allow=\"accelerometer; autoplay; clipboard-write; encrypted-media; gyroscope; picture-in-picture; web-share\" referrerpolicy=\"strict-origin-when-cross-origin\" allowfullscreen><\/iframe><\/p>\n","protected":false},"excerpt":{"rendered":"<p>\u26a0\ufe0f Mees Wynants szerint 2019-ben egy magas rang\u00fa EU-tisztvisel\u0151 titokban \u00f6sszeesk\u00fcv\u00e9st sz\u0151tt a magyar korm\u00e1ny megd\u00f6nt\u00e9s\u00e9re \u00e9s ebben \u00e9rdekes szerepet kap Br\u00fcsszel mellett Ausztria, Soros \u00e9s a Tisza P\u00e1rt eln\u00f6ke is. Mees Wynants egy holland v\u00e1llalkoz\u00f3, p\u00e9nz\u00fcgyi influenszer \u00e9s tartalomk\u00e9sz\u00edt\u0151, aki f\u0151k\u00e9nt befektet\u00e9sekr\u0151l, politikai korrupci\u00f3r\u00f3l, insider tradingr\u0151l \u00e9s a t\u0151zsdei manipul\u00e1ci\u00f3kr\u00f3l posztol. A Wolf of &#8230; <a title=\"\ud83d\udcccMagyar P\u00e9tert egy illegitim br\u00fcsszeli akci\u00f3 r\u00e9sz\u00e9nek tekinti egy holland p\u00e9nz\u00fcgyi v\u00e9lem\u00e9nyvez\u00e9r\" class=\"read-more\" href=\"http:\/\/tuzfalcsoport.blog\/?p=387\" aria-label=\"Read more about \ud83d\udcccMagyar P\u00e9tert egy illegitim br\u00fcsszeli akci\u00f3 r\u00e9sz\u00e9nek tekinti egy holland p\u00e9nz\u00fcgyi v\u00e9lem\u00e9nyvez\u00e9r\">Olvass tov\u00e1bb<\/a><\/p>\n","protected":false},"author":1,"featured_media":0,"comment_status":"open","ping_status":"open","sticky":false,"template":"","format":"standard","meta":{"footnotes":""},"categories":[1],"tags":[],"class_list":["post-387","post","type-post","status-publish","format-standard","hentry","category-uncategorized"],"yoast_head":"<!-- This site is optimized with the Yoast SEO plugin v26.7 - https:\/\/yoast.com\/wordpress\/plugins\/seo\/ -->\n<title>\ud83d\udcccMagyar P\u00e9tert egy illegitim br\u00fcsszeli akci\u00f3 r\u00e9sz\u00e9nek tekinti egy holland p\u00e9nz\u00fcgyi v\u00e9lem\u00e9nyvez\u00e9r - T\u0171zfalcsoport<\/title>\n<meta name=\"robots\" content=\"index, follow, max-snippet:-1, max-image-preview:large, max-video-preview:-1\" \/>\n<link rel=\"canonical\" href=\"http:\/\/tuzfalcsoport.blog\/?p=387\" \/>\n<meta property=\"og:locale\" content=\"hu_HU\" \/>\n<meta property=\"og:type\" content=\"article\" \/>\n<meta property=\"og:title\" content=\"\ud83d\udcccMagyar P\u00e9tert egy illegitim br\u00fcsszeli akci\u00f3 r\u00e9sz\u00e9nek tekinti egy holland p\u00e9nz\u00fcgyi v\u00e9lem\u00e9nyvez\u00e9r - T\u0171zfalcsoport\" \/>\n<meta property=\"og:description\" content=\"\u26a0\ufe0f Mees Wynants szerint 2019-ben egy magas rang\u00fa EU-tisztvisel\u0151 titokban \u00f6sszeesk\u00fcv\u00e9st sz\u0151tt a magyar korm\u00e1ny megd\u00f6nt\u00e9s\u00e9re \u00e9s ebben \u00e9rdekes szerepet kap Br\u00fcsszel mellett Ausztria, Soros \u00e9s a Tisza P\u00e1rt eln\u00f6ke is. Mees Wynants egy holland v\u00e1llalkoz\u00f3, p\u00e9nz\u00fcgyi influenszer \u00e9s tartalomk\u00e9sz\u00edt\u0151, aki f\u0151k\u00e9nt befektet\u00e9sekr\u0151l, politikai korrupci\u00f3r\u00f3l, insider tradingr\u0151l \u00e9s a t\u0151zsdei manipul\u00e1ci\u00f3kr\u00f3l posztol. A Wolf of ... Olvass tov\u00e1bb\" \/>\n<meta property=\"og:url\" content=\"http:\/\/tuzfalcsoport.blog\/?p=387\" \/>\n<meta property=\"og:site_name\" content=\"T\u0171zfalcsoport\" \/>\n<meta property=\"article:published_time\" content=\"2026-03-16T08:59:18+00:00\" \/>\n<meta property=\"article:modified_time\" content=\"2026-03-16T08:59:40+00:00\" \/>\n<meta name=\"author\" content=\"T\u0171zfalcsoport\" \/>\n<meta name=\"twitter:card\" content=\"summary_large_image\" \/>\n<meta name=\"twitter:label1\" content=\"Szerz\u0151:\" \/>\n\t<meta name=\"twitter:data1\" content=\"T\u0171zfalcsoport\" \/>\n\t<meta name=\"twitter:label2\" content=\"Becs\u00fclt olvas\u00e1si id\u0151\" \/>\n\t<meta name=\"twitter:data2\" content=\"2 perc\" \/>\n<script type=\"application\/ld+json\" class=\"yoast-schema-graph\">{\"@context\":\"https:\/\/schema.org\",\"@graph\":[{\"@type\":\"Article\",\"@id\":\"http:\/\/tuzfalcsoport.blog\/?p=387#article\",\"isPartOf\":{\"@id\":\"http:\/\/tuzfalcsoport.blog\/?p=387\"},\"author\":{\"name\":\"T\u0171zfalcsoport\",\"@id\":\"http:\/\/tuzfalcsoport.blog\/#\/schema\/person\/0dbc8ce6fe1c972173556c4bea45d879\"},\"headline\":\"\ud83d\udcccMagyar P\u00e9tert egy illegitim br\u00fcsszeli akci\u00f3 r\u00e9sz\u00e9nek tekinti egy holland p\u00e9nz\u00fcgyi v\u00e9lem\u00e9nyvez\u00e9r\",\"datePublished\":\"2026-03-16T08:59:18+00:00\",\"dateModified\":\"2026-03-16T08:59:40+00:00\",\"mainEntityOfPage\":{\"@id\":\"http:\/\/tuzfalcsoport.blog\/?p=387\"},\"wordCount\":372,\"commentCount\":0,\"publisher\":{\"@id\":\"http:\/\/tuzfalcsoport.blog\/#organization\"},\"articleSection\":[\"Uncategorized\"],\"inLanguage\":\"hu\",\"potentialAction\":[{\"@type\":\"CommentAction\",\"name\":\"Comment\",\"target\":[\"http:\/\/tuzfalcsoport.blog\/?p=387#respond\"]}]},{\"@type\":\"WebPage\",\"@id\":\"http:\/\/tuzfalcsoport.blog\/?p=387\",\"url\":\"http:\/\/tuzfalcsoport.blog\/?p=387\",\"name\":\"\ud83d\udcccMagyar P\u00e9tert egy illegitim br\u00fcsszeli akci\u00f3 r\u00e9sz\u00e9nek tekinti egy holland p\u00e9nz\u00fcgyi v\u00e9lem\u00e9nyvez\u00e9r - T\u0171zfalcsoport\",\"isPartOf\":{\"@id\":\"http:\/\/tuzfalcsoport.blog\/#website\"},\"datePublished\":\"2026-03-16T08:59:18+00:00\",\"dateModified\":\"2026-03-16T08:59:40+00:00\",\"breadcrumb\":{\"@id\":\"http:\/\/tuzfalcsoport.blog\/?p=387#breadcrumb\"},\"inLanguage\":\"hu\",\"potentialAction\":[{\"@type\":\"ReadAction\",\"target\":[\"http:\/\/tuzfalcsoport.blog\/?p=387\"]}]},{\"@type\":\"BreadcrumbList\",\"@id\":\"http:\/\/tuzfalcsoport.blog\/?p=387#breadcrumb\",\"itemListElement\":[{\"@type\":\"ListItem\",\"position\":1,\"name\":\"Home\",\"item\":\"http:\/\/tuzfalcsoport.blog\/\"},{\"@type\":\"ListItem\",\"position\":2,\"name\":\"\ud83d\udcccMagyar P\u00e9tert egy illegitim br\u00fcsszeli akci\u00f3 r\u00e9sz\u00e9nek tekinti egy holland p\u00e9nz\u00fcgyi v\u00e9lem\u00e9nyvez\u00e9r\"}]},{\"@type\":\"WebSite\",\"@id\":\"http:\/\/tuzfalcsoport.blog\/#website\",\"url\":\"http:\/\/tuzfalcsoport.blog\/\",\"name\":\"T\u0171zfalcsoport\",\"description\":\"\",\"publisher\":{\"@id\":\"http:\/\/tuzfalcsoport.blog\/#organization\"},\"potentialAction\":[{\"@type\":\"SearchAction\",\"target\":{\"@type\":\"EntryPoint\",\"urlTemplate\":\"http:\/\/tuzfalcsoport.blog\/?s={search_term_string}\"},\"query-input\":{\"@type\":\"PropertyValueSpecification\",\"valueRequired\":true,\"valueName\":\"search_term_string\"}}],\"inLanguage\":\"hu\"},{\"@type\":\"Organization\",\"@id\":\"http:\/\/tuzfalcsoport.blog\/#organization\",\"name\":\"T\u0171zfalcsoport\",\"url\":\"http:\/\/tuzfalcsoport.blog\/\",\"logo\":{\"@type\":\"ImageObject\",\"inLanguage\":\"hu\",\"@id\":\"http:\/\/tuzfalcsoport.blog\/#\/schema\/logo\/image\/\",\"url\":\"http:\/\/tuzfalcsoport.blog\/wp-content\/uploads\/2026\/01\/TCS_borito3-scaled.jpg\",\"contentUrl\":\"http:\/\/tuzfalcsoport.blog\/wp-content\/uploads\/2026\/01\/TCS_borito3-scaled.jpg\",\"width\":2560,\"height\":640,\"caption\":\"T\u0171zfalcsoport\"},\"image\":{\"@id\":\"http:\/\/tuzfalcsoport.blog\/#\/schema\/logo\/image\/\"}},{\"@type\":\"Person\",\"@id\":\"http:\/\/tuzfalcsoport.blog\/#\/schema\/person\/0dbc8ce6fe1c972173556c4bea45d879\",\"name\":\"T\u0171zfalcsoport\",\"image\":{\"@type\":\"ImageObject\",\"inLanguage\":\"hu\",\"@id\":\"http:\/\/tuzfalcsoport.blog\/#\/schema\/person\/image\/\",\"url\":\"https:\/\/secure.gravatar.com\/avatar\/6a89eb668c2a2380540f358d8a1dd366bd36bf902c70e9d4bbb8f5b85d9e363b?s=96&d=mm&r=g\",\"contentUrl\":\"https:\/\/secure.gravatar.com\/avatar\/6a89eb668c2a2380540f358d8a1dd366bd36bf902c70e9d4bbb8f5b85d9e363b?s=96&d=mm&r=g\",\"caption\":\"T\u0171zfalcsoport\"},\"sameAs\":[\"http:\/\/tuzfalcsoport.blog\"],\"url\":\"http:\/\/tuzfalcsoport.blog\/?author=1\"}]}<\/script>\n<!-- \/ Yoast SEO plugin. -->","yoast_head_json":{"title":"\ud83d\udcccMagyar P\u00e9tert egy illegitim br\u00fcsszeli akci\u00f3 r\u00e9sz\u00e9nek tekinti egy holland p\u00e9nz\u00fcgyi v\u00e9lem\u00e9nyvez\u00e9r - T\u0171zfalcsoport","robots":{"index":"index","follow":"follow","max-snippet":"max-snippet:-1","max-image-preview":"max-image-preview:large","max-video-preview":"max-video-preview:-1"},"canonical":"http:\/\/tuzfalcsoport.blog\/?p=387","og_locale":"hu_HU","og_type":"article","og_title":"\ud83d\udcccMagyar P\u00e9tert egy illegitim br\u00fcsszeli akci\u00f3 r\u00e9sz\u00e9nek tekinti egy holland p\u00e9nz\u00fcgyi v\u00e9lem\u00e9nyvez\u00e9r - T\u0171zfalcsoport","og_description":"\u26a0\ufe0f Mees Wynants szerint 2019-ben egy magas rang\u00fa EU-tisztvisel\u0151 titokban \u00f6sszeesk\u00fcv\u00e9st sz\u0151tt a magyar korm\u00e1ny megd\u00f6nt\u00e9s\u00e9re \u00e9s ebben \u00e9rdekes szerepet kap Br\u00fcsszel mellett Ausztria, Soros \u00e9s a Tisza P\u00e1rt eln\u00f6ke is. Mees Wynants egy holland v\u00e1llalkoz\u00f3, p\u00e9nz\u00fcgyi influenszer \u00e9s tartalomk\u00e9sz\u00edt\u0151, aki f\u0151k\u00e9nt befektet\u00e9sekr\u0151l, politikai korrupci\u00f3r\u00f3l, insider tradingr\u0151l \u00e9s a t\u0151zsdei manipul\u00e1ci\u00f3kr\u00f3l posztol. A Wolf of ... Olvass tov\u00e1bb","og_url":"http:\/\/tuzfalcsoport.blog\/?p=387","og_site_name":"T\u0171zfalcsoport","article_published_time":"2026-03-16T08:59:18+00:00","article_modified_time":"2026-03-16T08:59:40+00:00","author":"T\u0171zfalcsoport","twitter_card":"summary_large_image","twitter_misc":{"Szerz\u0151:":"T\u0171zfalcsoport","Becs\u00fclt olvas\u00e1si id\u0151":"2 perc"},"schema":{"@context":"https:\/\/schema.org","@graph":[{"@type":"Article","@id":"http:\/\/tuzfalcsoport.blog\/?p=387#article","isPartOf":{"@id":"http:\/\/tuzfalcsoport.blog\/?p=387"},"author":{"name":"T\u0171zfalcsoport","@id":"http:\/\/tuzfalcsoport.blog\/#\/schema\/person\/0dbc8ce6fe1c972173556c4bea45d879"},"headline":"\ud83d\udcccMagyar P\u00e9tert egy illegitim br\u00fcsszeli akci\u00f3 r\u00e9sz\u00e9nek tekinti egy holland p\u00e9nz\u00fcgyi v\u00e9lem\u00e9nyvez\u00e9r","datePublished":"2026-03-16T08:59:18+00:00","dateModified":"2026-03-16T08:59:40+00:00","mainEntityOfPage":{"@id":"http:\/\/tuzfalcsoport.blog\/?p=387"},"wordCount":372,"commentCount":0,"publisher":{"@id":"http:\/\/tuzfalcsoport.blog\/#organization"},"articleSection":["Uncategorized"],"inLanguage":"hu","potentialAction":[{"@type":"CommentAction","name":"Comment","target":["http:\/\/tuzfalcsoport.blog\/?p=387#respond"]}]},{"@type":"WebPage","@id":"http:\/\/tuzfalcsoport.blog\/?p=387","url":"http:\/\/tuzfalcsoport.blog\/?p=387","name":"\ud83d\udcccMagyar P\u00e9tert egy illegitim br\u00fcsszeli akci\u00f3 r\u00e9sz\u00e9nek tekinti egy holland p\u00e9nz\u00fcgyi v\u00e9lem\u00e9nyvez\u00e9r - T\u0171zfalcsoport","isPartOf":{"@id":"http:\/\/tuzfalcsoport.blog\/#website"},"datePublished":"2026-03-16T08:59:18+00:00","dateModified":"2026-03-16T08:59:40+00:00","breadcrumb":{"@id":"http:\/\/tuzfalcsoport.blog\/?p=387#breadcrumb"},"inLanguage":"hu","potentialAction":[{"@type":"ReadAction","target":["http:\/\/tuzfalcsoport.blog\/?p=387"]}]},{"@type":"BreadcrumbList","@id":"http:\/\/tuzfalcsoport.blog\/?p=387#breadcrumb","itemListElement":[{"@type":"ListItem","position":1,"name":"Home","item":"http:\/\/tuzfalcsoport.blog\/"},{"@type":"ListItem","position":2,"name":"\ud83d\udcccMagyar P\u00e9tert egy illegitim br\u00fcsszeli akci\u00f3 r\u00e9sz\u00e9nek tekinti egy holland p\u00e9nz\u00fcgyi v\u00e9lem\u00e9nyvez\u00e9r"}]},{"@type":"WebSite","@id":"http:\/\/tuzfalcsoport.blog\/#website","url":"http:\/\/tuzfalcsoport.blog\/","name":"T\u0171zfalcsoport","description":"","publisher":{"@id":"http:\/\/tuzfalcsoport.blog\/#organization"},"potentialAction":[{"@type":"SearchAction","target":{"@type":"EntryPoint","urlTemplate":"http:\/\/tuzfalcsoport.blog\/?s={search_term_string}"},"query-input":{"@type":"PropertyValueSpecification","valueRequired":true,"valueName":"search_term_string"}}],"inLanguage":"hu"},{"@type":"Organization","@id":"http:\/\/tuzfalcsoport.blog\/#organization","name":"T\u0171zfalcsoport","url":"http:\/\/tuzfalcsoport.blog\/","logo":{"@type":"ImageObject","inLanguage":"hu","@id":"http:\/\/tuzfalcsoport.blog\/#\/schema\/logo\/image\/","url":"http:\/\/tuzfalcsoport.blog\/wp-content\/uploads\/2026\/01\/TCS_borito3-scaled.jpg","contentUrl":"http:\/\/tuzfalcsoport.blog\/wp-content\/uploads\/2026\/01\/TCS_borito3-scaled.jpg","width":2560,"height":640,"caption":"T\u0171zfalcsoport"},"image":{"@id":"http:\/\/tuzfalcsoport.blog\/#\/schema\/logo\/image\/"}},{"@type":"Person","@id":"http:\/\/tuzfalcsoport.blog\/#\/schema\/person\/0dbc8ce6fe1c972173556c4bea45d879","name":"T\u0171zfalcsoport","image":{"@type":"ImageObject","inLanguage":"hu","@id":"http:\/\/tuzfalcsoport.blog\/#\/schema\/person\/image\/","url":"https:\/\/secure.gravatar.com\/avatar\/6a89eb668c2a2380540f358d8a1dd366bd36bf902c70e9d4bbb8f5b85d9e363b?s=96&d=mm&r=g","contentUrl":"https:\/\/secure.gravatar.com\/avatar\/6a89eb668c2a2380540f358d8a1dd366bd36bf902c70e9d4bbb8f5b85d9e363b?s=96&d=mm&r=g","caption":"T\u0171zfalcsoport"},"sameAs":["http:\/\/tuzfalcsoport.blog"],"url":"http:\/\/tuzfalcsoport.blog\/?author=1"}]}},"_links":{"self":[{"href":"http:\/\/tuzfalcsoport.blog\/index.php?rest_route=\/wp\/v2\/posts\/387","targetHints":{"allow":["GET"]}}],"collection":[{"href":"http:\/\/tuzfalcsoport.blog\/index.php?rest_route=\/wp\/v2\/posts"}],"about":[{"href":"http:\/\/tuzfalcsoport.blog\/index.php?rest_route=\/wp\/v2\/types\/post"}],"author":[{"embeddable":true,"href":"http:\/\/tuzfalcsoport.blog\/index.php?rest_route=\/wp\/v2\/users\/1"}],"replies":[{"embeddable":true,"href":"http:\/\/tuzfalcsoport.blog\/index.php?rest_route=%2Fwp%2Fv2%2Fcomments&post=387"}],"version-history":[{"count":2,"href":"http:\/\/tuzfalcsoport.blog\/index.php?rest_route=\/wp\/v2\/posts\/387\/revisions"}],"predecessor-version":[{"id":389,"href":"http:\/\/tuzfalcsoport.blog\/index.php?rest_route=\/wp\/v2\/posts\/387\/revisions\/389"}],"wp:attachment":[{"href":"http:\/\/tuzfalcsoport.blog\/index.php?rest_route=%2Fwp%2Fv2%2Fmedia&parent=387"}],"wp:term":[{"taxonomy":"category","embeddable":true,"href":"http:\/\/tuzfalcsoport.blog\/index.php?rest_route=%2Fwp%2Fv2%2Fcategories&post=387"},{"taxonomy":"post_tag","embeddable":true,"href":"http:\/\/tuzfalcsoport.blog\/index.php?rest_route=%2Fwp%2Fv2%2Ftags&post=387"}],"curies":[{"name":"wp","href":"https:\/\/api.w.org\/{rel}","templated":true}]}}