{"id":391,"date":"2026-03-16T16:38:43","date_gmt":"2026-03-16T15:38:43","guid":{"rendered":"http:\/\/tuzfalcsoport.blog\/?p=391"},"modified":"2026-03-16T16:49:01","modified_gmt":"2026-03-16T15:49:01","slug":"%f0%9f%93%8ca-lengyel-jobboldali-politikusno-kemenyen-kiallt-orban-viktor-mellett","status":"publish","type":"post","link":"http:\/\/tuzfalcsoport.blog\/?p=391","title":{"rendered":"\ud83d\udcccA lengyel jobboldali politikusn\u0151 kem\u00e9nyen ki\u00e1llt Orb\u00e1n Viktor mellett"},"content":{"rendered":"<p class=\"p3\"><span style=\"font-size: inherit;\">\u26a0\ufe0fEwa Zaj\u0105czkowska-Hernik szerint a magyar minisztereln\u00f6k a polg\u00e1rai \u00e9rdekeit v\u00e9di, Ukrajna pedig korrupt \u00e9s nincs helye sem az EU-ban, sem a NATO-ban.<\/span><\/p>\n<p class=\"p3\"><span class=\"s2\">Nemr\u00e9giben a Konf\u00f6der\u00e1ci\u00f3 EP-k\u00e9pvisel\u0151je azt <a href=\"https:\/\/mandiner.hu\/kulfold\/2026\/01\/vegre-megkapta-a-magaet-az-europai-unio-orban-viktor-peldatlan-lepeset-csodaljak-lengyelorszagban\">nyilatkozta<\/a>, hogy Orb\u00e1n Viktor magyar minisztereln\u00f6k p\u00e9ld\u00e1tlan l\u00e9p\u00e9st tett azzal, hogy korm\u00e1nya beperelte az Eur\u00f3pai Uni\u00f3 B\u00edr\u00f3s\u00e1g\u00e1t jogellenes d\u00f6nt\u00e9sei miatt.<\/span><\/p>\n<p class=\"p3\"><span class=\"s2\">Friss bejegyz\u00e9s\u00e9ben Zaj\u0105czkowska-Hernik ny\u00edltan b\u00edr\u00e1lja Ukrajn\u00e1t a korrupci\u00f3 miatt, \u00e9s el\u00edt\u00e9li a fenyeget\u00e9seket Orb\u00e1n Viktor ellen, amelyek a magyar-ukr\u00e1n olajvita miatt keletkeztek. Szerinte Ukrajna nem \u00e9rdemli meg az EU\/NATO tags\u00e1got emiatt.<\/span><\/p>\n<p class=\"p3\"><span class=\"s2\">Az EP k\u00e9pvisel\u0151 ezt \u00edrja: \u201cEz egy \u00e1llam, vagy maffia? Zelenszkij eln\u00f6k ut\u00e1n most Orb\u00e1n minisztereln\u00f6k\u00f6t \u00e9s csal\u00e1dj\u00e1t fenyegeti az egykori ukr\u00e1n t\u00e1bornok \u00e9s SBU-tiszt, Hryhorij Omelcsenko. Miut\u00e1n Magyarorsz\u00e1g minisztereln\u00f6ke blokkolta a 90 milli\u00e1rd eur\u00f3s \u2018k\u00f6lcs\u00f6nt\u2019 Ukrajn\u00e1nak, a t\u00e1bornok a t\u00e9v\u00e9ben ezt mondta: \u2018Tudjuk, hol lakik, hol alszik, hol issza a s\u00f6rt, bort, hol t\u00f6lti az idej\u00e9t, s\u0151t kivel tal\u00e1lkozik \u00e9s \u00edgy tov\u00e1bb. Orb\u00e1n gondoljon az \u00f6t gyermek\u00e9re, hat unok\u00e1j\u00e1ra.\u2019<\/span><\/p>\n<p class=\"p3\"><span class=\"s2\">Az ukr\u00e1n t\u00e1bornok ezt \u00e9ppen akkor tette, amikor Ukrajn\u00e1ban kit\u00f6rt egy \u00fajabb botr\u00e1ny, \u00e9s a f\u0151szerepben\u2026 a koll\u00e9g\u00e1i, azaz a katon\u00e1k voltak. Az \u00e1llamot kirabolt\u00e1k a katonai er\u0151d\u00edtm\u00e9nyek \u00e9p\u00edt\u00e9se sor\u00e1n, \u00e9s \u00edgy t\u00f6bb mint 14 milli\u00f3 hrivny\u00e1t sikkasztottak el.<\/span><\/p>\n<p><img loading=\"lazy\" decoding=\"async\" class=\"alignnone size-medium wp-image-392\" src=\"http:\/\/tuzfalcsoport.blog\/wp-content\/uploads\/2026\/03\/IMG_5776-300x300.jpeg\" alt=\"\" width=\"300\" height=\"300\" srcset=\"http:\/\/tuzfalcsoport.blog\/wp-content\/uploads\/2026\/03\/IMG_5776-300x300.jpeg 300w, http:\/\/tuzfalcsoport.blog\/wp-content\/uploads\/2026\/03\/IMG_5776-1024x1024.jpeg 1024w, http:\/\/tuzfalcsoport.blog\/wp-content\/uploads\/2026\/03\/IMG_5776-150x150.jpeg 150w, http:\/\/tuzfalcsoport.blog\/wp-content\/uploads\/2026\/03\/IMG_5776-768x768.jpeg 768w, http:\/\/tuzfalcsoport.blog\/wp-content\/uploads\/2026\/03\/IMG_5776.jpeg 1080w\" sizes=\"auto, (max-width: 300px) 100vw, 300px\" \/><\/p>\n<p class=\"p3\"><span class=\"s2\">\u00c9s hogyan mernek ezek az emberek p\u00e9nzt k\u00f6vetelni mindenkit\u0151l k\u00f6r\u00fcl\u00f6tt\u00fck, \u00e9s hal\u00e1losan fenyegetni m\u00e1s vezet\u0151ket, mik\u00f6zben \u0151k maguk lopnak milli\u00f3kat? &#8211; folytatja a Konfederacja politikusa.<\/span><\/p>\n<p class=\"p3\"><span class=\"s2\">\u201cA hatalom cs\u00facsain zajl\u00f3 korrupci\u00f3s \u00fcgyeknek nincs v\u00e9ge, \u00e9s m\u00e9g Zelenszkij legk\u00f6zelebbi emberei is \u00e9rintettek benne. \u00c9s eml\u00e9keztetek: Orb\u00e1n minisztereln\u00f6k blokkolta az uni\u00f3s milli\u00e1rdokat Ukrajn\u00e1nak v\u00e1laszul arra, hogy Ukrajna blokkolta a \u2018Bar\u00e1ts\u00e1g\u2019 olajvezet\u00e9ket, amelyen kereszt\u00fcl az olaj Magyarorsz\u00e1gra folyik. \u00cdgy a magyar minisztereln\u00f6k v\u00e9di polg\u00e1rai \u00e9rdekeit, akik nem akarnak dr\u00e1g\u00e1bb \u00fczemanyagot. Erre Zelenszkij katonai er\u0151vel kezdte fenyegetni, most pedig ugyanezt teszi az ukr\u00e1n t\u00e1bornok \u00e9s titkosszolg\u00e1lati tiszt, aki m\u00e9g a magyar minisztereln\u00f6k csal\u00e1dj\u00e1t is fenyegeti.<\/span><\/p>\n<p class=\"p3\"><span class=\"s2\">V\u00e1laszul Viktor Orb\u00e1n k\u00f6zvetlen\u00fcl Ukrajna eln\u00f6k\u00e9hez fordult: \u2018Volodimir Zelenszkij! Hagyj\u00e1k abba a ijesztget\u00e9st \u00e9s zsarol\u00e1st! Magyarorsz\u00e1ggal ez nem fog menni.\u201d<\/span><\/p>\n<p class=\"p3\"><span class=\"s2\">Fenyegetik a magyar korm\u00e1nyt, fenyegetik a minisztereln\u00f6k\u00f6t, s\u0151t a csal\u00e1domat is. Komolyan vessz\u00fck ezeket a fenyeget\u00e9seket, de nem hagyjuk magunkat megf\u00e9leml\u00edteni. Magyarorsz\u00e1g el\u00e9g er\u0151s ahhoz, hogy megv\u00e9dje mag\u00e1t, \u00e9s mi \u00e1tt\u00f6rj\u00fck az olajblok\u00e1dot &#8211; hangs\u00falyozza Ewa Zaj\u0105czkowska-Hernik \u00e9s kijelenti tov\u00e1bb\u00e1, hogy Ukrajna ezen gengszter hozz\u00e1\u00e1ll\u00e1s\u00e1t Magyarorsz\u00e1ggal szemben el kellene \u00edt\u00e9lnie az \u00f6sszes EU-orsz\u00e1gnak \u00e9s a von der Leyen Eur\u00f3pai Bizotts\u00e1gnak. Ek\u00f6zben a Bizotts\u00e1g \u00fagy d\u00f6nt\u00f6tt, hogy \u2018figyelmezteti\u2019 Zelenszkijt \u00e9s\u2026 ennyi. Sz\u00e9gyen. Soha nem fogom t\u00e1mogatni egy korrupt \u00e9s m\u00e1sokat fenyeget\u0151 Ukrajna felv\u00e9tel\u00e9t az EU-ba \u00e9s a NATO-ba!\u201d<\/span><\/p>\n<p class=\"p3\"><span class=\"s3\">Ewa Zaj\u0105czkowska-Hernik<\/span><span class=\"s2\"> lengyel politikus, t\u00f6rt\u00e9n\u00e9sz, \u00fajs\u00e1g\u00edr\u00f3 \u00e9s t\u00f6rt\u00e9nelemtan\u00e1r, 2024 \u00f3ta az Eur\u00f3pai Parlament k\u00e9pvisel\u0151je a jobboldali Konfederacja sz\u00edneiben. Tagja a Polg\u00e1ri Szabads\u00e1gjogok, Igazs\u00e1g\u00fcgy \u00e9s Bel\u00fcgyi Bizotts\u00e1gnak (LIBE), valamint m\u00e1s deleg\u00e1ci\u00f3kban is tev\u00e9kenykedik.<\/span><\/p>\n<p><img loading=\"lazy\" decoding=\"async\" class=\"alignnone size-medium wp-image-393\" src=\"http:\/\/tuzfalcsoport.blog\/wp-content\/uploads\/2026\/03\/IMG_5777-200x300.jpeg\" alt=\"\" width=\"200\" height=\"300\" srcset=\"http:\/\/tuzfalcsoport.blog\/wp-content\/uploads\/2026\/03\/IMG_5777-200x300.jpeg 200w, http:\/\/tuzfalcsoport.blog\/wp-content\/uploads\/2026\/03\/IMG_5777-683x1024.jpeg 683w, http:\/\/tuzfalcsoport.blog\/wp-content\/uploads\/2026\/03\/IMG_5777-768x1152.jpeg 768w, http:\/\/tuzfalcsoport.blog\/wp-content\/uploads\/2026\/03\/IMG_5777.jpeg 1024w\" sizes=\"auto, (max-width: 200px) 100vw, 200px\" \/><\/p>\n","protected":false},"excerpt":{"rendered":"<p>\u26a0\ufe0fEwa Zaj\u0105czkowska-Hernik szerint a magyar minisztereln\u00f6k a polg\u00e1rai \u00e9rdekeit v\u00e9di, Ukrajna pedig korrupt \u00e9s nincs helye sem az EU-ban, sem a NATO-ban. Nemr\u00e9giben a Konf\u00f6der\u00e1ci\u00f3 EP-k\u00e9pvisel\u0151je azt nyilatkozta, hogy Orb\u00e1n Viktor magyar minisztereln\u00f6k p\u00e9ld\u00e1tlan l\u00e9p\u00e9st tett azzal, hogy korm\u00e1nya beperelte az Eur\u00f3pai Uni\u00f3 B\u00edr\u00f3s\u00e1g\u00e1t jogellenes d\u00f6nt\u00e9sei miatt. Friss bejegyz\u00e9s\u00e9ben Zaj\u0105czkowska-Hernik ny\u00edltan b\u00edr\u00e1lja Ukrajn\u00e1t a korrupci\u00f3 &#8230; <a title=\"\ud83d\udcccA lengyel jobboldali politikusn\u0151 kem\u00e9nyen ki\u00e1llt Orb\u00e1n Viktor mellett\" class=\"read-more\" href=\"http:\/\/tuzfalcsoport.blog\/?p=391\" aria-label=\"Read more about \ud83d\udcccA lengyel jobboldali politikusn\u0151 kem\u00e9nyen ki\u00e1llt Orb\u00e1n Viktor mellett\">Olvass tov\u00e1bb<\/a><\/p>\n","protected":false},"author":1,"featured_media":0,"comment_status":"open","ping_status":"open","sticky":false,"template":"","format":"standard","meta":{"footnotes":""},"categories":[1],"tags":[],"class_list":["post-391","post","type-post","status-publish","format-standard","hentry","category-uncategorized"],"yoast_head":"<!-- This site is optimized with the Yoast SEO plugin v26.7 - https:\/\/yoast.com\/wordpress\/plugins\/seo\/ -->\n<title>\ud83d\udcccA lengyel jobboldali politikusn\u0151 kem\u00e9nyen ki\u00e1llt Orb\u00e1n Viktor mellett - T\u0171zfalcsoport<\/title>\n<meta name=\"robots\" content=\"index, follow, max-snippet:-1, max-image-preview:large, max-video-preview:-1\" \/>\n<link rel=\"canonical\" href=\"http:\/\/tuzfalcsoport.blog\/?p=391\" \/>\n<meta property=\"og:locale\" content=\"hu_HU\" \/>\n<meta property=\"og:type\" content=\"article\" \/>\n<meta property=\"og:title\" content=\"\ud83d\udcccA lengyel jobboldali politikusn\u0151 kem\u00e9nyen ki\u00e1llt Orb\u00e1n Viktor mellett - T\u0171zfalcsoport\" \/>\n<meta property=\"og:description\" content=\"\u26a0\ufe0fEwa Zaj\u0105czkowska-Hernik szerint a magyar minisztereln\u00f6k a polg\u00e1rai \u00e9rdekeit v\u00e9di, Ukrajna pedig korrupt \u00e9s nincs helye sem az EU-ban, sem a NATO-ban. Nemr\u00e9giben a Konf\u00f6der\u00e1ci\u00f3 EP-k\u00e9pvisel\u0151je azt nyilatkozta, hogy Orb\u00e1n Viktor magyar minisztereln\u00f6k p\u00e9ld\u00e1tlan l\u00e9p\u00e9st tett azzal, hogy korm\u00e1nya beperelte az Eur\u00f3pai Uni\u00f3 B\u00edr\u00f3s\u00e1g\u00e1t jogellenes d\u00f6nt\u00e9sei miatt. Friss bejegyz\u00e9s\u00e9ben Zaj\u0105czkowska-Hernik ny\u00edltan b\u00edr\u00e1lja Ukrajn\u00e1t a korrupci\u00f3 ... Olvass tov\u00e1bb\" \/>\n<meta property=\"og:url\" content=\"http:\/\/tuzfalcsoport.blog\/?p=391\" \/>\n<meta property=\"og:site_name\" content=\"T\u0171zfalcsoport\" \/>\n<meta property=\"article:published_time\" content=\"2026-03-16T15:38:43+00:00\" \/>\n<meta property=\"article:modified_time\" content=\"2026-03-16T15:49:01+00:00\" \/>\n<meta property=\"og:image\" content=\"http:\/\/tuzfalcsoport.blog\/wp-content\/uploads\/2026\/03\/IMG_5776-300x300.jpeg\" \/>\n<meta name=\"author\" content=\"T\u0171zfalcsoport\" \/>\n<meta name=\"twitter:card\" content=\"summary_large_image\" \/>\n<meta name=\"twitter:label1\" content=\"Szerz\u0151:\" \/>\n\t<meta name=\"twitter:data1\" content=\"T\u0171zfalcsoport\" \/>\n\t<meta name=\"twitter:label2\" content=\"Becs\u00fclt olvas\u00e1si id\u0151\" \/>\n\t<meta name=\"twitter:data2\" content=\"3 perc\" \/>\n<script type=\"application\/ld+json\" class=\"yoast-schema-graph\">{\"@context\":\"https:\/\/schema.org\",\"@graph\":[{\"@type\":\"Article\",\"@id\":\"http:\/\/tuzfalcsoport.blog\/?p=391#article\",\"isPartOf\":{\"@id\":\"http:\/\/tuzfalcsoport.blog\/?p=391\"},\"author\":{\"name\":\"T\u0171zfalcsoport\",\"@id\":\"http:\/\/tuzfalcsoport.blog\/#\/schema\/person\/0dbc8ce6fe1c972173556c4bea45d879\"},\"headline\":\"\ud83d\udcccA lengyel jobboldali politikusn\u0151 kem\u00e9nyen ki\u00e1llt Orb\u00e1n Viktor mellett\",\"datePublished\":\"2026-03-16T15:38:43+00:00\",\"dateModified\":\"2026-03-16T15:49:01+00:00\",\"mainEntityOfPage\":{\"@id\":\"http:\/\/tuzfalcsoport.blog\/?p=391\"},\"wordCount\":633,\"commentCount\":0,\"publisher\":{\"@id\":\"http:\/\/tuzfalcsoport.blog\/#organization\"},\"image\":{\"@id\":\"http:\/\/tuzfalcsoport.blog\/?p=391#primaryimage\"},\"thumbnailUrl\":\"http:\/\/tuzfalcsoport.blog\/wp-content\/uploads\/2026\/03\/IMG_5776-300x300.jpeg\",\"articleSection\":[\"Uncategorized\"],\"inLanguage\":\"hu\",\"potentialAction\":[{\"@type\":\"CommentAction\",\"name\":\"Comment\",\"target\":[\"http:\/\/tuzfalcsoport.blog\/?p=391#respond\"]}]},{\"@type\":\"WebPage\",\"@id\":\"http:\/\/tuzfalcsoport.blog\/?p=391\",\"url\":\"http:\/\/tuzfalcsoport.blog\/?p=391\",\"name\":\"\ud83d\udcccA lengyel jobboldali politikusn\u0151 kem\u00e9nyen ki\u00e1llt Orb\u00e1n Viktor mellett - T\u0171zfalcsoport\",\"isPartOf\":{\"@id\":\"http:\/\/tuzfalcsoport.blog\/#website\"},\"primaryImageOfPage\":{\"@id\":\"http:\/\/tuzfalcsoport.blog\/?p=391#primaryimage\"},\"image\":{\"@id\":\"http:\/\/tuzfalcsoport.blog\/?p=391#primaryimage\"},\"thumbnailUrl\":\"http:\/\/tuzfalcsoport.blog\/wp-content\/uploads\/2026\/03\/IMG_5776-300x300.jpeg\",\"datePublished\":\"2026-03-16T15:38:43+00:00\",\"dateModified\":\"2026-03-16T15:49:01+00:00\",\"breadcrumb\":{\"@id\":\"http:\/\/tuzfalcsoport.blog\/?p=391#breadcrumb\"},\"inLanguage\":\"hu\",\"potentialAction\":[{\"@type\":\"ReadAction\",\"target\":[\"http:\/\/tuzfalcsoport.blog\/?p=391\"]}]},{\"@type\":\"ImageObject\",\"inLanguage\":\"hu\",\"@id\":\"http:\/\/tuzfalcsoport.blog\/?p=391#primaryimage\",\"url\":\"http:\/\/tuzfalcsoport.blog\/wp-content\/uploads\/2026\/03\/IMG_5776.jpeg\",\"contentUrl\":\"http:\/\/tuzfalcsoport.blog\/wp-content\/uploads\/2026\/03\/IMG_5776.jpeg\",\"width\":1080,\"height\":1080},{\"@type\":\"BreadcrumbList\",\"@id\":\"http:\/\/tuzfalcsoport.blog\/?p=391#breadcrumb\",\"itemListElement\":[{\"@type\":\"ListItem\",\"position\":1,\"name\":\"Home\",\"item\":\"http:\/\/tuzfalcsoport.blog\/\"},{\"@type\":\"ListItem\",\"position\":2,\"name\":\"\ud83d\udcccA lengyel jobboldali politikusn\u0151 kem\u00e9nyen ki\u00e1llt Orb\u00e1n Viktor mellett\"}]},{\"@type\":\"WebSite\",\"@id\":\"http:\/\/tuzfalcsoport.blog\/#website\",\"url\":\"http:\/\/tuzfalcsoport.blog\/\",\"name\":\"T\u0171zfalcsoport\",\"description\":\"\",\"publisher\":{\"@id\":\"http:\/\/tuzfalcsoport.blog\/#organization\"},\"potentialAction\":[{\"@type\":\"SearchAction\",\"target\":{\"@type\":\"EntryPoint\",\"urlTemplate\":\"http:\/\/tuzfalcsoport.blog\/?s={search_term_string}\"},\"query-input\":{\"@type\":\"PropertyValueSpecification\",\"valueRequired\":true,\"valueName\":\"search_term_string\"}}],\"inLanguage\":\"hu\"},{\"@type\":\"Organization\",\"@id\":\"http:\/\/tuzfalcsoport.blog\/#organization\",\"name\":\"T\u0171zfalcsoport\",\"url\":\"http:\/\/tuzfalcsoport.blog\/\",\"logo\":{\"@type\":\"ImageObject\",\"inLanguage\":\"hu\",\"@id\":\"http:\/\/tuzfalcsoport.blog\/#\/schema\/logo\/image\/\",\"url\":\"http:\/\/tuzfalcsoport.blog\/wp-content\/uploads\/2026\/01\/TCS_borito3-scaled.jpg\",\"contentUrl\":\"http:\/\/tuzfalcsoport.blog\/wp-content\/uploads\/2026\/01\/TCS_borito3-scaled.jpg\",\"width\":2560,\"height\":640,\"caption\":\"T\u0171zfalcsoport\"},\"image\":{\"@id\":\"http:\/\/tuzfalcsoport.blog\/#\/schema\/logo\/image\/\"}},{\"@type\":\"Person\",\"@id\":\"http:\/\/tuzfalcsoport.blog\/#\/schema\/person\/0dbc8ce6fe1c972173556c4bea45d879\",\"name\":\"T\u0171zfalcsoport\",\"image\":{\"@type\":\"ImageObject\",\"inLanguage\":\"hu\",\"@id\":\"http:\/\/tuzfalcsoport.blog\/#\/schema\/person\/image\/\",\"url\":\"https:\/\/secure.gravatar.com\/avatar\/6a89eb668c2a2380540f358d8a1dd366bd36bf902c70e9d4bbb8f5b85d9e363b?s=96&d=mm&r=g\",\"contentUrl\":\"https:\/\/secure.gravatar.com\/avatar\/6a89eb668c2a2380540f358d8a1dd366bd36bf902c70e9d4bbb8f5b85d9e363b?s=96&d=mm&r=g\",\"caption\":\"T\u0171zfalcsoport\"},\"sameAs\":[\"http:\/\/tuzfalcsoport.blog\"],\"url\":\"http:\/\/tuzfalcsoport.blog\/?author=1\"}]}<\/script>\n<!-- \/ Yoast SEO plugin. -->","yoast_head_json":{"title":"\ud83d\udcccA lengyel jobboldali politikusn\u0151 kem\u00e9nyen ki\u00e1llt Orb\u00e1n Viktor mellett - T\u0171zfalcsoport","robots":{"index":"index","follow":"follow","max-snippet":"max-snippet:-1","max-image-preview":"max-image-preview:large","max-video-preview":"max-video-preview:-1"},"canonical":"http:\/\/tuzfalcsoport.blog\/?p=391","og_locale":"hu_HU","og_type":"article","og_title":"\ud83d\udcccA lengyel jobboldali politikusn\u0151 kem\u00e9nyen ki\u00e1llt Orb\u00e1n Viktor mellett - T\u0171zfalcsoport","og_description":"\u26a0\ufe0fEwa Zaj\u0105czkowska-Hernik szerint a magyar minisztereln\u00f6k a polg\u00e1rai \u00e9rdekeit v\u00e9di, Ukrajna pedig korrupt \u00e9s nincs helye sem az EU-ban, sem a NATO-ban. Nemr\u00e9giben a Konf\u00f6der\u00e1ci\u00f3 EP-k\u00e9pvisel\u0151je azt nyilatkozta, hogy Orb\u00e1n Viktor magyar minisztereln\u00f6k p\u00e9ld\u00e1tlan l\u00e9p\u00e9st tett azzal, hogy korm\u00e1nya beperelte az Eur\u00f3pai Uni\u00f3 B\u00edr\u00f3s\u00e1g\u00e1t jogellenes d\u00f6nt\u00e9sei miatt. Friss bejegyz\u00e9s\u00e9ben Zaj\u0105czkowska-Hernik ny\u00edltan b\u00edr\u00e1lja Ukrajn\u00e1t a korrupci\u00f3 ... Olvass tov\u00e1bb","og_url":"http:\/\/tuzfalcsoport.blog\/?p=391","og_site_name":"T\u0171zfalcsoport","article_published_time":"2026-03-16T15:38:43+00:00","article_modified_time":"2026-03-16T15:49:01+00:00","og_image":[{"url":"http:\/\/tuzfalcsoport.blog\/wp-content\/uploads\/2026\/03\/IMG_5776-300x300.jpeg","type":"","width":"","height":""}],"author":"T\u0171zfalcsoport","twitter_card":"summary_large_image","twitter_misc":{"Szerz\u0151:":"T\u0171zfalcsoport","Becs\u00fclt olvas\u00e1si id\u0151":"3 perc"},"schema":{"@context":"https:\/\/schema.org","@graph":[{"@type":"Article","@id":"http:\/\/tuzfalcsoport.blog\/?p=391#article","isPartOf":{"@id":"http:\/\/tuzfalcsoport.blog\/?p=391"},"author":{"name":"T\u0171zfalcsoport","@id":"http:\/\/tuzfalcsoport.blog\/#\/schema\/person\/0dbc8ce6fe1c972173556c4bea45d879"},"headline":"\ud83d\udcccA lengyel jobboldali politikusn\u0151 kem\u00e9nyen ki\u00e1llt Orb\u00e1n Viktor mellett","datePublished":"2026-03-16T15:38:43+00:00","dateModified":"2026-03-16T15:49:01+00:00","mainEntityOfPage":{"@id":"http:\/\/tuzfalcsoport.blog\/?p=391"},"wordCount":633,"commentCount":0,"publisher":{"@id":"http:\/\/tuzfalcsoport.blog\/#organization"},"image":{"@id":"http:\/\/tuzfalcsoport.blog\/?p=391#primaryimage"},"thumbnailUrl":"http:\/\/tuzfalcsoport.blog\/wp-content\/uploads\/2026\/03\/IMG_5776-300x300.jpeg","articleSection":["Uncategorized"],"inLanguage":"hu","potentialAction":[{"@type":"CommentAction","name":"Comment","target":["http:\/\/tuzfalcsoport.blog\/?p=391#respond"]}]},{"@type":"WebPage","@id":"http:\/\/tuzfalcsoport.blog\/?p=391","url":"http:\/\/tuzfalcsoport.blog\/?p=391","name":"\ud83d\udcccA lengyel jobboldali politikusn\u0151 kem\u00e9nyen ki\u00e1llt Orb\u00e1n Viktor mellett - T\u0171zfalcsoport","isPartOf":{"@id":"http:\/\/tuzfalcsoport.blog\/#website"},"primaryImageOfPage":{"@id":"http:\/\/tuzfalcsoport.blog\/?p=391#primaryimage"},"image":{"@id":"http:\/\/tuzfalcsoport.blog\/?p=391#primaryimage"},"thumbnailUrl":"http:\/\/tuzfalcsoport.blog\/wp-content\/uploads\/2026\/03\/IMG_5776-300x300.jpeg","datePublished":"2026-03-16T15:38:43+00:00","dateModified":"2026-03-16T15:49:01+00:00","breadcrumb":{"@id":"http:\/\/tuzfalcsoport.blog\/?p=391#breadcrumb"},"inLanguage":"hu","potentialAction":[{"@type":"ReadAction","target":["http:\/\/tuzfalcsoport.blog\/?p=391"]}]},{"@type":"ImageObject","inLanguage":"hu","@id":"http:\/\/tuzfalcsoport.blog\/?p=391#primaryimage","url":"http:\/\/tuzfalcsoport.blog\/wp-content\/uploads\/2026\/03\/IMG_5776.jpeg","contentUrl":"http:\/\/tuzfalcsoport.blog\/wp-content\/uploads\/2026\/03\/IMG_5776.jpeg","width":1080,"height":1080},{"@type":"BreadcrumbList","@id":"http:\/\/tuzfalcsoport.blog\/?p=391#breadcrumb","itemListElement":[{"@type":"ListItem","position":1,"name":"Home","item":"http:\/\/tuzfalcsoport.blog\/"},{"@type":"ListItem","position":2,"name":"\ud83d\udcccA lengyel jobboldali politikusn\u0151 kem\u00e9nyen ki\u00e1llt Orb\u00e1n Viktor mellett"}]},{"@type":"WebSite","@id":"http:\/\/tuzfalcsoport.blog\/#website","url":"http:\/\/tuzfalcsoport.blog\/","name":"T\u0171zfalcsoport","description":"","publisher":{"@id":"http:\/\/tuzfalcsoport.blog\/#organization"},"potentialAction":[{"@type":"SearchAction","target":{"@type":"EntryPoint","urlTemplate":"http:\/\/tuzfalcsoport.blog\/?s={search_term_string}"},"query-input":{"@type":"PropertyValueSpecification","valueRequired":true,"valueName":"search_term_string"}}],"inLanguage":"hu"},{"@type":"Organization","@id":"http:\/\/tuzfalcsoport.blog\/#organization","name":"T\u0171zfalcsoport","url":"http:\/\/tuzfalcsoport.blog\/","logo":{"@type":"ImageObject","inLanguage":"hu","@id":"http:\/\/tuzfalcsoport.blog\/#\/schema\/logo\/image\/","url":"http:\/\/tuzfalcsoport.blog\/wp-content\/uploads\/2026\/01\/TCS_borito3-scaled.jpg","contentUrl":"http:\/\/tuzfalcsoport.blog\/wp-content\/uploads\/2026\/01\/TCS_borito3-scaled.jpg","width":2560,"height":640,"caption":"T\u0171zfalcsoport"},"image":{"@id":"http:\/\/tuzfalcsoport.blog\/#\/schema\/logo\/image\/"}},{"@type":"Person","@id":"http:\/\/tuzfalcsoport.blog\/#\/schema\/person\/0dbc8ce6fe1c972173556c4bea45d879","name":"T\u0171zfalcsoport","image":{"@type":"ImageObject","inLanguage":"hu","@id":"http:\/\/tuzfalcsoport.blog\/#\/schema\/person\/image\/","url":"https:\/\/secure.gravatar.com\/avatar\/6a89eb668c2a2380540f358d8a1dd366bd36bf902c70e9d4bbb8f5b85d9e363b?s=96&d=mm&r=g","contentUrl":"https:\/\/secure.gravatar.com\/avatar\/6a89eb668c2a2380540f358d8a1dd366bd36bf902c70e9d4bbb8f5b85d9e363b?s=96&d=mm&r=g","caption":"T\u0171zfalcsoport"},"sameAs":["http:\/\/tuzfalcsoport.blog"],"url":"http:\/\/tuzfalcsoport.blog\/?author=1"}]}},"_links":{"self":[{"href":"http:\/\/tuzfalcsoport.blog\/index.php?rest_route=\/wp\/v2\/posts\/391","targetHints":{"allow":["GET"]}}],"collection":[{"href":"http:\/\/tuzfalcsoport.blog\/index.php?rest_route=\/wp\/v2\/posts"}],"about":[{"href":"http:\/\/tuzfalcsoport.blog\/index.php?rest_route=\/wp\/v2\/types\/post"}],"author":[{"embeddable":true,"href":"http:\/\/tuzfalcsoport.blog\/index.php?rest_route=\/wp\/v2\/users\/1"}],"replies":[{"embeddable":true,"href":"http:\/\/tuzfalcsoport.blog\/index.php?rest_route=%2Fwp%2Fv2%2Fcomments&post=391"}],"version-history":[{"count":2,"href":"http:\/\/tuzfalcsoport.blog\/index.php?rest_route=\/wp\/v2\/posts\/391\/revisions"}],"predecessor-version":[{"id":395,"href":"http:\/\/tuzfalcsoport.blog\/index.php?rest_route=\/wp\/v2\/posts\/391\/revisions\/395"}],"wp:attachment":[{"href":"http:\/\/tuzfalcsoport.blog\/index.php?rest_route=%2Fwp%2Fv2%2Fmedia&parent=391"}],"wp:term":[{"taxonomy":"category","embeddable":true,"href":"http:\/\/tuzfalcsoport.blog\/index.php?rest_route=%2Fwp%2Fv2%2Fcategories&post=391"},{"taxonomy":"post_tag","embeddable":true,"href":"http:\/\/tuzfalcsoport.blog\/index.php?rest_route=%2Fwp%2Fv2%2Ftags&post=391"}],"curies":[{"name":"wp","href":"https:\/\/api.w.org\/{rel}","templated":true}]}}