{"id":956,"date":"2026-04-27T07:23:14","date_gmt":"2026-04-27T06:23:14","guid":{"rendered":"http:\/\/tuzfalcsoport.blog\/?p=956"},"modified":"2026-04-27T07:26:01","modified_gmt":"2026-04-27T06:26:01","slug":"%f0%9f%93%8clengyel-jogvedok-a-neonacizmus-jelensege-aggaszto-ukrajnaban","status":"publish","type":"post","link":"http:\/\/tuzfalcsoport.blog\/?p=956","title":{"rendered":"\ud83d\udcccLengyel jogv\u00e9d\u0151k: A neon\u00e1cizmus jelens\u00e9ge aggaszt\u00f3 Ukrajn\u00e1ban"},"content":{"rendered":"<p class=\"p3\" style=\"text-align: left;\"><span class=\"s2\">\u26a0\ufe0fA vars\u00f3i Centrum Us\u0142ug Prawnych nev\u0171 \u00fan. Jogszolg\u00e1ltat\u00f3 K\u00f6zpont <a href=\"https:\/\/x.com\/cuprwarszawa\/status\/2048261002110603388?s=46\">szerint<\/a>\u201cUkrajna tele van neon\u00e1cikkal\u201d.<\/span><\/p>\n<p>&nbsp;<\/p>\n<blockquote class=\"twitter-tweet\" data-dnt=\"true\">\n<p dir=\"ltr\" lang=\"pl\">\ud83c\uddfa\ud83c\udde6 Ukraina jest pe\u0142na neonazist\u00f3w, kt\u00f3rzy podziwiaj\u0105 SS-Bander\u0119! <a href=\"https:\/\/t.co\/FqWyzD5BSR\">pic.twitter.com\/FqWyzD5BSR<\/a><\/p>\n<p>\u2014 Centrum Us\u0142ug Prawnych (@cuprwarszawa) <a href=\"https:\/\/twitter.com\/cuprwarszawa\/status\/2048261002110603388?ref_src=twsrc%5Etfw\">April 26, 2026<\/a><\/p><\/blockquote>\n<p><script async src=\"https:\/\/platform.twitter.com\/widgets.js\" charset=\"utf-8\"><\/script><\/p>\n<p class=\"p3\"><span class=\"s3\">\ud83d\udccdT\u00f6rt\u00e9neti h\u00e1tt\u00e9r: Stepan Bandera \u00e9s az OUN\/UPA \u00f6r\u00f6ks\u00e9ge<\/span><\/p>\n<p class=\"p3\"><span class=\"s2\">Stepan Bandera (1909\u20131959) az Ukrajnai Nacionalist\u00e1k Szervezete (OUN) radik\u00e1lis frakci\u00f3j\u00e1nak (OUN-B) vezet\u0151je volt, aki a m\u00e1sodik vil\u00e1gh\u00e1bor\u00fa alatt kulcsszerepet j\u00e1tszott az ukr\u00e1n nacionalizmusban. Az OUN 1941. j\u00fanius 30-\u00e1n Lvivben kiki\u00e1ltotta Ukrajna f\u00fcggetlens\u00e9g\u00e9t a n\u00e1ci N\u00e9metorsz\u00e1g t\u00e1mogat\u00e1s\u00e1val, \u00e1m a n\u00e9metek hamarosan letart\u00f3ztatt\u00e1k Bander\u00e1t \u00e9s t\u00e1rsait, mert a teljes f\u00fcggetlens\u00e9get k\u00f6vetelt\u00e9k. Az OUN-B \u00e9s fegyveres sz\u00e1rnya, az Ukr\u00e1n Felkel\u0151 Hadsereg (UPA) kezdetben kollabor\u00e1lt a n\u00e1cikkal, r\u00e9szt vett zsid\u00f3 pogromokban \u00e9s lengyel civilek elleni t\u00e1mad\u00e1sokban (Volhynia-m\u00e9sz\u00e1rl\u00e1s, 1943\u20131944, kb. 70\u2013100 ezer lengyel \u00e1ldozat). K\u00e9s\u0151bb az UPA a szovjetek ellen is harcolt, de a n\u00e1ci kollabor\u00e1ci\u00f3 \u00e9s az etnikai er\u0151szak m\u00e1ig vitatott r\u00e9sze az \u00f6r\u00f6ks\u00e9gnek.<\/span><\/p>\n<p class=\"p3\"><span class=\"s2\">A Szovjetuni\u00f3 buk\u00e1sa ut\u00e1n, k\u00fcl\u00f6n\u00f6sen Nyugat-Ukrajn\u00e1ban (Gal\u00edcia) kialakult a \u201eBandera-kultusz\u201d: utc\u00e1kat, m\u00fazeumokat, eml\u00e9km\u0171veket neveztek el r\u00f3la, \u00e9s janu\u00e1r 1-j\u00e9n sz\u00fclet\u00e9snapj\u00e1t \u00fcnneplik. Ez a kultusz szelekt\u00edv eml\u00e9kez\u00e9st t\u00fckr\u00f6z: Bander\u00e1t anti-szovjet szabads\u00e1gharcosk\u00e9nt \u00e1br\u00e1zolj\u00e1k, mik\u00f6zben a holokausztban \u00e9s etnikai tisztogat\u00e1sokban j\u00e1tszott szerep\u00e9t bagatelliz\u00e1lj\u00e1k vagy tagadj\u00e1k. A jelens\u00e9g nem egyedi Ukrajn\u00e1ban, de jelent\u0151sen elt\u00e9r a kelet-ukrajnai, orosz ajk\u00fa lakoss\u00e1g eml\u00e9kezetpolitik\u00e1j\u00e1t\u00f3l, ahol Bandera a n\u00e1ci kollabor\u00e1ns szimb\u00f3luma maradt.<\/span><\/p>\n<p class=\"p3\"><span class=\"s3\">\ud83d\udccdNemzetk\u00f6zi kritik\u00e1k \u00e9s az EU csatlakoz\u00e1si felt\u00e9telrendszere<\/span><\/p>\n<p class=\"p3\"><span class=\"s2\">M\u00e1r a 2010-es \u00e9vek v\u00e9g\u00e9n t\u00f6bb nemzetk\u00f6zi szervezet h\u00edvta fel a figyelmet a jelens\u00e9gre. A Freedom House 2018-as jelent\u00e9se egyenesen \u201ea ukr\u00e1n demokr\u00e1ci\u00e1t fenyeget\u0151 sz\u00e9ls\u0151jobboldali extremizmusr\u00f3l\u201d besz\u00e9lt, hangs\u00falyozva a v\u00e1laszt\u00e1si marginalit\u00e1s ellen\u00e9re a t\u00e1rsadalmi \u00e9s er\u0151szakos hat\u00e1st. Az OSCE ODIHR rendszeresen monitorozza a gy\u0171l\u00f6let-b\u0171ncselekm\u00e9nyeket \u00e9s antiszemita incidenseket Ukrajn\u00e1ban, amelyek sz\u00e1ma a 2010-es \u00e9vek v\u00e9g\u00e9n emelkedett. Hasonl\u00f3 aggodalmakat fogalmazott meg a Council of Europe Eur\u00f3pai Rasszizmus \u00e9s Intolerancia Elleni Bizotts\u00e1ga (ECRI), valamint akad\u00e9mikus elemz\u00e9sek (pl. Ivan Katchanovski). Ezek az elemz\u00e9sek m\u00e1r j\u00f3val a 2022-es inv\u00e1zi\u00f3 el\u0151tt r\u00e1mutattak a t\u00f6rt\u00e9nelmi rev\u00edzi\u00f3 \u00e9s a sz\u00e9ls\u0151jobboldali csoportok kock\u00e1zataira.<\/span><\/p>\n<p class=\"p3\"><span class=\"s2\">Mindek\u00f6zben az Eur\u00f3pai Uni\u00f3 viszonylag visszafogottan, szinte \u201ehallgatva\u201d kezelte ezeket a k\u00e9rd\u00e9seket, mik\u00f6zben Ukrajna 2024 \u00f3ta teljes jog\u00fa csatlakoz\u00e1si t\u00e1rgyal\u00e1sokat folytat, \u00e9s 2026-ban intenz\u00edven halad a reformok fel\u00e9. A Koppenh\u00e1gai krit\u00e9riumok (1993) \u00e9s a csatlakoz\u00e1si folyamat 23. fejezete (B\u00edr\u00f3s\u00e1gok \u00e9s alapvet\u0151 jogok) egy\u00e9rtelm\u0171en el\u0151\u00edrj\u00e1k a demokr\u00e1cia, a jog\u00e1llamis\u00e1g, az alapvet\u0151 jogok \u00e9s a kisebbs\u00e9gek v\u00e9delm\u00e9nek garant\u00e1l\u00e1s\u00e1t \u2013 ide\u00e9rtve a rasszizmus, xenof\u00f3bia \u00e9s antiszemitizmus elleni hat\u00e9kony fell\u00e9p\u00e9st is. Az EU 2021\u20132030-as Antiszemitizmus-ellenes Strat\u00e9gi\u00e1ja is k\u00f6telez\u0151 referenciapont az ukr\u00e1n jogalkot\u00e1s sz\u00e1m\u00e1ra; Kijev 2025\u20132026-ban t\u00f6bb t\u00f6rv\u00e9nyjavaslatot is beterjesztett ennek megfelel\u0151en (pl. k\u00fcl\u00f6n antiszemitizmus-ellenes koordin\u00e1tor kijel\u00f6l\u00e9se). Kritikusok szerint azonban a geopolitikai priorit\u00e1sok (az orosz agresszi\u00f3val szembeni egys\u00e9g) miatt az EU nem hangs\u00falyozza kell\u0151 m\u00e9rt\u00e9kben ezeket a felt\u00e9teleket, holott azok teljes\u00edt\u00e9se elengedhetetlen a teljes jog\u00fa tags\u00e1ghoz.<\/span><\/p>\n<p class=\"p3\"><span class=\"s3\">L\u00e1bjegyzetek<\/span><span class=\"s2\">:<\/span><\/p>\n<p class=\"p4\"><span class=\"s2\">1.<span class=\"Apple-converted-space\">\u00a0 <\/span>Grzegorz Rossoli\u0144ski-Liebe, <\/span><span class=\"s4\">Stepan Bandera: The Life and Afterlife of a Ukrainian Nationalist<\/span><span class=\"s2\"> (Stuttgart: ibidem, 2014).<\/span><\/p>\n<p class=\"p4\"><span class=\"s2\">2.<span class=\"Apple-converted-space\">\u00a0 <\/span>Adrian Karatnycky, \u201eUkraine, Anti-Semitism, Racism, and the Far Right,\u201d Atlantic Council, October 16, 2018.<\/span><\/p>\n<p class=\"p4\"><span class=\"s2\">3.<span class=\"Apple-converted-space\">\u00a0 <\/span>Vyacheslav Likhachev, \u201eFar-right Extremism as a Threat to Ukrainian Democracy,\u201d Freedom House, 2018.<\/span><\/p>\n<p class=\"p4\"><span class=\"s2\">4.<span class=\"Apple-converted-space\">\u00a0 <\/span>OSCE ODIHR Hate Crime Reporting, Ukraine data (2018\u20132025).<\/span><\/p>\n<p class=\"p4\"><span class=\"s2\">5.<span class=\"Apple-converted-space\">\u00a0 <\/span>European Commission, \u201eEU Strategy on Combating Antisemitism and Fostering Jewish Life (2021\u20132030)\u201d; Ukrainian draft Law No. 14228 (2025).<\/span><\/p>\n<p class=\"p4\"><span class=\"s2\">6.<span class=\"Apple-converted-space\">\u00a0 <\/span>Ivan Katchanovski, \u201eFar-Right Political Violence in Ukraine,\u201d ICCT, 2024.<\/span><\/p>\n<p class=\"p4\"><span class=\"s2\">7.<span class=\"Apple-converted-space\">\u00a0 <\/span>EU-Ukraine Association Agreement and accession negotiation frameworks (Chapter 23), European Council documents, 2023\u20132026.<\/span><\/p>\n","protected":false},"excerpt":{"rendered":"<p>\u26a0\ufe0fA vars\u00f3i Centrum Us\u0142ug Prawnych nev\u0171 \u00fan. Jogszolg\u00e1ltat\u00f3 K\u00f6zpont szerint\u201cUkrajna tele van neon\u00e1cikkal\u201d. &nbsp; \ud83c\uddfa\ud83c\udde6 Ukraina jest pe\u0142na neonazist\u00f3w, kt\u00f3rzy podziwiaj\u0105 SS-Bander\u0119! pic.twitter.com\/FqWyzD5BSR \u2014 Centrum Us\u0142ug Prawnych (@cuprwarszawa) April 26, 2026 \ud83d\udccdT\u00f6rt\u00e9neti h\u00e1tt\u00e9r: Stepan Bandera \u00e9s az OUN\/UPA \u00f6r\u00f6ks\u00e9ge Stepan Bandera (1909\u20131959) az Ukrajnai Nacionalist\u00e1k Szervezete (OUN) radik\u00e1lis frakci\u00f3j\u00e1nak (OUN-B) vezet\u0151je volt, aki a m\u00e1sodik &#8230; <a title=\"\ud83d\udcccLengyel jogv\u00e9d\u0151k: A neon\u00e1cizmus jelens\u00e9ge aggaszt\u00f3 Ukrajn\u00e1ban\" class=\"read-more\" href=\"http:\/\/tuzfalcsoport.blog\/?p=956\" aria-label=\"Read more about \ud83d\udcccLengyel jogv\u00e9d\u0151k: A neon\u00e1cizmus jelens\u00e9ge aggaszt\u00f3 Ukrajn\u00e1ban\">Olvass tov\u00e1bb<\/a><\/p>\n","protected":false},"author":1,"featured_media":958,"comment_status":"open","ping_status":"open","sticky":false,"template":"","format":"standard","meta":{"footnotes":""},"categories":[1],"tags":[],"class_list":["post-956","post","type-post","status-publish","format-standard","has-post-thumbnail","hentry","category-uncategorized"],"yoast_head":"<!-- This site is optimized with the Yoast SEO plugin v26.7 - https:\/\/yoast.com\/wordpress\/plugins\/seo\/ -->\n<title>\ud83d\udcccLengyel jogv\u00e9d\u0151k: A neon\u00e1cizmus jelens\u00e9ge aggaszt\u00f3 Ukrajn\u00e1ban - T\u0171zfalcsoport<\/title>\n<meta name=\"robots\" content=\"index, follow, max-snippet:-1, max-image-preview:large, max-video-preview:-1\" \/>\n<link rel=\"canonical\" href=\"http:\/\/tuzfalcsoport.blog\/?p=956\" \/>\n<meta property=\"og:locale\" content=\"hu_HU\" \/>\n<meta property=\"og:type\" content=\"article\" \/>\n<meta property=\"og:title\" content=\"\ud83d\udcccLengyel jogv\u00e9d\u0151k: A neon\u00e1cizmus jelens\u00e9ge aggaszt\u00f3 Ukrajn\u00e1ban - T\u0171zfalcsoport\" \/>\n<meta property=\"og:description\" content=\"\u26a0\ufe0fA vars\u00f3i Centrum Us\u0142ug Prawnych nev\u0171 \u00fan. Jogszolg\u00e1ltat\u00f3 K\u00f6zpont szerint\u201cUkrajna tele van neon\u00e1cikkal\u201d. &nbsp; \ud83c\uddfa\ud83c\udde6 Ukraina jest pe\u0142na neonazist\u00f3w, kt\u00f3rzy podziwiaj\u0105 SS-Bander\u0119! pic.twitter.com\/FqWyzD5BSR \u2014 Centrum Us\u0142ug Prawnych (@cuprwarszawa) April 26, 2026 \ud83d\udccdT\u00f6rt\u00e9neti h\u00e1tt\u00e9r: Stepan Bandera \u00e9s az OUN\/UPA \u00f6r\u00f6ks\u00e9ge Stepan Bandera (1909\u20131959) az Ukrajnai Nacionalist\u00e1k Szervezete (OUN) radik\u00e1lis frakci\u00f3j\u00e1nak (OUN-B) vezet\u0151je volt, aki a m\u00e1sodik ... Olvass tov\u00e1bb\" \/>\n<meta property=\"og:url\" content=\"http:\/\/tuzfalcsoport.blog\/?p=956\" \/>\n<meta property=\"og:site_name\" content=\"T\u0171zfalcsoport\" \/>\n<meta property=\"article:published_time\" content=\"2026-04-27T06:23:14+00:00\" \/>\n<meta property=\"article:modified_time\" content=\"2026-04-27T06:26:01+00:00\" \/>\n<meta property=\"og:image\" content=\"http:\/\/tuzfalcsoport.blog\/wp-content\/uploads\/2026\/04\/IMG_6674.jpeg\" \/>\n\t<meta property=\"og:image:width\" content=\"1260\" \/>\n\t<meta property=\"og:image:height\" content=\"632\" \/>\n\t<meta property=\"og:image:type\" content=\"image\/jpeg\" \/>\n<meta name=\"author\" content=\"T\u0171zfalcsoport\" \/>\n<meta name=\"twitter:card\" content=\"summary_large_image\" \/>\n<meta name=\"twitter:label1\" content=\"Szerz\u0151:\" \/>\n\t<meta name=\"twitter:data1\" content=\"T\u0171zfalcsoport\" \/>\n\t<meta name=\"twitter:label2\" content=\"Becs\u00fclt olvas\u00e1si id\u0151\" \/>\n\t<meta name=\"twitter:data2\" content=\"3 perc\" \/>\n<script type=\"application\/ld+json\" class=\"yoast-schema-graph\">{\"@context\":\"https:\/\/schema.org\",\"@graph\":[{\"@type\":\"Article\",\"@id\":\"http:\/\/tuzfalcsoport.blog\/?p=956#article\",\"isPartOf\":{\"@id\":\"http:\/\/tuzfalcsoport.blog\/?p=956\"},\"author\":{\"name\":\"T\u0171zfalcsoport\",\"@id\":\"http:\/\/tuzfalcsoport.blog\/#\/schema\/person\/0dbc8ce6fe1c972173556c4bea45d879\"},\"headline\":\"\ud83d\udcccLengyel jogv\u00e9d\u0151k: A neon\u00e1cizmus jelens\u00e9ge aggaszt\u00f3 Ukrajn\u00e1ban\",\"datePublished\":\"2026-04-27T06:23:14+00:00\",\"dateModified\":\"2026-04-27T06:26:01+00:00\",\"mainEntityOfPage\":{\"@id\":\"http:\/\/tuzfalcsoport.blog\/?p=956\"},\"wordCount\":733,\"commentCount\":0,\"publisher\":{\"@id\":\"http:\/\/tuzfalcsoport.blog\/#organization\"},\"image\":{\"@id\":\"http:\/\/tuzfalcsoport.blog\/?p=956#primaryimage\"},\"thumbnailUrl\":\"http:\/\/tuzfalcsoport.blog\/wp-content\/uploads\/2026\/04\/IMG_6674.jpeg\",\"articleSection\":[\"Uncategorized\"],\"inLanguage\":\"hu\",\"potentialAction\":[{\"@type\":\"CommentAction\",\"name\":\"Comment\",\"target\":[\"http:\/\/tuzfalcsoport.blog\/?p=956#respond\"]}]},{\"@type\":\"WebPage\",\"@id\":\"http:\/\/tuzfalcsoport.blog\/?p=956\",\"url\":\"http:\/\/tuzfalcsoport.blog\/?p=956\",\"name\":\"\ud83d\udcccLengyel jogv\u00e9d\u0151k: A neon\u00e1cizmus jelens\u00e9ge aggaszt\u00f3 Ukrajn\u00e1ban - T\u0171zfalcsoport\",\"isPartOf\":{\"@id\":\"http:\/\/tuzfalcsoport.blog\/#website\"},\"primaryImageOfPage\":{\"@id\":\"http:\/\/tuzfalcsoport.blog\/?p=956#primaryimage\"},\"image\":{\"@id\":\"http:\/\/tuzfalcsoport.blog\/?p=956#primaryimage\"},\"thumbnailUrl\":\"http:\/\/tuzfalcsoport.blog\/wp-content\/uploads\/2026\/04\/IMG_6674.jpeg\",\"datePublished\":\"2026-04-27T06:23:14+00:00\",\"dateModified\":\"2026-04-27T06:26:01+00:00\",\"breadcrumb\":{\"@id\":\"http:\/\/tuzfalcsoport.blog\/?p=956#breadcrumb\"},\"inLanguage\":\"hu\",\"potentialAction\":[{\"@type\":\"ReadAction\",\"target\":[\"http:\/\/tuzfalcsoport.blog\/?p=956\"]}]},{\"@type\":\"ImageObject\",\"inLanguage\":\"hu\",\"@id\":\"http:\/\/tuzfalcsoport.blog\/?p=956#primaryimage\",\"url\":\"http:\/\/tuzfalcsoport.blog\/wp-content\/uploads\/2026\/04\/IMG_6674.jpeg\",\"contentUrl\":\"http:\/\/tuzfalcsoport.blog\/wp-content\/uploads\/2026\/04\/IMG_6674.jpeg\",\"width\":1260,\"height\":632,\"caption\":\"Screenshot\"},{\"@type\":\"BreadcrumbList\",\"@id\":\"http:\/\/tuzfalcsoport.blog\/?p=956#breadcrumb\",\"itemListElement\":[{\"@type\":\"ListItem\",\"position\":1,\"name\":\"Home\",\"item\":\"http:\/\/tuzfalcsoport.blog\/\"},{\"@type\":\"ListItem\",\"position\":2,\"name\":\"\ud83d\udcccLengyel jogv\u00e9d\u0151k: A neon\u00e1cizmus jelens\u00e9ge aggaszt\u00f3 Ukrajn\u00e1ban\"}]},{\"@type\":\"WebSite\",\"@id\":\"http:\/\/tuzfalcsoport.blog\/#website\",\"url\":\"http:\/\/tuzfalcsoport.blog\/\",\"name\":\"T\u0171zfalcsoport\",\"description\":\"\",\"publisher\":{\"@id\":\"http:\/\/tuzfalcsoport.blog\/#organization\"},\"potentialAction\":[{\"@type\":\"SearchAction\",\"target\":{\"@type\":\"EntryPoint\",\"urlTemplate\":\"http:\/\/tuzfalcsoport.blog\/?s={search_term_string}\"},\"query-input\":{\"@type\":\"PropertyValueSpecification\",\"valueRequired\":true,\"valueName\":\"search_term_string\"}}],\"inLanguage\":\"hu\"},{\"@type\":\"Organization\",\"@id\":\"http:\/\/tuzfalcsoport.blog\/#organization\",\"name\":\"T\u0171zfalcsoport\",\"url\":\"http:\/\/tuzfalcsoport.blog\/\",\"logo\":{\"@type\":\"ImageObject\",\"inLanguage\":\"hu\",\"@id\":\"http:\/\/tuzfalcsoport.blog\/#\/schema\/logo\/image\/\",\"url\":\"http:\/\/tuzfalcsoport.blog\/wp-content\/uploads\/2026\/01\/TCS_borito3-scaled.jpg\",\"contentUrl\":\"http:\/\/tuzfalcsoport.blog\/wp-content\/uploads\/2026\/01\/TCS_borito3-scaled.jpg\",\"width\":2560,\"height\":640,\"caption\":\"T\u0171zfalcsoport\"},\"image\":{\"@id\":\"http:\/\/tuzfalcsoport.blog\/#\/schema\/logo\/image\/\"}},{\"@type\":\"Person\",\"@id\":\"http:\/\/tuzfalcsoport.blog\/#\/schema\/person\/0dbc8ce6fe1c972173556c4bea45d879\",\"name\":\"T\u0171zfalcsoport\",\"image\":{\"@type\":\"ImageObject\",\"inLanguage\":\"hu\",\"@id\":\"http:\/\/tuzfalcsoport.blog\/#\/schema\/person\/image\/\",\"url\":\"https:\/\/secure.gravatar.com\/avatar\/6a89eb668c2a2380540f358d8a1dd366bd36bf902c70e9d4bbb8f5b85d9e363b?s=96&d=mm&r=g\",\"contentUrl\":\"https:\/\/secure.gravatar.com\/avatar\/6a89eb668c2a2380540f358d8a1dd366bd36bf902c70e9d4bbb8f5b85d9e363b?s=96&d=mm&r=g\",\"caption\":\"T\u0171zfalcsoport\"},\"sameAs\":[\"http:\/\/tuzfalcsoport.blog\"],\"url\":\"http:\/\/tuzfalcsoport.blog\/?author=1\"}]}<\/script>\n<!-- \/ Yoast SEO plugin. -->","yoast_head_json":{"title":"\ud83d\udcccLengyel jogv\u00e9d\u0151k: A neon\u00e1cizmus jelens\u00e9ge aggaszt\u00f3 Ukrajn\u00e1ban - T\u0171zfalcsoport","robots":{"index":"index","follow":"follow","max-snippet":"max-snippet:-1","max-image-preview":"max-image-preview:large","max-video-preview":"max-video-preview:-1"},"canonical":"http:\/\/tuzfalcsoport.blog\/?p=956","og_locale":"hu_HU","og_type":"article","og_title":"\ud83d\udcccLengyel jogv\u00e9d\u0151k: A neon\u00e1cizmus jelens\u00e9ge aggaszt\u00f3 Ukrajn\u00e1ban - T\u0171zfalcsoport","og_description":"\u26a0\ufe0fA vars\u00f3i Centrum Us\u0142ug Prawnych nev\u0171 \u00fan. Jogszolg\u00e1ltat\u00f3 K\u00f6zpont szerint\u201cUkrajna tele van neon\u00e1cikkal\u201d. &nbsp; \ud83c\uddfa\ud83c\udde6 Ukraina jest pe\u0142na neonazist\u00f3w, kt\u00f3rzy podziwiaj\u0105 SS-Bander\u0119! pic.twitter.com\/FqWyzD5BSR \u2014 Centrum Us\u0142ug Prawnych (@cuprwarszawa) April 26, 2026 \ud83d\udccdT\u00f6rt\u00e9neti h\u00e1tt\u00e9r: Stepan Bandera \u00e9s az OUN\/UPA \u00f6r\u00f6ks\u00e9ge Stepan Bandera (1909\u20131959) az Ukrajnai Nacionalist\u00e1k Szervezete (OUN) radik\u00e1lis frakci\u00f3j\u00e1nak (OUN-B) vezet\u0151je volt, aki a m\u00e1sodik ... Olvass tov\u00e1bb","og_url":"http:\/\/tuzfalcsoport.blog\/?p=956","og_site_name":"T\u0171zfalcsoport","article_published_time":"2026-04-27T06:23:14+00:00","article_modified_time":"2026-04-27T06:26:01+00:00","og_image":[{"width":1260,"height":632,"url":"http:\/\/tuzfalcsoport.blog\/wp-content\/uploads\/2026\/04\/IMG_6674.jpeg","type":"image\/jpeg"}],"author":"T\u0171zfalcsoport","twitter_card":"summary_large_image","twitter_misc":{"Szerz\u0151:":"T\u0171zfalcsoport","Becs\u00fclt olvas\u00e1si id\u0151":"3 perc"},"schema":{"@context":"https:\/\/schema.org","@graph":[{"@type":"Article","@id":"http:\/\/tuzfalcsoport.blog\/?p=956#article","isPartOf":{"@id":"http:\/\/tuzfalcsoport.blog\/?p=956"},"author":{"name":"T\u0171zfalcsoport","@id":"http:\/\/tuzfalcsoport.blog\/#\/schema\/person\/0dbc8ce6fe1c972173556c4bea45d879"},"headline":"\ud83d\udcccLengyel jogv\u00e9d\u0151k: A neon\u00e1cizmus jelens\u00e9ge aggaszt\u00f3 Ukrajn\u00e1ban","datePublished":"2026-04-27T06:23:14+00:00","dateModified":"2026-04-27T06:26:01+00:00","mainEntityOfPage":{"@id":"http:\/\/tuzfalcsoport.blog\/?p=956"},"wordCount":733,"commentCount":0,"publisher":{"@id":"http:\/\/tuzfalcsoport.blog\/#organization"},"image":{"@id":"http:\/\/tuzfalcsoport.blog\/?p=956#primaryimage"},"thumbnailUrl":"http:\/\/tuzfalcsoport.blog\/wp-content\/uploads\/2026\/04\/IMG_6674.jpeg","articleSection":["Uncategorized"],"inLanguage":"hu","potentialAction":[{"@type":"CommentAction","name":"Comment","target":["http:\/\/tuzfalcsoport.blog\/?p=956#respond"]}]},{"@type":"WebPage","@id":"http:\/\/tuzfalcsoport.blog\/?p=956","url":"http:\/\/tuzfalcsoport.blog\/?p=956","name":"\ud83d\udcccLengyel jogv\u00e9d\u0151k: A neon\u00e1cizmus jelens\u00e9ge aggaszt\u00f3 Ukrajn\u00e1ban - T\u0171zfalcsoport","isPartOf":{"@id":"http:\/\/tuzfalcsoport.blog\/#website"},"primaryImageOfPage":{"@id":"http:\/\/tuzfalcsoport.blog\/?p=956#primaryimage"},"image":{"@id":"http:\/\/tuzfalcsoport.blog\/?p=956#primaryimage"},"thumbnailUrl":"http:\/\/tuzfalcsoport.blog\/wp-content\/uploads\/2026\/04\/IMG_6674.jpeg","datePublished":"2026-04-27T06:23:14+00:00","dateModified":"2026-04-27T06:26:01+00:00","breadcrumb":{"@id":"http:\/\/tuzfalcsoport.blog\/?p=956#breadcrumb"},"inLanguage":"hu","potentialAction":[{"@type":"ReadAction","target":["http:\/\/tuzfalcsoport.blog\/?p=956"]}]},{"@type":"ImageObject","inLanguage":"hu","@id":"http:\/\/tuzfalcsoport.blog\/?p=956#primaryimage","url":"http:\/\/tuzfalcsoport.blog\/wp-content\/uploads\/2026\/04\/IMG_6674.jpeg","contentUrl":"http:\/\/tuzfalcsoport.blog\/wp-content\/uploads\/2026\/04\/IMG_6674.jpeg","width":1260,"height":632,"caption":"Screenshot"},{"@type":"BreadcrumbList","@id":"http:\/\/tuzfalcsoport.blog\/?p=956#breadcrumb","itemListElement":[{"@type":"ListItem","position":1,"name":"Home","item":"http:\/\/tuzfalcsoport.blog\/"},{"@type":"ListItem","position":2,"name":"\ud83d\udcccLengyel jogv\u00e9d\u0151k: A neon\u00e1cizmus jelens\u00e9ge aggaszt\u00f3 Ukrajn\u00e1ban"}]},{"@type":"WebSite","@id":"http:\/\/tuzfalcsoport.blog\/#website","url":"http:\/\/tuzfalcsoport.blog\/","name":"T\u0171zfalcsoport","description":"","publisher":{"@id":"http:\/\/tuzfalcsoport.blog\/#organization"},"potentialAction":[{"@type":"SearchAction","target":{"@type":"EntryPoint","urlTemplate":"http:\/\/tuzfalcsoport.blog\/?s={search_term_string}"},"query-input":{"@type":"PropertyValueSpecification","valueRequired":true,"valueName":"search_term_string"}}],"inLanguage":"hu"},{"@type":"Organization","@id":"http:\/\/tuzfalcsoport.blog\/#organization","name":"T\u0171zfalcsoport","url":"http:\/\/tuzfalcsoport.blog\/","logo":{"@type":"ImageObject","inLanguage":"hu","@id":"http:\/\/tuzfalcsoport.blog\/#\/schema\/logo\/image\/","url":"http:\/\/tuzfalcsoport.blog\/wp-content\/uploads\/2026\/01\/TCS_borito3-scaled.jpg","contentUrl":"http:\/\/tuzfalcsoport.blog\/wp-content\/uploads\/2026\/01\/TCS_borito3-scaled.jpg","width":2560,"height":640,"caption":"T\u0171zfalcsoport"},"image":{"@id":"http:\/\/tuzfalcsoport.blog\/#\/schema\/logo\/image\/"}},{"@type":"Person","@id":"http:\/\/tuzfalcsoport.blog\/#\/schema\/person\/0dbc8ce6fe1c972173556c4bea45d879","name":"T\u0171zfalcsoport","image":{"@type":"ImageObject","inLanguage":"hu","@id":"http:\/\/tuzfalcsoport.blog\/#\/schema\/person\/image\/","url":"https:\/\/secure.gravatar.com\/avatar\/6a89eb668c2a2380540f358d8a1dd366bd36bf902c70e9d4bbb8f5b85d9e363b?s=96&d=mm&r=g","contentUrl":"https:\/\/secure.gravatar.com\/avatar\/6a89eb668c2a2380540f358d8a1dd366bd36bf902c70e9d4bbb8f5b85d9e363b?s=96&d=mm&r=g","caption":"T\u0171zfalcsoport"},"sameAs":["http:\/\/tuzfalcsoport.blog"],"url":"http:\/\/tuzfalcsoport.blog\/?author=1"}]}},"_links":{"self":[{"href":"http:\/\/tuzfalcsoport.blog\/index.php?rest_route=\/wp\/v2\/posts\/956","targetHints":{"allow":["GET"]}}],"collection":[{"href":"http:\/\/tuzfalcsoport.blog\/index.php?rest_route=\/wp\/v2\/posts"}],"about":[{"href":"http:\/\/tuzfalcsoport.blog\/index.php?rest_route=\/wp\/v2\/types\/post"}],"author":[{"embeddable":true,"href":"http:\/\/tuzfalcsoport.blog\/index.php?rest_route=\/wp\/v2\/users\/1"}],"replies":[{"embeddable":true,"href":"http:\/\/tuzfalcsoport.blog\/index.php?rest_route=%2Fwp%2Fv2%2Fcomments&post=956"}],"version-history":[{"count":2,"href":"http:\/\/tuzfalcsoport.blog\/index.php?rest_route=\/wp\/v2\/posts\/956\/revisions"}],"predecessor-version":[{"id":959,"href":"http:\/\/tuzfalcsoport.blog\/index.php?rest_route=\/wp\/v2\/posts\/956\/revisions\/959"}],"wp:featuredmedia":[{"embeddable":true,"href":"http:\/\/tuzfalcsoport.blog\/index.php?rest_route=\/wp\/v2\/media\/958"}],"wp:attachment":[{"href":"http:\/\/tuzfalcsoport.blog\/index.php?rest_route=%2Fwp%2Fv2%2Fmedia&parent=956"}],"wp:term":[{"taxonomy":"category","embeddable":true,"href":"http:\/\/tuzfalcsoport.blog\/index.php?rest_route=%2Fwp%2Fv2%2Fcategories&post=956"},{"taxonomy":"post_tag","embeddable":true,"href":"http:\/\/tuzfalcsoport.blog\/index.php?rest_route=%2Fwp%2Fv2%2Ftags&post=956"}],"curies":[{"name":"wp","href":"https:\/\/api.w.org\/{rel}","templated":true}]}}