{"id":960,"date":"2026-04-28T09:02:37","date_gmt":"2026-04-28T08:02:37","guid":{"rendered":"http:\/\/tuzfalcsoport.blog\/?p=960"},"modified":"2026-04-28T09:02:37","modified_gmt":"2026-04-28T08:02:37","slug":"%f0%9f%93%8cez-a-birakat-lehulyezo-lekorruptozo-ugyvedeket-lehazugozo-zavart-figura-lehet-az-uj-koztarsasagi-elnok","status":"publish","type":"post","link":"http:\/\/tuzfalcsoport.blog\/?p=960","title":{"rendered":"\ud83d\udcccEz a b\u00edr\u00e1kat leh\u00fcly\u00e9z\u0151, lekorruptoz\u00f3, \u00fcgyv\u00e9deket lehazugoz\u00f3 zavart figura lehet az \u00faj k\u00f6zt\u00e1rsas\u00e1gi eln\u00f6k"},"content":{"rendered":"<p class=\"p3\"><span style=\"font-size: inherit;\">\u26a0\ufe0f Legut\u00f3bb a HVG kiv\u00e1l\u00f3 \u00e9rz\u00e9kkel, egy komolynak sz\u00e1nt <\/span><a style=\"font-size: inherit;\" href=\"https:\/\/hvg.hu\/itthon\/20260422_marki-zay-peter-koztarsasagi-elnok-kozvetlen-valasztas-sulyok-tamas-lemondas\">\u00edr\u00e1sban<\/a><span style=\"font-size: inherit;\"> foglalkozott azzal, hogy M\u00e1rki-Zay P\u00e9ter sz\u00edvesen lenne \u00e1llamf\u0151. A h\u00f3dmez\u0151v\u00e1s\u00e1rhelyi polg\u00e1rmester vas\u00e1rnap esti \u00e9l\u0151 bejelentkez\u00e9s\u00e9ben bemutatta, hogy milyen lesz az \u00faj korm\u00e1nyp\u00e1rti jogszeml\u00e9let.<\/span><\/p>\n<p class=\"p3\"><span class=\"s2\">H\u00f3dmez\u0151v\u00e1s\u00e1rhely els\u0151 embere, aki ha megl\u00e1t egy t\u00e9rfigyel\u0151 kamer\u00e1t annak is sz\u00edvesen nyilatkozik, vas\u00e1rnap est\u00e9nk\u00e9nt \u00e9l\u0151ben szokta hergelni a nyilv\u00e1noss\u00e1g egy kis szelet\u00e9t. A legut\u00f3bbi ad\u00e1sban k\u00e9rd\u00e9sre v\u00e1laszolva az \u00f6njel\u00f6lt eln\u00f6kaspir\u00e1ns azt fejtegette, hogy vannak h\u00fclye, korrupt, fideszes, s\u0151t v\u00e9rb\u00edr\u00f3k is, egy \u00edt\u00e9szt, aki sz\u00e1m\u00e1ra L\u00e1z\u00e1r J\u00e1nossal szemben kedvez\u0151tlen d\u00f6nt\u00e9st hozott, n\u00e9v szerint is kipelleng\u00e9rezve.<\/span><\/p>\n<p class=\"p3\"><span class=\"s2\">M\u00e1rki-Zay ennek keret\u00e9ben kifejtette, hogy \u00d6h azok az emberek, akik ellen \u00edt\u00e9l a b\u00edr\u00f3s\u00e1g, sokszor igazs\u00e1gtalanul, azok mindig azt gondolj\u00e1k, hogy a b\u00edr\u00f3 fideszes volt, vagy koncepci\u00f3s per volt \u00e9s a t\u00f6bbi. Szomor\u00fa<\/span><\/p>\n<p class=\"p3\"><span class=\"s2\">igaz, \u00e9n is, \u00e9n is sokszor mondtam ezt, hogy v\u00e9rb\u00edr\u00f3, meg koncepci\u00f3, sat\u00f6bbi. Megint csak a rendszer lebont\u00e1sa \u00e9rdek\u00e9ben sokszor hat\u00e1rozottan, er\u0151sen, bubor\u00e9kkibukaszt\u00f3an er\u0151sen kellett fogalmazzak,<\/span><\/p>\n<p class=\"p3\"><span class=\"s2\">\u00e9s mondtam is a magam\u00e9t. De! Azt is tudni kell, hogy korrupt b\u00edr\u00f3 volt Magyarorsz\u00e1gon h\u00fasz \u00e9vvel ezel\u0151tt is, \u00f6h t\u00edz \u00e9vvel ezel\u0151tt is, \u00e9s a t\u00f6bbi.<\/span><\/p>\n<p class=\"p3\"><span class=\"s2\">\u00c9n az \u00e1ramszolg\u00e1ltat\u00f3n\u00e1l dolgoztam, ott egy b\u00e9k\u00e9scsabai \u00fcgyv\u00e9d a legk\u00e9ptelenebb hazugs\u00e1ggal milli\u00e1rdos p\u00e9nzt szedett ki az \u00e1ramszolg\u00e1ltat\u00f3b\u00f3l. Elmaradt haszonra hivatkozott, milli\u00e1rdos elmaradt hasznot hajtott be az \u00e1ramszolg\u00e1ltat\u00f3n egy olyan c\u00e9gnek a milli\u00e1rdos elmaradt haszn\u00e1r\u00f3l besz\u00e9lt, amely c\u00e9gnek soha nem volt m\u00e9g haszna. Egy nem bizony\u00edtott \u00fczleti modellre hivatkozott. Nem lehet annyira h\u00fclye a b\u00edr\u00f3, hogy ezt \u0151 ingyen bevegye, \u00e9s m\u00e9gis megt\u00f6rt\u00e9nt. A szegedi b\u00edr\u00f3s\u00e1gon ebben az \u00fcgyben az \u00e1ramszolg\u00e1ltat\u00f3val szemben milli\u00e1rdos kifizet\u00e9s t\u00f6rt\u00e9nt joger\u0151sen, f\u00f6lh\u00e1bor\u00edt\u00f3 m\u00f3don. Sz\u00f3val az\u00e9rt mondom, hogy korrupt, \u00e9s m\u00e9g egyszer mondom, lehet, hogy a b\u00edr\u00f3 h\u00fclye volt, lehet, hogy korrupt, de hogy ezt \u00e9n csak korrupci\u00f3nak tudom be. Sz\u00f3val vannak ilyen dolgok, \u00e9s speciel m\u00e1r fideszes id\u0151ben voltunk, de \u00e9s akkor most egy kicsit ugye az, hogy h\u00fasz \u00e9vvel ezel\u0151tt ez nem volt m\u00e9g h\u00fasz \u00e9ve, ez olyan tizen\u00f6t \u00e9ve lehetett k\u00f6r\u00fclbel\u00fcl. No, h\u00e1t mindenesetre egy ilyen tokhal teny\u00e9szet. \u00c1-\u00e1ramhiba volt, vagy hogy mondjam? Teh\u00e1t \u00f6h valamif\u00e9le hibaelh\u00e1r\u00edt\u00e1s, k\u00e9sleked\u00e9s, vagy nem tudom, egy vihar ut\u00e1n nem tudom, de mindenesetre \u00e1ram n\u00e9lk\u00fcl maradt egy \u00f6h halast\u00f3, \u00e9s akkor ott nem kaptak l-l-kell\u0151 leveg\u0151t a tokhalak, ez\u00e9rt nem tudtak fialni. \u00c9s ha fialtak volna, \u00e9s abb\u00f3l mind tokhal lett volna, \u00e9s abb\u00f3l mind tokhal lett volna, \u00e9s a v\u00e9g\u00e9n mindegyikb\u0151l ikra lett volna \u00e9s kavi\u00e1r, akkor milli\u00e1rdos haszon lett volna, de ilyen soha nem volt m\u00e9g. Sz\u00f3val nevets\u00e9ges volt az eg\u00e9sz, \u00e9s m\u00e9gis hoztak ilyen \u00edt\u00e9letet. Vagy ott van az a szeg\u00e9ny b\u00edr\u00f3, N\u00e1n\u00e1si Ill\u00e9snek h\u00edvj\u00e1k, hogy ne felejts\u00fck el, aki ki merte mondani azt, egy &#8222;nem tudtam megmondani, milyen b\u0171ncselekm\u00e9nnyel v\u00e1doltam volna L\u00e1z\u00e1r J\u00e1nost, amikor azt mondtam, hogy \u0151 cs\u0151dbe vitte a K&amp;H c\u00e9get, hiszen ez nem b\u0171ncselekm\u00e9ny&#8221;, majd azt mondta, hogy \u00e9n ezzel hamisan b\u0171ncselekm\u00e9nnyel v\u00e1doltam L\u00e1z\u00e1rt, aki \u00e1rtatlan.&#8221;<\/span><\/p>\n<p><iframe loading=\"lazy\" title=\"\ud83d\udcccEz a b\u00edr\u00e1kat leh\u00fcly\u00e9z\u0151, lekorruptoz\u00f3, \u00fcgyv\u00e9deket lehazugoz\u00f3 zavart figura lehet az \u00faj \u00e1llamf\u0151\" width=\"563\" height=\"1000\" src=\"https:\/\/www.youtube.com\/embed\/m9wP8SAKe68?feature=oembed\" frameborder=\"0\" allow=\"accelerometer; autoplay; clipboard-write; encrypted-media; gyroscope; picture-in-picture; web-share\" referrerpolicy=\"strict-origin-when-cross-origin\" allowfullscreen><\/iframe><\/p>\n","protected":false},"excerpt":{"rendered":"<p>\u26a0\ufe0f Legut\u00f3bb a HVG kiv\u00e1l\u00f3 \u00e9rz\u00e9kkel, egy komolynak sz\u00e1nt \u00edr\u00e1sban foglalkozott azzal, hogy M\u00e1rki-Zay P\u00e9ter sz\u00edvesen lenne \u00e1llamf\u0151. A h\u00f3dmez\u0151v\u00e1s\u00e1rhelyi polg\u00e1rmester vas\u00e1rnap esti \u00e9l\u0151 bejelentkez\u00e9s\u00e9ben bemutatta, hogy milyen lesz az \u00faj korm\u00e1nyp\u00e1rti jogszeml\u00e9let. H\u00f3dmez\u0151v\u00e1s\u00e1rhely els\u0151 embere, aki ha megl\u00e1t egy t\u00e9rfigyel\u0151 kamer\u00e1t annak is sz\u00edvesen nyilatkozik, vas\u00e1rnap est\u00e9nk\u00e9nt \u00e9l\u0151ben szokta hergelni a nyilv\u00e1noss\u00e1g egy kis &#8230; <a title=\"\ud83d\udcccEz a b\u00edr\u00e1kat leh\u00fcly\u00e9z\u0151, lekorruptoz\u00f3, \u00fcgyv\u00e9deket lehazugoz\u00f3 zavart figura lehet az \u00faj k\u00f6zt\u00e1rsas\u00e1gi eln\u00f6k\" class=\"read-more\" href=\"http:\/\/tuzfalcsoport.blog\/?p=960\" aria-label=\"Read more about \ud83d\udcccEz a b\u00edr\u00e1kat leh\u00fcly\u00e9z\u0151, lekorruptoz\u00f3, \u00fcgyv\u00e9deket lehazugoz\u00f3 zavart figura lehet az \u00faj k\u00f6zt\u00e1rsas\u00e1gi eln\u00f6k\">Olvass tov\u00e1bb<\/a><\/p>\n","protected":false},"author":1,"featured_media":962,"comment_status":"open","ping_status":"open","sticky":false,"template":"","format":"standard","meta":{"footnotes":""},"categories":[1],"tags":[],"class_list":["post-960","post","type-post","status-publish","format-standard","has-post-thumbnail","hentry","category-uncategorized"],"yoast_head":"<!-- This site is optimized with the Yoast SEO plugin v26.7 - https:\/\/yoast.com\/wordpress\/plugins\/seo\/ -->\n<title>\ud83d\udcccEz a b\u00edr\u00e1kat leh\u00fcly\u00e9z\u0151, lekorruptoz\u00f3, \u00fcgyv\u00e9deket lehazugoz\u00f3 zavart figura lehet az \u00faj k\u00f6zt\u00e1rsas\u00e1gi eln\u00f6k - T\u0171zfalcsoport<\/title>\n<meta name=\"robots\" content=\"index, follow, max-snippet:-1, max-image-preview:large, max-video-preview:-1\" \/>\n<link rel=\"canonical\" href=\"http:\/\/tuzfalcsoport.blog\/?p=960\" \/>\n<meta property=\"og:locale\" content=\"hu_HU\" \/>\n<meta property=\"og:type\" content=\"article\" \/>\n<meta property=\"og:title\" content=\"\ud83d\udcccEz a b\u00edr\u00e1kat leh\u00fcly\u00e9z\u0151, lekorruptoz\u00f3, \u00fcgyv\u00e9deket lehazugoz\u00f3 zavart figura lehet az \u00faj k\u00f6zt\u00e1rsas\u00e1gi eln\u00f6k - T\u0171zfalcsoport\" \/>\n<meta property=\"og:description\" content=\"\u26a0\ufe0f Legut\u00f3bb a HVG kiv\u00e1l\u00f3 \u00e9rz\u00e9kkel, egy komolynak sz\u00e1nt \u00edr\u00e1sban foglalkozott azzal, hogy M\u00e1rki-Zay P\u00e9ter sz\u00edvesen lenne \u00e1llamf\u0151. A h\u00f3dmez\u0151v\u00e1s\u00e1rhelyi polg\u00e1rmester vas\u00e1rnap esti \u00e9l\u0151 bejelentkez\u00e9s\u00e9ben bemutatta, hogy milyen lesz az \u00faj korm\u00e1nyp\u00e1rti jogszeml\u00e9let. H\u00f3dmez\u0151v\u00e1s\u00e1rhely els\u0151 embere, aki ha megl\u00e1t egy t\u00e9rfigyel\u0151 kamer\u00e1t annak is sz\u00edvesen nyilatkozik, vas\u00e1rnap est\u00e9nk\u00e9nt \u00e9l\u0151ben szokta hergelni a nyilv\u00e1noss\u00e1g egy kis ... Olvass tov\u00e1bb\" \/>\n<meta property=\"og:url\" content=\"http:\/\/tuzfalcsoport.blog\/?p=960\" \/>\n<meta property=\"og:site_name\" content=\"T\u0171zfalcsoport\" \/>\n<meta property=\"article:published_time\" content=\"2026-04-28T08:02:37+00:00\" \/>\n<meta property=\"og:image\" content=\"http:\/\/tuzfalcsoport.blog\/wp-content\/uploads\/2026\/04\/IMG_2740.jpeg\" \/>\n\t<meta property=\"og:image:width\" content=\"2064\" \/>\n\t<meta property=\"og:image:height\" content=\"1993\" \/>\n\t<meta property=\"og:image:type\" content=\"image\/jpeg\" \/>\n<meta name=\"author\" content=\"T\u0171zfalcsoport\" \/>\n<meta name=\"twitter:card\" content=\"summary_large_image\" \/>\n<meta name=\"twitter:label1\" content=\"Szerz\u0151:\" \/>\n\t<meta name=\"twitter:data1\" content=\"T\u0171zfalcsoport\" \/>\n\t<meta name=\"twitter:label2\" content=\"Becs\u00fclt olvas\u00e1si id\u0151\" \/>\n\t<meta name=\"twitter:data2\" content=\"3 perc\" \/>\n<script type=\"application\/ld+json\" class=\"yoast-schema-graph\">{\"@context\":\"https:\/\/schema.org\",\"@graph\":[{\"@type\":\"Article\",\"@id\":\"http:\/\/tuzfalcsoport.blog\/?p=960#article\",\"isPartOf\":{\"@id\":\"http:\/\/tuzfalcsoport.blog\/?p=960\"},\"author\":{\"name\":\"T\u0171zfalcsoport\",\"@id\":\"http:\/\/tuzfalcsoport.blog\/#\/schema\/person\/0dbc8ce6fe1c972173556c4bea45d879\"},\"headline\":\"\ud83d\udcccEz a b\u00edr\u00e1kat leh\u00fcly\u00e9z\u0151, lekorruptoz\u00f3, \u00fcgyv\u00e9deket lehazugoz\u00f3 zavart figura lehet az \u00faj k\u00f6zt\u00e1rsas\u00e1gi eln\u00f6k\",\"datePublished\":\"2026-04-28T08:02:37+00:00\",\"mainEntityOfPage\":{\"@id\":\"http:\/\/tuzfalcsoport.blog\/?p=960\"},\"wordCount\":690,\"commentCount\":0,\"publisher\":{\"@id\":\"http:\/\/tuzfalcsoport.blog\/#organization\"},\"image\":{\"@id\":\"http:\/\/tuzfalcsoport.blog\/?p=960#primaryimage\"},\"thumbnailUrl\":\"http:\/\/tuzfalcsoport.blog\/wp-content\/uploads\/2026\/04\/IMG_2740.jpeg\",\"articleSection\":[\"Uncategorized\"],\"inLanguage\":\"hu\",\"potentialAction\":[{\"@type\":\"CommentAction\",\"name\":\"Comment\",\"target\":[\"http:\/\/tuzfalcsoport.blog\/?p=960#respond\"]}]},{\"@type\":\"WebPage\",\"@id\":\"http:\/\/tuzfalcsoport.blog\/?p=960\",\"url\":\"http:\/\/tuzfalcsoport.blog\/?p=960\",\"name\":\"\ud83d\udcccEz a b\u00edr\u00e1kat leh\u00fcly\u00e9z\u0151, lekorruptoz\u00f3, \u00fcgyv\u00e9deket lehazugoz\u00f3 zavart figura lehet az \u00faj k\u00f6zt\u00e1rsas\u00e1gi eln\u00f6k - T\u0171zfalcsoport\",\"isPartOf\":{\"@id\":\"http:\/\/tuzfalcsoport.blog\/#website\"},\"primaryImageOfPage\":{\"@id\":\"http:\/\/tuzfalcsoport.blog\/?p=960#primaryimage\"},\"image\":{\"@id\":\"http:\/\/tuzfalcsoport.blog\/?p=960#primaryimage\"},\"thumbnailUrl\":\"http:\/\/tuzfalcsoport.blog\/wp-content\/uploads\/2026\/04\/IMG_2740.jpeg\",\"datePublished\":\"2026-04-28T08:02:37+00:00\",\"breadcrumb\":{\"@id\":\"http:\/\/tuzfalcsoport.blog\/?p=960#breadcrumb\"},\"inLanguage\":\"hu\",\"potentialAction\":[{\"@type\":\"ReadAction\",\"target\":[\"http:\/\/tuzfalcsoport.blog\/?p=960\"]}]},{\"@type\":\"ImageObject\",\"inLanguage\":\"hu\",\"@id\":\"http:\/\/tuzfalcsoport.blog\/?p=960#primaryimage\",\"url\":\"http:\/\/tuzfalcsoport.blog\/wp-content\/uploads\/2026\/04\/IMG_2740.jpeg\",\"contentUrl\":\"http:\/\/tuzfalcsoport.blog\/wp-content\/uploads\/2026\/04\/IMG_2740.jpeg\",\"width\":2064,\"height\":1993,\"caption\":\"Screenshot\"},{\"@type\":\"BreadcrumbList\",\"@id\":\"http:\/\/tuzfalcsoport.blog\/?p=960#breadcrumb\",\"itemListElement\":[{\"@type\":\"ListItem\",\"position\":1,\"name\":\"Home\",\"item\":\"http:\/\/tuzfalcsoport.blog\/\"},{\"@type\":\"ListItem\",\"position\":2,\"name\":\"\ud83d\udcccEz a b\u00edr\u00e1kat leh\u00fcly\u00e9z\u0151, lekorruptoz\u00f3, \u00fcgyv\u00e9deket lehazugoz\u00f3 zavart figura lehet az \u00faj k\u00f6zt\u00e1rsas\u00e1gi eln\u00f6k\"}]},{\"@type\":\"WebSite\",\"@id\":\"http:\/\/tuzfalcsoport.blog\/#website\",\"url\":\"http:\/\/tuzfalcsoport.blog\/\",\"name\":\"T\u0171zfalcsoport\",\"description\":\"\",\"publisher\":{\"@id\":\"http:\/\/tuzfalcsoport.blog\/#organization\"},\"potentialAction\":[{\"@type\":\"SearchAction\",\"target\":{\"@type\":\"EntryPoint\",\"urlTemplate\":\"http:\/\/tuzfalcsoport.blog\/?s={search_term_string}\"},\"query-input\":{\"@type\":\"PropertyValueSpecification\",\"valueRequired\":true,\"valueName\":\"search_term_string\"}}],\"inLanguage\":\"hu\"},{\"@type\":\"Organization\",\"@id\":\"http:\/\/tuzfalcsoport.blog\/#organization\",\"name\":\"T\u0171zfalcsoport\",\"url\":\"http:\/\/tuzfalcsoport.blog\/\",\"logo\":{\"@type\":\"ImageObject\",\"inLanguage\":\"hu\",\"@id\":\"http:\/\/tuzfalcsoport.blog\/#\/schema\/logo\/image\/\",\"url\":\"http:\/\/tuzfalcsoport.blog\/wp-content\/uploads\/2026\/01\/TCS_borito3-scaled.jpg\",\"contentUrl\":\"http:\/\/tuzfalcsoport.blog\/wp-content\/uploads\/2026\/01\/TCS_borito3-scaled.jpg\",\"width\":2560,\"height\":640,\"caption\":\"T\u0171zfalcsoport\"},\"image\":{\"@id\":\"http:\/\/tuzfalcsoport.blog\/#\/schema\/logo\/image\/\"}},{\"@type\":\"Person\",\"@id\":\"http:\/\/tuzfalcsoport.blog\/#\/schema\/person\/0dbc8ce6fe1c972173556c4bea45d879\",\"name\":\"T\u0171zfalcsoport\",\"image\":{\"@type\":\"ImageObject\",\"inLanguage\":\"hu\",\"@id\":\"http:\/\/tuzfalcsoport.blog\/#\/schema\/person\/image\/\",\"url\":\"https:\/\/secure.gravatar.com\/avatar\/6a89eb668c2a2380540f358d8a1dd366bd36bf902c70e9d4bbb8f5b85d9e363b?s=96&d=mm&r=g\",\"contentUrl\":\"https:\/\/secure.gravatar.com\/avatar\/6a89eb668c2a2380540f358d8a1dd366bd36bf902c70e9d4bbb8f5b85d9e363b?s=96&d=mm&r=g\",\"caption\":\"T\u0171zfalcsoport\"},\"sameAs\":[\"http:\/\/tuzfalcsoport.blog\"],\"url\":\"http:\/\/tuzfalcsoport.blog\/?author=1\"}]}<\/script>\n<!-- \/ Yoast SEO plugin. -->","yoast_head_json":{"title":"\ud83d\udcccEz a b\u00edr\u00e1kat leh\u00fcly\u00e9z\u0151, lekorruptoz\u00f3, \u00fcgyv\u00e9deket lehazugoz\u00f3 zavart figura lehet az \u00faj k\u00f6zt\u00e1rsas\u00e1gi eln\u00f6k - T\u0171zfalcsoport","robots":{"index":"index","follow":"follow","max-snippet":"max-snippet:-1","max-image-preview":"max-image-preview:large","max-video-preview":"max-video-preview:-1"},"canonical":"http:\/\/tuzfalcsoport.blog\/?p=960","og_locale":"hu_HU","og_type":"article","og_title":"\ud83d\udcccEz a b\u00edr\u00e1kat leh\u00fcly\u00e9z\u0151, lekorruptoz\u00f3, \u00fcgyv\u00e9deket lehazugoz\u00f3 zavart figura lehet az \u00faj k\u00f6zt\u00e1rsas\u00e1gi eln\u00f6k - T\u0171zfalcsoport","og_description":"\u26a0\ufe0f Legut\u00f3bb a HVG kiv\u00e1l\u00f3 \u00e9rz\u00e9kkel, egy komolynak sz\u00e1nt \u00edr\u00e1sban foglalkozott azzal, hogy M\u00e1rki-Zay P\u00e9ter sz\u00edvesen lenne \u00e1llamf\u0151. A h\u00f3dmez\u0151v\u00e1s\u00e1rhelyi polg\u00e1rmester vas\u00e1rnap esti \u00e9l\u0151 bejelentkez\u00e9s\u00e9ben bemutatta, hogy milyen lesz az \u00faj korm\u00e1nyp\u00e1rti jogszeml\u00e9let. H\u00f3dmez\u0151v\u00e1s\u00e1rhely els\u0151 embere, aki ha megl\u00e1t egy t\u00e9rfigyel\u0151 kamer\u00e1t annak is sz\u00edvesen nyilatkozik, vas\u00e1rnap est\u00e9nk\u00e9nt \u00e9l\u0151ben szokta hergelni a nyilv\u00e1noss\u00e1g egy kis ... Olvass tov\u00e1bb","og_url":"http:\/\/tuzfalcsoport.blog\/?p=960","og_site_name":"T\u0171zfalcsoport","article_published_time":"2026-04-28T08:02:37+00:00","og_image":[{"width":2064,"height":1993,"url":"http:\/\/tuzfalcsoport.blog\/wp-content\/uploads\/2026\/04\/IMG_2740.jpeg","type":"image\/jpeg"}],"author":"T\u0171zfalcsoport","twitter_card":"summary_large_image","twitter_misc":{"Szerz\u0151:":"T\u0171zfalcsoport","Becs\u00fclt olvas\u00e1si id\u0151":"3 perc"},"schema":{"@context":"https:\/\/schema.org","@graph":[{"@type":"Article","@id":"http:\/\/tuzfalcsoport.blog\/?p=960#article","isPartOf":{"@id":"http:\/\/tuzfalcsoport.blog\/?p=960"},"author":{"name":"T\u0171zfalcsoport","@id":"http:\/\/tuzfalcsoport.blog\/#\/schema\/person\/0dbc8ce6fe1c972173556c4bea45d879"},"headline":"\ud83d\udcccEz a b\u00edr\u00e1kat leh\u00fcly\u00e9z\u0151, lekorruptoz\u00f3, \u00fcgyv\u00e9deket lehazugoz\u00f3 zavart figura lehet az \u00faj k\u00f6zt\u00e1rsas\u00e1gi eln\u00f6k","datePublished":"2026-04-28T08:02:37+00:00","mainEntityOfPage":{"@id":"http:\/\/tuzfalcsoport.blog\/?p=960"},"wordCount":690,"commentCount":0,"publisher":{"@id":"http:\/\/tuzfalcsoport.blog\/#organization"},"image":{"@id":"http:\/\/tuzfalcsoport.blog\/?p=960#primaryimage"},"thumbnailUrl":"http:\/\/tuzfalcsoport.blog\/wp-content\/uploads\/2026\/04\/IMG_2740.jpeg","articleSection":["Uncategorized"],"inLanguage":"hu","potentialAction":[{"@type":"CommentAction","name":"Comment","target":["http:\/\/tuzfalcsoport.blog\/?p=960#respond"]}]},{"@type":"WebPage","@id":"http:\/\/tuzfalcsoport.blog\/?p=960","url":"http:\/\/tuzfalcsoport.blog\/?p=960","name":"\ud83d\udcccEz a b\u00edr\u00e1kat leh\u00fcly\u00e9z\u0151, lekorruptoz\u00f3, \u00fcgyv\u00e9deket lehazugoz\u00f3 zavart figura lehet az \u00faj k\u00f6zt\u00e1rsas\u00e1gi eln\u00f6k - T\u0171zfalcsoport","isPartOf":{"@id":"http:\/\/tuzfalcsoport.blog\/#website"},"primaryImageOfPage":{"@id":"http:\/\/tuzfalcsoport.blog\/?p=960#primaryimage"},"image":{"@id":"http:\/\/tuzfalcsoport.blog\/?p=960#primaryimage"},"thumbnailUrl":"http:\/\/tuzfalcsoport.blog\/wp-content\/uploads\/2026\/04\/IMG_2740.jpeg","datePublished":"2026-04-28T08:02:37+00:00","breadcrumb":{"@id":"http:\/\/tuzfalcsoport.blog\/?p=960#breadcrumb"},"inLanguage":"hu","potentialAction":[{"@type":"ReadAction","target":["http:\/\/tuzfalcsoport.blog\/?p=960"]}]},{"@type":"ImageObject","inLanguage":"hu","@id":"http:\/\/tuzfalcsoport.blog\/?p=960#primaryimage","url":"http:\/\/tuzfalcsoport.blog\/wp-content\/uploads\/2026\/04\/IMG_2740.jpeg","contentUrl":"http:\/\/tuzfalcsoport.blog\/wp-content\/uploads\/2026\/04\/IMG_2740.jpeg","width":2064,"height":1993,"caption":"Screenshot"},{"@type":"BreadcrumbList","@id":"http:\/\/tuzfalcsoport.blog\/?p=960#breadcrumb","itemListElement":[{"@type":"ListItem","position":1,"name":"Home","item":"http:\/\/tuzfalcsoport.blog\/"},{"@type":"ListItem","position":2,"name":"\ud83d\udcccEz a b\u00edr\u00e1kat leh\u00fcly\u00e9z\u0151, lekorruptoz\u00f3, \u00fcgyv\u00e9deket lehazugoz\u00f3 zavart figura lehet az \u00faj k\u00f6zt\u00e1rsas\u00e1gi eln\u00f6k"}]},{"@type":"WebSite","@id":"http:\/\/tuzfalcsoport.blog\/#website","url":"http:\/\/tuzfalcsoport.blog\/","name":"T\u0171zfalcsoport","description":"","publisher":{"@id":"http:\/\/tuzfalcsoport.blog\/#organization"},"potentialAction":[{"@type":"SearchAction","target":{"@type":"EntryPoint","urlTemplate":"http:\/\/tuzfalcsoport.blog\/?s={search_term_string}"},"query-input":{"@type":"PropertyValueSpecification","valueRequired":true,"valueName":"search_term_string"}}],"inLanguage":"hu"},{"@type":"Organization","@id":"http:\/\/tuzfalcsoport.blog\/#organization","name":"T\u0171zfalcsoport","url":"http:\/\/tuzfalcsoport.blog\/","logo":{"@type":"ImageObject","inLanguage":"hu","@id":"http:\/\/tuzfalcsoport.blog\/#\/schema\/logo\/image\/","url":"http:\/\/tuzfalcsoport.blog\/wp-content\/uploads\/2026\/01\/TCS_borito3-scaled.jpg","contentUrl":"http:\/\/tuzfalcsoport.blog\/wp-content\/uploads\/2026\/01\/TCS_borito3-scaled.jpg","width":2560,"height":640,"caption":"T\u0171zfalcsoport"},"image":{"@id":"http:\/\/tuzfalcsoport.blog\/#\/schema\/logo\/image\/"}},{"@type":"Person","@id":"http:\/\/tuzfalcsoport.blog\/#\/schema\/person\/0dbc8ce6fe1c972173556c4bea45d879","name":"T\u0171zfalcsoport","image":{"@type":"ImageObject","inLanguage":"hu","@id":"http:\/\/tuzfalcsoport.blog\/#\/schema\/person\/image\/","url":"https:\/\/secure.gravatar.com\/avatar\/6a89eb668c2a2380540f358d8a1dd366bd36bf902c70e9d4bbb8f5b85d9e363b?s=96&d=mm&r=g","contentUrl":"https:\/\/secure.gravatar.com\/avatar\/6a89eb668c2a2380540f358d8a1dd366bd36bf902c70e9d4bbb8f5b85d9e363b?s=96&d=mm&r=g","caption":"T\u0171zfalcsoport"},"sameAs":["http:\/\/tuzfalcsoport.blog"],"url":"http:\/\/tuzfalcsoport.blog\/?author=1"}]}},"_links":{"self":[{"href":"http:\/\/tuzfalcsoport.blog\/index.php?rest_route=\/wp\/v2\/posts\/960","targetHints":{"allow":["GET"]}}],"collection":[{"href":"http:\/\/tuzfalcsoport.blog\/index.php?rest_route=\/wp\/v2\/posts"}],"about":[{"href":"http:\/\/tuzfalcsoport.blog\/index.php?rest_route=\/wp\/v2\/types\/post"}],"author":[{"embeddable":true,"href":"http:\/\/tuzfalcsoport.blog\/index.php?rest_route=\/wp\/v2\/users\/1"}],"replies":[{"embeddable":true,"href":"http:\/\/tuzfalcsoport.blog\/index.php?rest_route=%2Fwp%2Fv2%2Fcomments&post=960"}],"version-history":[{"count":2,"href":"http:\/\/tuzfalcsoport.blog\/index.php?rest_route=\/wp\/v2\/posts\/960\/revisions"}],"predecessor-version":[{"id":963,"href":"http:\/\/tuzfalcsoport.blog\/index.php?rest_route=\/wp\/v2\/posts\/960\/revisions\/963"}],"wp:featuredmedia":[{"embeddable":true,"href":"http:\/\/tuzfalcsoport.blog\/index.php?rest_route=\/wp\/v2\/media\/962"}],"wp:attachment":[{"href":"http:\/\/tuzfalcsoport.blog\/index.php?rest_route=%2Fwp%2Fv2%2Fmedia&parent=960"}],"wp:term":[{"taxonomy":"category","embeddable":true,"href":"http:\/\/tuzfalcsoport.blog\/index.php?rest_route=%2Fwp%2Fv2%2Fcategories&post=960"},{"taxonomy":"post_tag","embeddable":true,"href":"http:\/\/tuzfalcsoport.blog\/index.php?rest_route=%2Fwp%2Fv2%2Ftags&post=960"}],"curies":[{"name":"wp","href":"https:\/\/api.w.org\/{rel}","templated":true}]}}