{"id":965,"date":"2026-04-28T15:14:56","date_gmt":"2026-04-28T14:14:56","guid":{"rendered":"http:\/\/tuzfalcsoport.blog\/?p=965"},"modified":"2026-04-28T15:14:56","modified_gmt":"2026-04-28T14:14:56","slug":"%f0%9f%93%8chelyenvalo-e-hogy-a-korabban-propagandistazo-esperes-most-a-pride-betiltatasat-sajnalja","status":"publish","type":"post","link":"http:\/\/tuzfalcsoport.blog\/?p=965","title":{"rendered":"\ud83d\udcccHely\u00e9nval\u00f3-e, hogy a kor\u00e1bban propagandist\u00e1z\u00f3 esperes, most a Pride betiltat\u00e1s\u00e1t sajn\u00e1lja?"},"content":{"rendered":"<p class=\"p2\"><span style=\"font-size: inherit;\">\u26a0\ufe0f Harmai G\u00e1bor, rendszeresen k\u00f6z\u00e9leti k\u00e9rd\u00e9sekben megnyilv\u00e1nul\u00f3 esperes val\u00f3sz\u00edn\u0171leg m\u00e1r 8 esztend\u0151vel ezel\u0151tt sem szerette a p\u00e1rtatlans\u00e1got.<\/span><\/p>\n<figure id=\"attachment_967\" aria-describedby=\"caption-attachment-967\" style=\"width: 184px\" class=\"wp-caption alignnone\"><img loading=\"lazy\" decoding=\"async\" class=\"size-medium wp-image-967\" src=\"http:\/\/tuzfalcsoport.blog\/wp-content\/uploads\/2026\/04\/IMG_6687-194x300.jpeg\" alt=\"\" width=\"194\" height=\"300\" srcset=\"http:\/\/tuzfalcsoport.blog\/wp-content\/uploads\/2026\/04\/IMG_6687-194x300.jpeg 194w, http:\/\/tuzfalcsoport.blog\/wp-content\/uploads\/2026\/04\/IMG_6687-663x1024.jpeg 663w, http:\/\/tuzfalcsoport.blog\/wp-content\/uploads\/2026\/04\/IMG_6687-768x1186.jpeg 768w, http:\/\/tuzfalcsoport.blog\/wp-content\/uploads\/2026\/04\/IMG_6687-995x1536.jpeg 995w, http:\/\/tuzfalcsoport.blog\/wp-content\/uploads\/2026\/04\/IMG_6687.jpeg 1260w\" sizes=\"auto, (max-width: 194px) 100vw, 194px\" \/><figcaption id=\"caption-attachment-967\" class=\"wp-caption-text\">Screenshot<\/figcaption><\/figure>\n<p class=\"p2\"><span class=\"s2\">2018-ban Harmai egy Facebook bejegyz\u00e9sben arr\u00f3l \u00edrt, <a href=\"https:\/\/szemlelek.blog.hu\/2018\/03\/14\/harmai_gabor_interju\">hogy<\/a> a \u201cTV1 hirad\u00f3ban a korm\u00e1nypropagandista 8 percen kereszt\u00fcl (m\u00e9rt\u00fck) azt mutatta be, hogy sv\u00e9dorsz\u00e1gi magyarok mennyire agg\u00f3dnak a k\u00f6zbiztons\u00e1g miatt, \u00e9s mennyire szeretn\u00e9nek Magyarorsz\u00e1gra j\u00f6nni a migr\u00e1nsok miatt. Ilyen utolj\u00e1ra a hetvenes \u00e9vekben volt, amikor \u00e1ltal\u00e1nos iskol\u00e1s voltam! Akkor pr\u00f3b\u00e1ltak engem meggy\u0151zni arr\u00f3l, hogy Sv\u00e9dorsz\u00e1gb\u00f3l n\u00e9zve milyen remek hely Magyarorsz\u00e1g, \u00e9s mennyire b\u00e1nj\u00e1k a disszidensek, hogy kimentek oda! M\u00e1r csak a szorz\u00f3t\u00e1bla \u00e9s az \u00e1b\u00e9c\u00e9s k\u00f6nyv hi\u00e1nyzott! Meg az oszt\u00e1lyt\u00e1rsaim. Egy r\u00e9sz\u00fck kiment nyugatra&#8230;\u201d<\/span><\/p>\n<p class=\"p2\"><span class=\"s2\">Hogy Harmai v\u00e9lhet\u0151leg egyik hiteles forr\u00e1s\u00e1b\u00f3l <a href=\"https:\/\/24.hu\/elet-stilus\/2018\/01\/21\/szabad-politizalni-az-isten-hazaban-mit-mondanak-erre-a-vallasi-vezetok\/\">id\u00e9zz\u00fcnk<\/a>, a 24.hu ugyancsak 2018-ban, Nagyp\u00e1l Szabolcs katolikus teol\u00f3gust id\u00e9zte, aki az al\u00e1bbiakat nyilatkozata: \u201ca p\u00e1rtpolitika szintj\u00e9n marad\u00f3 k\u00e9rd\u00e9sek t\u00e1rgyal\u00e1sa tilos a vall\u00e1s k\u00f6z\u00f6ss\u00e9gi terein: megosztotts\u00e1got teremtenek ott, hol n\u00e1luk f\u00e9ny\u00e9vekkel jelent\u0151sebb k\u00e9rd\u00e9sekr\u0151l van sz\u00f3.\u201d<\/span><\/p>\n<p class=\"p2\"><span class=\"s2\">Gondolhatn\u00e1nk, hogy az esperes nem k\u00edv\u00e1nt bejegyz\u00e9s\u00e9ben p\u00e1rtpolitikai h\u00farokat pengetni, de a helyzet az, hogy a mai napon a valaszonline.hu lapban megjelent \u00edr\u00e1sa eloszlatja a k\u00e9telyeinket. Harmai G\u00e1bor v\u00e9lem\u00e9nycikk\u00e9ben <a href=\"https:\/\/www.valaszonline.hu\/2026\/04\/28\/demokracia-vita-fidesz-gyurcsany-harmai\/\">arr\u00f3l<\/a> \u00edr t\u00f6bbek k\u00f6z\u00f6tt, hogy <\/span><span class=\"s3\">Fidesz \u201cdemokr\u00e1ciaront\u00e1st\u201d hajtott v\u00e9gre. \u201c<\/span><span class=\"s2\">Mai szemmel az Orb\u00e1n-rezsim utols\u00f3 szakasz\u00e1hoz tartozik, de a Pride betilt\u00e1s\u00e1nak t\u00f6rv\u00e9nybe foglal\u00e1sa is agg\u00e1lyos demokr\u00e1ciaront\u00e1s, hiszen a gy\u00fclekez\u00e9si jog korl\u00e1toz\u00e1sa \u00e1r\u00e1n v\u00e9grehajtott szavazatszerz\u00e9si k\u00eds\u00e9rlet volt\u201d &#8211; elm\u00e9lkedik Harmai. Arr\u00f3l is \u00e9rtekezett, hogy a \u201eSzavazat \u00e1ra\u201d c. dokumentumfilmben f\u00f6lt\u00e1rt v\u00e1laszt\u00e1si csal\u00e1sok s\u00falyos demokratikus \u00e1rny\u00e9kot vetnek az Orb\u00e1n-rezsimre.<\/span><\/p>\n<p class=\"p2\"><span class=\"s2\">Visszat\u00e9rve a Pride-ra, a katolikus egyh\u00e1z is foglalkozott a <a href=\"https:\/\/infostart.hu\/belfold\/2025\/02\/28\/pride-reagalt-a-katolikus-egyhaz-a-betiltassal-kapcsolatos-hirekre\">t\u00e9m\u00e1val<\/a>. A vatik\u00e1ni Hittani Kongreg\u00e1ci\u00f3 2003-ban kiadott egy k\u00f6zl\u00e9st, amely Az azonos nem\u0171ekr\u0151l \u2013 Megfontol\u00e1sok az azonos nem\u0171 szem\u00e9lyek egy\u00fctt\u00e9l\u00e9seinek t\u00f6rv\u00e9nyes elismertet\u00e9s\u00e9re ir\u00e1nyul\u00f3 t\u00f6rekv\u00e9sekr\u0151l c\u00edmet viseli, ebben arra mutatnak r\u00e1, hogy &#8222;a Szent\u00edr\u00e1s a homoszexu\u00e1lis kapcsolatokat mint s\u00falyos elt\u00e9velyed\u00e9seket \u00edt\u00e9li el. (&#8230;) A Szent\u00edr\u00e1snak ez az \u00edt\u00e9lete nem jogos\u00edt f\u00f6l arra a k\u00f6vetkeztet\u00e9sre, hogy mindazok, akik ett\u0151l a tehert\u0151l szenvednek, szem\u00e9lyesen felel\u0151sek \u00e9rte, hanem arr\u00f3l tan\u00faskodik, hogy a homoszexualit\u00e1s cselekedetei l\u00e9nyeg\u00fck szerint rendellenesek&#8221;.<\/span><\/p>\n<p class=\"p2\"><span class=\"s2\">Sz\u00e1sz P\u00e9ter, a Depositum Katolikus Hitv\u00e9delmi Oldal f\u0151szerkeszt\u0151je a H\u00edrTv-ben arr\u00f3l <a href=\"https:\/\/hirtv.origo.hu\/magyarorszageloben\/2020\/08\/szasz-peter-a-szodomia-minden-formajat-igy-a-homoszexualitast-is-tiltja-a-keresztenyseg\">besz\u00e9lt<\/a>, a <\/span><span class=\"s3\">szod\u00f3mia minden form\u00e1j\u00e1t, \u00edgy a homoszexualit\u00e1st is tiltja a kereszt\u00e9nys\u00e9g.<\/span><\/p>\n<p>Fot\u00f3: Mandiner<\/p>\n","protected":false},"excerpt":{"rendered":"<p>\u26a0\ufe0f Harmai G\u00e1bor, rendszeresen k\u00f6z\u00e9leti k\u00e9rd\u00e9sekben megnyilv\u00e1nul\u00f3 esperes val\u00f3sz\u00edn\u0171leg m\u00e1r 8 esztend\u0151vel ezel\u0151tt sem szerette a p\u00e1rtatlans\u00e1got. 2018-ban Harmai egy Facebook bejegyz\u00e9sben arr\u00f3l \u00edrt, hogy a \u201cTV1 hirad\u00f3ban a korm\u00e1nypropagandista 8 percen kereszt\u00fcl (m\u00e9rt\u00fck) azt mutatta be, hogy sv\u00e9dorsz\u00e1gi magyarok mennyire agg\u00f3dnak a k\u00f6zbiztons\u00e1g miatt, \u00e9s mennyire szeretn\u00e9nek Magyarorsz\u00e1gra j\u00f6nni a migr\u00e1nsok miatt. Ilyen utolj\u00e1ra &#8230; <a title=\"\ud83d\udcccHely\u00e9nval\u00f3-e, hogy a kor\u00e1bban propagandist\u00e1z\u00f3 esperes, most a Pride betiltat\u00e1s\u00e1t sajn\u00e1lja?\" class=\"read-more\" href=\"http:\/\/tuzfalcsoport.blog\/?p=965\" aria-label=\"Read more about \ud83d\udcccHely\u00e9nval\u00f3-e, hogy a kor\u00e1bban propagandist\u00e1z\u00f3 esperes, most a Pride betiltat\u00e1s\u00e1t sajn\u00e1lja?\">Olvass tov\u00e1bb<\/a><\/p>\n","protected":false},"author":1,"featured_media":968,"comment_status":"open","ping_status":"open","sticky":false,"template":"","format":"standard","meta":{"footnotes":""},"categories":[1],"tags":[],"class_list":["post-965","post","type-post","status-publish","format-standard","has-post-thumbnail","hentry","category-uncategorized"],"yoast_head":"<!-- This site is optimized with the Yoast SEO plugin v26.7 - https:\/\/yoast.com\/wordpress\/plugins\/seo\/ -->\n<title>\ud83d\udcccHely\u00e9nval\u00f3-e, hogy a kor\u00e1bban propagandist\u00e1z\u00f3 esperes, most a Pride betiltat\u00e1s\u00e1t sajn\u00e1lja? - T\u0171zfalcsoport<\/title>\n<meta name=\"robots\" content=\"index, follow, max-snippet:-1, max-image-preview:large, max-video-preview:-1\" \/>\n<link rel=\"canonical\" href=\"http:\/\/tuzfalcsoport.blog\/?p=965\" \/>\n<meta property=\"og:locale\" content=\"hu_HU\" \/>\n<meta property=\"og:type\" content=\"article\" \/>\n<meta property=\"og:title\" content=\"\ud83d\udcccHely\u00e9nval\u00f3-e, hogy a kor\u00e1bban propagandist\u00e1z\u00f3 esperes, most a Pride betiltat\u00e1s\u00e1t sajn\u00e1lja? - T\u0171zfalcsoport\" \/>\n<meta property=\"og:description\" content=\"\u26a0\ufe0f Harmai G\u00e1bor, rendszeresen k\u00f6z\u00e9leti k\u00e9rd\u00e9sekben megnyilv\u00e1nul\u00f3 esperes val\u00f3sz\u00edn\u0171leg m\u00e1r 8 esztend\u0151vel ezel\u0151tt sem szerette a p\u00e1rtatlans\u00e1got. 2018-ban Harmai egy Facebook bejegyz\u00e9sben arr\u00f3l \u00edrt, hogy a \u201cTV1 hirad\u00f3ban a korm\u00e1nypropagandista 8 percen kereszt\u00fcl (m\u00e9rt\u00fck) azt mutatta be, hogy sv\u00e9dorsz\u00e1gi magyarok mennyire agg\u00f3dnak a k\u00f6zbiztons\u00e1g miatt, \u00e9s mennyire szeretn\u00e9nek Magyarorsz\u00e1gra j\u00f6nni a migr\u00e1nsok miatt. Ilyen utolj\u00e1ra ... Olvass tov\u00e1bb\" \/>\n<meta property=\"og:url\" content=\"http:\/\/tuzfalcsoport.blog\/?p=965\" \/>\n<meta property=\"og:site_name\" content=\"T\u0171zfalcsoport\" \/>\n<meta property=\"article:published_time\" content=\"2026-04-28T14:14:56+00:00\" \/>\n<meta property=\"og:image\" content=\"http:\/\/tuzfalcsoport.blog\/wp-content\/uploads\/2026\/04\/IMG_6686.jpeg\" \/>\n\t<meta property=\"og:image:width\" content=\"1000\" \/>\n\t<meta property=\"og:image:height\" content=\"667\" \/>\n\t<meta property=\"og:image:type\" content=\"image\/jpeg\" \/>\n<meta name=\"author\" content=\"T\u0171zfalcsoport\" \/>\n<meta name=\"twitter:card\" content=\"summary_large_image\" \/>\n<meta name=\"twitter:label1\" content=\"Szerz\u0151:\" \/>\n\t<meta name=\"twitter:data1\" content=\"T\u0171zfalcsoport\" \/>\n\t<meta name=\"twitter:label2\" content=\"Becs\u00fclt olvas\u00e1si id\u0151\" \/>\n\t<meta name=\"twitter:data2\" content=\"3 perc\" \/>\n<script type=\"application\/ld+json\" class=\"yoast-schema-graph\">{\"@context\":\"https:\/\/schema.org\",\"@graph\":[{\"@type\":\"Article\",\"@id\":\"http:\/\/tuzfalcsoport.blog\/?p=965#article\",\"isPartOf\":{\"@id\":\"http:\/\/tuzfalcsoport.blog\/?p=965\"},\"author\":{\"name\":\"T\u0171zfalcsoport\",\"@id\":\"http:\/\/tuzfalcsoport.blog\/#\/schema\/person\/0dbc8ce6fe1c972173556c4bea45d879\"},\"headline\":\"\ud83d\udcccHely\u00e9nval\u00f3-e, hogy a kor\u00e1bban propagandist\u00e1z\u00f3 esperes, most a Pride betiltat\u00e1s\u00e1t sajn\u00e1lja?\",\"datePublished\":\"2026-04-28T14:14:56+00:00\",\"mainEntityOfPage\":{\"@id\":\"http:\/\/tuzfalcsoport.blog\/?p=965\"},\"wordCount\":548,\"commentCount\":0,\"publisher\":{\"@id\":\"http:\/\/tuzfalcsoport.blog\/#organization\"},\"image\":{\"@id\":\"http:\/\/tuzfalcsoport.blog\/?p=965#primaryimage\"},\"thumbnailUrl\":\"http:\/\/tuzfalcsoport.blog\/wp-content\/uploads\/2026\/04\/IMG_6686.jpeg\",\"articleSection\":[\"Uncategorized\"],\"inLanguage\":\"hu\",\"potentialAction\":[{\"@type\":\"CommentAction\",\"name\":\"Comment\",\"target\":[\"http:\/\/tuzfalcsoport.blog\/?p=965#respond\"]}]},{\"@type\":\"WebPage\",\"@id\":\"http:\/\/tuzfalcsoport.blog\/?p=965\",\"url\":\"http:\/\/tuzfalcsoport.blog\/?p=965\",\"name\":\"\ud83d\udcccHely\u00e9nval\u00f3-e, hogy a kor\u00e1bban propagandist\u00e1z\u00f3 esperes, most a Pride betiltat\u00e1s\u00e1t sajn\u00e1lja? - T\u0171zfalcsoport\",\"isPartOf\":{\"@id\":\"http:\/\/tuzfalcsoport.blog\/#website\"},\"primaryImageOfPage\":{\"@id\":\"http:\/\/tuzfalcsoport.blog\/?p=965#primaryimage\"},\"image\":{\"@id\":\"http:\/\/tuzfalcsoport.blog\/?p=965#primaryimage\"},\"thumbnailUrl\":\"http:\/\/tuzfalcsoport.blog\/wp-content\/uploads\/2026\/04\/IMG_6686.jpeg\",\"datePublished\":\"2026-04-28T14:14:56+00:00\",\"breadcrumb\":{\"@id\":\"http:\/\/tuzfalcsoport.blog\/?p=965#breadcrumb\"},\"inLanguage\":\"hu\",\"potentialAction\":[{\"@type\":\"ReadAction\",\"target\":[\"http:\/\/tuzfalcsoport.blog\/?p=965\"]}]},{\"@type\":\"ImageObject\",\"inLanguage\":\"hu\",\"@id\":\"http:\/\/tuzfalcsoport.blog\/?p=965#primaryimage\",\"url\":\"http:\/\/tuzfalcsoport.blog\/wp-content\/uploads\/2026\/04\/IMG_6686.jpeg\",\"contentUrl\":\"http:\/\/tuzfalcsoport.blog\/wp-content\/uploads\/2026\/04\/IMG_6686.jpeg\",\"width\":1000,\"height\":667},{\"@type\":\"BreadcrumbList\",\"@id\":\"http:\/\/tuzfalcsoport.blog\/?p=965#breadcrumb\",\"itemListElement\":[{\"@type\":\"ListItem\",\"position\":1,\"name\":\"Home\",\"item\":\"http:\/\/tuzfalcsoport.blog\/\"},{\"@type\":\"ListItem\",\"position\":2,\"name\":\"\ud83d\udcccHely\u00e9nval\u00f3-e, hogy a kor\u00e1bban propagandist\u00e1z\u00f3 esperes, most a Pride betiltat\u00e1s\u00e1t sajn\u00e1lja?\"}]},{\"@type\":\"WebSite\",\"@id\":\"http:\/\/tuzfalcsoport.blog\/#website\",\"url\":\"http:\/\/tuzfalcsoport.blog\/\",\"name\":\"T\u0171zfalcsoport\",\"description\":\"\",\"publisher\":{\"@id\":\"http:\/\/tuzfalcsoport.blog\/#organization\"},\"potentialAction\":[{\"@type\":\"SearchAction\",\"target\":{\"@type\":\"EntryPoint\",\"urlTemplate\":\"http:\/\/tuzfalcsoport.blog\/?s={search_term_string}\"},\"query-input\":{\"@type\":\"PropertyValueSpecification\",\"valueRequired\":true,\"valueName\":\"search_term_string\"}}],\"inLanguage\":\"hu\"},{\"@type\":\"Organization\",\"@id\":\"http:\/\/tuzfalcsoport.blog\/#organization\",\"name\":\"T\u0171zfalcsoport\",\"url\":\"http:\/\/tuzfalcsoport.blog\/\",\"logo\":{\"@type\":\"ImageObject\",\"inLanguage\":\"hu\",\"@id\":\"http:\/\/tuzfalcsoport.blog\/#\/schema\/logo\/image\/\",\"url\":\"http:\/\/tuzfalcsoport.blog\/wp-content\/uploads\/2026\/01\/TCS_borito3-scaled.jpg\",\"contentUrl\":\"http:\/\/tuzfalcsoport.blog\/wp-content\/uploads\/2026\/01\/TCS_borito3-scaled.jpg\",\"width\":2560,\"height\":640,\"caption\":\"T\u0171zfalcsoport\"},\"image\":{\"@id\":\"http:\/\/tuzfalcsoport.blog\/#\/schema\/logo\/image\/\"}},{\"@type\":\"Person\",\"@id\":\"http:\/\/tuzfalcsoport.blog\/#\/schema\/person\/0dbc8ce6fe1c972173556c4bea45d879\",\"name\":\"T\u0171zfalcsoport\",\"image\":{\"@type\":\"ImageObject\",\"inLanguage\":\"hu\",\"@id\":\"http:\/\/tuzfalcsoport.blog\/#\/schema\/person\/image\/\",\"url\":\"https:\/\/secure.gravatar.com\/avatar\/6a89eb668c2a2380540f358d8a1dd366bd36bf902c70e9d4bbb8f5b85d9e363b?s=96&d=mm&r=g\",\"contentUrl\":\"https:\/\/secure.gravatar.com\/avatar\/6a89eb668c2a2380540f358d8a1dd366bd36bf902c70e9d4bbb8f5b85d9e363b?s=96&d=mm&r=g\",\"caption\":\"T\u0171zfalcsoport\"},\"sameAs\":[\"http:\/\/tuzfalcsoport.blog\"],\"url\":\"http:\/\/tuzfalcsoport.blog\/?author=1\"}]}<\/script>\n<!-- \/ Yoast SEO plugin. -->","yoast_head_json":{"title":"\ud83d\udcccHely\u00e9nval\u00f3-e, hogy a kor\u00e1bban propagandist\u00e1z\u00f3 esperes, most a Pride betiltat\u00e1s\u00e1t sajn\u00e1lja? - T\u0171zfalcsoport","robots":{"index":"index","follow":"follow","max-snippet":"max-snippet:-1","max-image-preview":"max-image-preview:large","max-video-preview":"max-video-preview:-1"},"canonical":"http:\/\/tuzfalcsoport.blog\/?p=965","og_locale":"hu_HU","og_type":"article","og_title":"\ud83d\udcccHely\u00e9nval\u00f3-e, hogy a kor\u00e1bban propagandist\u00e1z\u00f3 esperes, most a Pride betiltat\u00e1s\u00e1t sajn\u00e1lja? - T\u0171zfalcsoport","og_description":"\u26a0\ufe0f Harmai G\u00e1bor, rendszeresen k\u00f6z\u00e9leti k\u00e9rd\u00e9sekben megnyilv\u00e1nul\u00f3 esperes val\u00f3sz\u00edn\u0171leg m\u00e1r 8 esztend\u0151vel ezel\u0151tt sem szerette a p\u00e1rtatlans\u00e1got. 2018-ban Harmai egy Facebook bejegyz\u00e9sben arr\u00f3l \u00edrt, hogy a \u201cTV1 hirad\u00f3ban a korm\u00e1nypropagandista 8 percen kereszt\u00fcl (m\u00e9rt\u00fck) azt mutatta be, hogy sv\u00e9dorsz\u00e1gi magyarok mennyire agg\u00f3dnak a k\u00f6zbiztons\u00e1g miatt, \u00e9s mennyire szeretn\u00e9nek Magyarorsz\u00e1gra j\u00f6nni a migr\u00e1nsok miatt. Ilyen utolj\u00e1ra ... Olvass tov\u00e1bb","og_url":"http:\/\/tuzfalcsoport.blog\/?p=965","og_site_name":"T\u0171zfalcsoport","article_published_time":"2026-04-28T14:14:56+00:00","og_image":[{"width":1000,"height":667,"url":"http:\/\/tuzfalcsoport.blog\/wp-content\/uploads\/2026\/04\/IMG_6686.jpeg","type":"image\/jpeg"}],"author":"T\u0171zfalcsoport","twitter_card":"summary_large_image","twitter_misc":{"Szerz\u0151:":"T\u0171zfalcsoport","Becs\u00fclt olvas\u00e1si id\u0151":"3 perc"},"schema":{"@context":"https:\/\/schema.org","@graph":[{"@type":"Article","@id":"http:\/\/tuzfalcsoport.blog\/?p=965#article","isPartOf":{"@id":"http:\/\/tuzfalcsoport.blog\/?p=965"},"author":{"name":"T\u0171zfalcsoport","@id":"http:\/\/tuzfalcsoport.blog\/#\/schema\/person\/0dbc8ce6fe1c972173556c4bea45d879"},"headline":"\ud83d\udcccHely\u00e9nval\u00f3-e, hogy a kor\u00e1bban propagandist\u00e1z\u00f3 esperes, most a Pride betiltat\u00e1s\u00e1t sajn\u00e1lja?","datePublished":"2026-04-28T14:14:56+00:00","mainEntityOfPage":{"@id":"http:\/\/tuzfalcsoport.blog\/?p=965"},"wordCount":548,"commentCount":0,"publisher":{"@id":"http:\/\/tuzfalcsoport.blog\/#organization"},"image":{"@id":"http:\/\/tuzfalcsoport.blog\/?p=965#primaryimage"},"thumbnailUrl":"http:\/\/tuzfalcsoport.blog\/wp-content\/uploads\/2026\/04\/IMG_6686.jpeg","articleSection":["Uncategorized"],"inLanguage":"hu","potentialAction":[{"@type":"CommentAction","name":"Comment","target":["http:\/\/tuzfalcsoport.blog\/?p=965#respond"]}]},{"@type":"WebPage","@id":"http:\/\/tuzfalcsoport.blog\/?p=965","url":"http:\/\/tuzfalcsoport.blog\/?p=965","name":"\ud83d\udcccHely\u00e9nval\u00f3-e, hogy a kor\u00e1bban propagandist\u00e1z\u00f3 esperes, most a Pride betiltat\u00e1s\u00e1t sajn\u00e1lja? - T\u0171zfalcsoport","isPartOf":{"@id":"http:\/\/tuzfalcsoport.blog\/#website"},"primaryImageOfPage":{"@id":"http:\/\/tuzfalcsoport.blog\/?p=965#primaryimage"},"image":{"@id":"http:\/\/tuzfalcsoport.blog\/?p=965#primaryimage"},"thumbnailUrl":"http:\/\/tuzfalcsoport.blog\/wp-content\/uploads\/2026\/04\/IMG_6686.jpeg","datePublished":"2026-04-28T14:14:56+00:00","breadcrumb":{"@id":"http:\/\/tuzfalcsoport.blog\/?p=965#breadcrumb"},"inLanguage":"hu","potentialAction":[{"@type":"ReadAction","target":["http:\/\/tuzfalcsoport.blog\/?p=965"]}]},{"@type":"ImageObject","inLanguage":"hu","@id":"http:\/\/tuzfalcsoport.blog\/?p=965#primaryimage","url":"http:\/\/tuzfalcsoport.blog\/wp-content\/uploads\/2026\/04\/IMG_6686.jpeg","contentUrl":"http:\/\/tuzfalcsoport.blog\/wp-content\/uploads\/2026\/04\/IMG_6686.jpeg","width":1000,"height":667},{"@type":"BreadcrumbList","@id":"http:\/\/tuzfalcsoport.blog\/?p=965#breadcrumb","itemListElement":[{"@type":"ListItem","position":1,"name":"Home","item":"http:\/\/tuzfalcsoport.blog\/"},{"@type":"ListItem","position":2,"name":"\ud83d\udcccHely\u00e9nval\u00f3-e, hogy a kor\u00e1bban propagandist\u00e1z\u00f3 esperes, most a Pride betiltat\u00e1s\u00e1t sajn\u00e1lja?"}]},{"@type":"WebSite","@id":"http:\/\/tuzfalcsoport.blog\/#website","url":"http:\/\/tuzfalcsoport.blog\/","name":"T\u0171zfalcsoport","description":"","publisher":{"@id":"http:\/\/tuzfalcsoport.blog\/#organization"},"potentialAction":[{"@type":"SearchAction","target":{"@type":"EntryPoint","urlTemplate":"http:\/\/tuzfalcsoport.blog\/?s={search_term_string}"},"query-input":{"@type":"PropertyValueSpecification","valueRequired":true,"valueName":"search_term_string"}}],"inLanguage":"hu"},{"@type":"Organization","@id":"http:\/\/tuzfalcsoport.blog\/#organization","name":"T\u0171zfalcsoport","url":"http:\/\/tuzfalcsoport.blog\/","logo":{"@type":"ImageObject","inLanguage":"hu","@id":"http:\/\/tuzfalcsoport.blog\/#\/schema\/logo\/image\/","url":"http:\/\/tuzfalcsoport.blog\/wp-content\/uploads\/2026\/01\/TCS_borito3-scaled.jpg","contentUrl":"http:\/\/tuzfalcsoport.blog\/wp-content\/uploads\/2026\/01\/TCS_borito3-scaled.jpg","width":2560,"height":640,"caption":"T\u0171zfalcsoport"},"image":{"@id":"http:\/\/tuzfalcsoport.blog\/#\/schema\/logo\/image\/"}},{"@type":"Person","@id":"http:\/\/tuzfalcsoport.blog\/#\/schema\/person\/0dbc8ce6fe1c972173556c4bea45d879","name":"T\u0171zfalcsoport","image":{"@type":"ImageObject","inLanguage":"hu","@id":"http:\/\/tuzfalcsoport.blog\/#\/schema\/person\/image\/","url":"https:\/\/secure.gravatar.com\/avatar\/6a89eb668c2a2380540f358d8a1dd366bd36bf902c70e9d4bbb8f5b85d9e363b?s=96&d=mm&r=g","contentUrl":"https:\/\/secure.gravatar.com\/avatar\/6a89eb668c2a2380540f358d8a1dd366bd36bf902c70e9d4bbb8f5b85d9e363b?s=96&d=mm&r=g","caption":"T\u0171zfalcsoport"},"sameAs":["http:\/\/tuzfalcsoport.blog"],"url":"http:\/\/tuzfalcsoport.blog\/?author=1"}]}},"_links":{"self":[{"href":"http:\/\/tuzfalcsoport.blog\/index.php?rest_route=\/wp\/v2\/posts\/965","targetHints":{"allow":["GET"]}}],"collection":[{"href":"http:\/\/tuzfalcsoport.blog\/index.php?rest_route=\/wp\/v2\/posts"}],"about":[{"href":"http:\/\/tuzfalcsoport.blog\/index.php?rest_route=\/wp\/v2\/types\/post"}],"author":[{"embeddable":true,"href":"http:\/\/tuzfalcsoport.blog\/index.php?rest_route=\/wp\/v2\/users\/1"}],"replies":[{"embeddable":true,"href":"http:\/\/tuzfalcsoport.blog\/index.php?rest_route=%2Fwp%2Fv2%2Fcomments&post=965"}],"version-history":[{"count":1,"href":"http:\/\/tuzfalcsoport.blog\/index.php?rest_route=\/wp\/v2\/posts\/965\/revisions"}],"predecessor-version":[{"id":969,"href":"http:\/\/tuzfalcsoport.blog\/index.php?rest_route=\/wp\/v2\/posts\/965\/revisions\/969"}],"wp:featuredmedia":[{"embeddable":true,"href":"http:\/\/tuzfalcsoport.blog\/index.php?rest_route=\/wp\/v2\/media\/968"}],"wp:attachment":[{"href":"http:\/\/tuzfalcsoport.blog\/index.php?rest_route=%2Fwp%2Fv2%2Fmedia&parent=965"}],"wp:term":[{"taxonomy":"category","embeddable":true,"href":"http:\/\/tuzfalcsoport.blog\/index.php?rest_route=%2Fwp%2Fv2%2Fcategories&post=965"},{"taxonomy":"post_tag","embeddable":true,"href":"http:\/\/tuzfalcsoport.blog\/index.php?rest_route=%2Fwp%2Fv2%2Ftags&post=965"}],"curies":[{"name":"wp","href":"https:\/\/api.w.org\/{rel}","templated":true}]}}