{"id":970,"date":"2026-04-29T07:41:28","date_gmt":"2026-04-29T06:41:28","guid":{"rendered":"http:\/\/tuzfalcsoport.blog\/?p=970"},"modified":"2026-04-29T07:44:48","modified_gmt":"2026-04-29T06:44:48","slug":"%f0%9f%93%8c-kicsoda-ruff-balint-aki-rakosi-szlogennel-kampanyoltatta-a-fonoket","status":"publish","type":"post","link":"http:\/\/tuzfalcsoport.blog\/?p=970","title":{"rendered":"\ud83d\udccc Kicsoda Ruff B\u00e1lint, aki R\u00e1kosi szlogennel kamp\u00e1nyoltatta a f\u0151n\u00f6k\u00e9t?"},"content":{"rendered":"<p><span style=\"font-size: inherit;\">\u26a0\ufe0f<\/span><strong style=\"font-weight: 400; font-size: inherit;\">\u00a0<\/strong><strong style=\"font-weight: 400; font-size: inherit;\" data-removefontsize=\"true\" data-originalcomputedfontsize=\"16\">Mark\u00e1nsan baloldali gondolkod\u00e1s, R\u00e1kosi M\u00e1ty\u00e1st\u00f3l k\u00f6lcs\u00f6nz\u00f6tt kamp\u00e1nyszlogen \u00e9s Gyurcs\u00e1ny Ferenc m\u00e9ltat\u00e1sa m\u00e9g 2021-ben is. C\u00edmszavakban \u00edgy foghat\u00f3 \u00f6ssze annak a Ruff B\u00e1lintnak a politikai p\u00e1lya\u00edve, akit M\u00e1rki-Zay P\u00e9ter minisztereln\u00f6k-jel\u00f6ltk\u00e9nt m\u00e9g visszautas\u00edtott, Magyar P\u00e9tern\u00e9l azonban m\u00e1r c\u00e9lt \u00e9rt.<\/strong><\/p>\n<p style=\"font-weight: 400;\"><span style=\"font-size: inherit;\">Magyar P\u00e9ter Ruff B\u00e1lintot jel\u00f6lte ki a Minisztereln\u00f6ks\u00e9get vezet\u0151 miniszternek. Azt a Ruff B\u00e1lintot, akit miniszterjel\u00f6lti min\u0151s\u00e9g\u00e9ben adott els\u0151 interj\u00faj\u00e1ban azzal szembes\u00edtettek, hogy a Fidesz-korm\u00e1ny lev\u00e1lt\u00e1s\u00e1t 5-6 \u00e9vvel ezel\u0151tt m\u00e9g egy <\/span><span style=\"font-size: inherit;\" data-removefontsize=\"true\" data-originalcomputedfontsize=\"16\">\u201emark\u00e1nsan baloldali program ment\u00e9n k\u00e9pzelte\u201d.<\/span><\/p>\n<p style=\"font-weight: 400;\"><span data-removefontsize=\"true\" data-originalcomputedfontsize=\"16\">A Ruffnak szegezett \u00fajs\u00e1g\u00edr\u00f3i k\u00e9rd\u00e9s v\u00e9lhet\u0151en egy l\u00e1tsz\u00f3lagos ellentmond\u00e1sra k\u00edv\u00e1nt r\u00e1mutatni. Mintha b\u00e1rmif\u00e9le fesz\u00fclts\u00e9g lenne kitapinthat\u00f3 a mostani szerepv\u00e1llal\u00e1sa \u00e9s kor\u00e1bbi politikai hitvall\u00e1sa k\u00f6z\u00f6tt. Holott Ruff k\u00f6z\u00e9leti p\u00e1ly\u00e1j\u00e1t alaposabban szem\u00fcgyre v\u00e9ve kijelenthet\u0151, hogy az \u00e9let\u00fat egyes \u00e1llom\u00e1sait egyetlen sz\u00e1l f\u0171zi \u00f6ssze. Ez pedig nem m\u00e1s, mint a mark\u00e1ns baloldalis\u00e1g melletti k\u00f6vetkezetes \u00e9s kitart\u00f3 elk\u00f6telez\u0151d\u00e9s.<\/span><\/p>\n<p style=\"font-weight: 400;\"><span data-removefontsize=\"true\" data-originalcomputedfontsize=\"16\">Magyar P\u00e9ter miniszterjel\u00f6ltj\u00e9nek politikai p\u00e1lyafut\u00e1sa az MSZP-SZDSZ-korm\u00e1nyok alatt kezd\u0151d\u00f6tt. Ruff 2006 janu\u00e1rj\u00e1t\u00f3l el\u0151sz\u00f6r a Minisztereln\u00f6ki Hivatal alkalmaz\u00e1s\u00e1ban \u00e1llt, majd 2007-ben a k\u00f6rnyezetv\u00e9delmi miniszter kabinetf\u0151n\u00f6ke lett. Azt\u00e1n a szocialista korm\u00e1nyzat 2010-es buk\u00e1s\u00e1t k\u00f6vet\u0151en is mindv\u00e9gig megmaradt a baloldal vonz\u00e1ster\u00e9ben &#8211; t\u00f6bbek k\u00f6z\u00f6tt Botka L\u00e1szl\u00f3 \u00e9s Pik\u00f3 Andr\u00e1s munk\u00e1j\u00e1t seg\u00edtve.<\/span><\/p>\n<figure id=\"attachment_972\" aria-describedby=\"caption-attachment-972\" style=\"width: 290px\" class=\"wp-caption alignnone\"><img loading=\"lazy\" decoding=\"async\" class=\"size-medium wp-image-972\" src=\"http:\/\/tuzfalcsoport.blog\/wp-content\/uploads\/2026\/04\/IMG_2741-300x153.jpeg\" alt=\"\" width=\"300\" height=\"153\" srcset=\"http:\/\/tuzfalcsoport.blog\/wp-content\/uploads\/2026\/04\/IMG_2741-300x153.jpeg 300w, http:\/\/tuzfalcsoport.blog\/wp-content\/uploads\/2026\/04\/IMG_2741-1024x522.jpeg 1024w, http:\/\/tuzfalcsoport.blog\/wp-content\/uploads\/2026\/04\/IMG_2741-768x392.jpeg 768w, http:\/\/tuzfalcsoport.blog\/wp-content\/uploads\/2026\/04\/IMG_2741.jpeg 1235w\" sizes=\"auto, (max-width: 300px) 100vw, 300px\" \/><figcaption id=\"caption-attachment-972\" class=\"wp-caption-text\">Screenshot<\/figcaption><\/figure>\n<p style=\"font-weight: 400;\"><span data-removefontsize=\"true\" data-originalcomputedfontsize=\"16\">A mark\u00e1nsan baloldali elk\u00f6telez\u0151d\u00e9s legtiszt\u00e1bb jel\u00e9t pedig Botka L\u00e1szl\u00f3 minisztereln\u00f6k-jel\u00f6lti kamp\u00e1ny\u00e1ban villantotta fel. Ekkor ugyanis Ruff a \u201etegy\u00fcnk igazs\u00e1got &#8211; fizessenek a gazdagok\u201d gondolat\u00e1t tette meg a kamp\u00e1ny k\u00f6zponti \u00fczenet\u00e9v\u00e9. A szlogen m\u00e1sodik fel\u00e9t, a fizessenek a gazdagok sz\u00f3lam\u00e1t azonban nem Ruff vezette be a magyar politikat\u00f6rt\u00e9netbe. Hanem azt R\u00e1kosi M\u00e1ty\u00e1st\u00f3l k\u00f6lcs\u00f6n\u00f6zte. 2002-ben a Th\u00fcrmer Gyula-f\u00e9le Munk\u00e1sp\u00e1rt kamp\u00e1nyolt a &#8222;<em>Fizessenek a gazdagok<\/em>!&#8221; szlogennel.<\/span><\/p>\n<p style=\"font-weight: 400;\"><span data-removefontsize=\"true\" data-originalcomputedfontsize=\"16\">Ezek ut\u00e1n tal\u00e1n aligha meglep\u0151, hogy a r\u00e1kosista hagyom\u00e1nyt a baloldalon tov\u00e1bb \u00f6r\u00f6k\u00edt\u0151 Ruff gondolatainak a Partiz\u00e1n adott otthont. Guly\u00e1s M\u00e1rton csatorn\u00e1j\u00e1n ugyanis a radik\u00e1lis baloldal uralkod\u00f3 t\u00e9m\u00e1i k\u00f6sz\u00f6nnek vissza \u2013 gyakran a marxiz\u00e1l\u00f3 nyelvhaszn\u00e1lat v\u00f6r\u00f6sl\u0151 k\u00f6nt\u00f6s\u00e9be b\u00fajtatva.<\/span><\/p>\n<p style=\"font-weight: 400;\"><span data-removefontsize=\"true\" data-originalcomputedfontsize=\"16\">Ruff 2021-ben m\u00e9g Gyurcs\u00e1ny Ferencet m\u00e9ltatta, kiemelve, hogy nincs n\u00e1la sikeresebb ellenz\u00e9ki politikus az orsz\u00e1gban. Majd lesz\u00f6gezte, hogy Gyurcs\u00e1nynak igenis helye van a baloldalon. Az ellenz\u00e9ki el\u0151v\u00e1laszt\u00e1st k\u00f6vet\u0151en Ruff azt\u00e1n m\u00e1r M\u00e1rki-Zay P\u00e9tern\u00e9l jelentkezett be, kamp\u00e1nytan\u00e1csaib\u00f3l azonban nem k\u00e9rt a 2022-ben nagyot buk\u00f3 minisztereln\u00f6k-jel\u00f6lt.<\/span><\/p>\n<p style=\"font-weight: 400;\"><span data-removefontsize=\"true\" data-originalcomputedfontsize=\"16\">A M\u00e1rki-Zay P\u00e9ternek t\u00f6rt\u00e9n\u0151, \u00e9s elutas\u00edt\u00e1ssal v\u00e9gz\u0151d\u0151, felaj\u00e1nlkoz\u00e1sa \u00e9rdekess\u00e9ge, hogy azt Ruff nem egyed\u00fcl tette. Vele volt ugyanis az MSZP-s polg\u00e1rmester T\u00f3th J\u00f3zsef fia, T\u00f3th P\u00e9ter is. Ruff \u00e9s T\u00f3th P\u00e9ter j\u00f3 bar\u00e1ts\u00e1ga k\u00f6zismert, \u00e9s \u0151k ketten nemcsak M\u00e1rki-Zayt pr\u00f3b\u00e1lt\u00e1k beh\u00e1l\u00f3zni, hanem Magyar P\u00e9tert is. Akin\u00e9l m\u00e1r sikerrel j\u00e1rtak. T\u00f3th P\u00e9ter kamp\u00e1nyf\u0151n\u00f6kk\u00e9nt seg\u00edtette Magyar munk\u00e1j\u00e1t, Ruff pedig a gy\u0151zelmet k\u00f6vet\u0151en v\u00e1lt miniszterjel\u00f6ltt\u00e9. R\u00e1ad\u00e1sul ann\u00e1l a miniszt\u00e9riumn\u00e1l, amit a rendszerv\u00e1lt\u00e1s motorj\u00e1nak tartanak. Magyar P\u00e9ter korm\u00e1nyz\u00e1s\u00e1nak kulcspoz\u00edci\u00f3j\u00e1t teh\u00e1t a mark\u00e1nsan baloldali Ruff B\u00e1lintra b\u00edzta.<\/span><\/p>\n<p>Fot\u00f3: Botka L\u00e1szl\u00f3 Facebook, Arcanum<\/p>\n","protected":false},"excerpt":{"rendered":"<p>\u26a0\ufe0f\u00a0Mark\u00e1nsan baloldali gondolkod\u00e1s, R\u00e1kosi M\u00e1ty\u00e1st\u00f3l k\u00f6lcs\u00f6nz\u00f6tt kamp\u00e1nyszlogen \u00e9s Gyurcs\u00e1ny Ferenc m\u00e9ltat\u00e1sa m\u00e9g 2021-ben is. C\u00edmszavakban \u00edgy foghat\u00f3 \u00f6ssze annak a Ruff B\u00e1lintnak a politikai p\u00e1lya\u00edve, akit M\u00e1rki-Zay P\u00e9ter minisztereln\u00f6k-jel\u00f6ltk\u00e9nt m\u00e9g visszautas\u00edtott, Magyar P\u00e9tern\u00e9l azonban m\u00e1r c\u00e9lt \u00e9rt. Magyar P\u00e9ter Ruff B\u00e1lintot jel\u00f6lte ki a Minisztereln\u00f6ks\u00e9get vezet\u0151 miniszternek. Azt a Ruff B\u00e1lintot, akit miniszterjel\u00f6lti min\u0151s\u00e9g\u00e9ben adott &#8230; <a title=\"\ud83d\udccc Kicsoda Ruff B\u00e1lint, aki R\u00e1kosi szlogennel kamp\u00e1nyoltatta a f\u0151n\u00f6k\u00e9t?\" class=\"read-more\" href=\"http:\/\/tuzfalcsoport.blog\/?p=970\" aria-label=\"Read more about \ud83d\udccc Kicsoda Ruff B\u00e1lint, aki R\u00e1kosi szlogennel kamp\u00e1nyoltatta a f\u0151n\u00f6k\u00e9t?\">Olvass tov\u00e1bb<\/a><\/p>\n","protected":false},"author":1,"featured_media":974,"comment_status":"open","ping_status":"open","sticky":false,"template":"","format":"standard","meta":{"footnotes":""},"categories":[1],"tags":[],"class_list":["post-970","post","type-post","status-publish","format-standard","has-post-thumbnail","hentry","category-uncategorized"],"yoast_head":"<!-- This site is optimized with the Yoast SEO plugin v26.7 - https:\/\/yoast.com\/wordpress\/plugins\/seo\/ -->\n<title>\ud83d\udccc Kicsoda Ruff B\u00e1lint, aki R\u00e1kosi szlogennel kamp\u00e1nyoltatta a f\u0151n\u00f6k\u00e9t? - T\u0171zfalcsoport<\/title>\n<meta name=\"robots\" content=\"index, follow, max-snippet:-1, max-image-preview:large, max-video-preview:-1\" \/>\n<link rel=\"canonical\" href=\"http:\/\/tuzfalcsoport.blog\/?p=970\" \/>\n<meta property=\"og:locale\" content=\"hu_HU\" \/>\n<meta property=\"og:type\" content=\"article\" \/>\n<meta property=\"og:title\" content=\"\ud83d\udccc Kicsoda Ruff B\u00e1lint, aki R\u00e1kosi szlogennel kamp\u00e1nyoltatta a f\u0151n\u00f6k\u00e9t? - T\u0171zfalcsoport\" \/>\n<meta property=\"og:description\" content=\"\u26a0\ufe0f\u00a0Mark\u00e1nsan baloldali gondolkod\u00e1s, R\u00e1kosi M\u00e1ty\u00e1st\u00f3l k\u00f6lcs\u00f6nz\u00f6tt kamp\u00e1nyszlogen \u00e9s Gyurcs\u00e1ny Ferenc m\u00e9ltat\u00e1sa m\u00e9g 2021-ben is. C\u00edmszavakban \u00edgy foghat\u00f3 \u00f6ssze annak a Ruff B\u00e1lintnak a politikai p\u00e1lya\u00edve, akit M\u00e1rki-Zay P\u00e9ter minisztereln\u00f6k-jel\u00f6ltk\u00e9nt m\u00e9g visszautas\u00edtott, Magyar P\u00e9tern\u00e9l azonban m\u00e1r c\u00e9lt \u00e9rt. Magyar P\u00e9ter Ruff B\u00e1lintot jel\u00f6lte ki a Minisztereln\u00f6ks\u00e9get vezet\u0151 miniszternek. Azt a Ruff B\u00e1lintot, akit miniszterjel\u00f6lti min\u0151s\u00e9g\u00e9ben adott ... Olvass tov\u00e1bb\" \/>\n<meta property=\"og:url\" content=\"http:\/\/tuzfalcsoport.blog\/?p=970\" \/>\n<meta property=\"og:site_name\" content=\"T\u0171zfalcsoport\" \/>\n<meta property=\"article:published_time\" content=\"2026-04-29T06:41:28+00:00\" \/>\n<meta property=\"article:modified_time\" content=\"2026-04-29T06:44:48+00:00\" \/>\n<meta property=\"og:image\" content=\"http:\/\/tuzfalcsoport.blog\/wp-content\/uploads\/2026\/04\/IMG_2742.jpeg\" \/>\n\t<meta property=\"og:image:width\" content=\"1855\" \/>\n\t<meta property=\"og:image:height\" content=\"998\" \/>\n\t<meta property=\"og:image:type\" content=\"image\/jpeg\" \/>\n<meta name=\"author\" content=\"T\u0171zfalcsoport\" \/>\n<meta name=\"twitter:card\" content=\"summary_large_image\" \/>\n<meta name=\"twitter:label1\" content=\"Szerz\u0151:\" \/>\n\t<meta name=\"twitter:data1\" content=\"T\u0171zfalcsoport\" \/>\n\t<meta name=\"twitter:label2\" content=\"Becs\u00fclt olvas\u00e1si id\u0151\" \/>\n\t<meta name=\"twitter:data2\" content=\"3 perc\" \/>\n<script type=\"application\/ld+json\" class=\"yoast-schema-graph\">{\"@context\":\"https:\/\/schema.org\",\"@graph\":[{\"@type\":\"Article\",\"@id\":\"http:\/\/tuzfalcsoport.blog\/?p=970#article\",\"isPartOf\":{\"@id\":\"http:\/\/tuzfalcsoport.blog\/?p=970\"},\"author\":{\"name\":\"T\u0171zfalcsoport\",\"@id\":\"http:\/\/tuzfalcsoport.blog\/#\/schema\/person\/0dbc8ce6fe1c972173556c4bea45d879\"},\"headline\":\"\ud83d\udccc Kicsoda Ruff B\u00e1lint, aki R\u00e1kosi szlogennel kamp\u00e1nyoltatta a f\u0151n\u00f6k\u00e9t?\",\"datePublished\":\"2026-04-29T06:41:28+00:00\",\"dateModified\":\"2026-04-29T06:44:48+00:00\",\"mainEntityOfPage\":{\"@id\":\"http:\/\/tuzfalcsoport.blog\/?p=970\"},\"wordCount\":708,\"commentCount\":0,\"publisher\":{\"@id\":\"http:\/\/tuzfalcsoport.blog\/#organization\"},\"image\":{\"@id\":\"http:\/\/tuzfalcsoport.blog\/?p=970#primaryimage\"},\"thumbnailUrl\":\"http:\/\/tuzfalcsoport.blog\/wp-content\/uploads\/2026\/04\/IMG_2742.jpeg\",\"articleSection\":[\"Uncategorized\"],\"inLanguage\":\"hu\",\"potentialAction\":[{\"@type\":\"CommentAction\",\"name\":\"Comment\",\"target\":[\"http:\/\/tuzfalcsoport.blog\/?p=970#respond\"]}]},{\"@type\":\"WebPage\",\"@id\":\"http:\/\/tuzfalcsoport.blog\/?p=970\",\"url\":\"http:\/\/tuzfalcsoport.blog\/?p=970\",\"name\":\"\ud83d\udccc Kicsoda Ruff B\u00e1lint, aki R\u00e1kosi szlogennel kamp\u00e1nyoltatta a f\u0151n\u00f6k\u00e9t? - T\u0171zfalcsoport\",\"isPartOf\":{\"@id\":\"http:\/\/tuzfalcsoport.blog\/#website\"},\"primaryImageOfPage\":{\"@id\":\"http:\/\/tuzfalcsoport.blog\/?p=970#primaryimage\"},\"image\":{\"@id\":\"http:\/\/tuzfalcsoport.blog\/?p=970#primaryimage\"},\"thumbnailUrl\":\"http:\/\/tuzfalcsoport.blog\/wp-content\/uploads\/2026\/04\/IMG_2742.jpeg\",\"datePublished\":\"2026-04-29T06:41:28+00:00\",\"dateModified\":\"2026-04-29T06:44:48+00:00\",\"breadcrumb\":{\"@id\":\"http:\/\/tuzfalcsoport.blog\/?p=970#breadcrumb\"},\"inLanguage\":\"hu\",\"potentialAction\":[{\"@type\":\"ReadAction\",\"target\":[\"http:\/\/tuzfalcsoport.blog\/?p=970\"]}]},{\"@type\":\"ImageObject\",\"inLanguage\":\"hu\",\"@id\":\"http:\/\/tuzfalcsoport.blog\/?p=970#primaryimage\",\"url\":\"http:\/\/tuzfalcsoport.blog\/wp-content\/uploads\/2026\/04\/IMG_2742.jpeg\",\"contentUrl\":\"http:\/\/tuzfalcsoport.blog\/wp-content\/uploads\/2026\/04\/IMG_2742.jpeg\",\"width\":1855,\"height\":998,\"caption\":\"Screenshot\"},{\"@type\":\"BreadcrumbList\",\"@id\":\"http:\/\/tuzfalcsoport.blog\/?p=970#breadcrumb\",\"itemListElement\":[{\"@type\":\"ListItem\",\"position\":1,\"name\":\"Home\",\"item\":\"http:\/\/tuzfalcsoport.blog\/\"},{\"@type\":\"ListItem\",\"position\":2,\"name\":\"\ud83d\udccc Kicsoda Ruff B\u00e1lint, aki R\u00e1kosi szlogennel kamp\u00e1nyoltatta a f\u0151n\u00f6k\u00e9t?\"}]},{\"@type\":\"WebSite\",\"@id\":\"http:\/\/tuzfalcsoport.blog\/#website\",\"url\":\"http:\/\/tuzfalcsoport.blog\/\",\"name\":\"T\u0171zfalcsoport\",\"description\":\"\",\"publisher\":{\"@id\":\"http:\/\/tuzfalcsoport.blog\/#organization\"},\"potentialAction\":[{\"@type\":\"SearchAction\",\"target\":{\"@type\":\"EntryPoint\",\"urlTemplate\":\"http:\/\/tuzfalcsoport.blog\/?s={search_term_string}\"},\"query-input\":{\"@type\":\"PropertyValueSpecification\",\"valueRequired\":true,\"valueName\":\"search_term_string\"}}],\"inLanguage\":\"hu\"},{\"@type\":\"Organization\",\"@id\":\"http:\/\/tuzfalcsoport.blog\/#organization\",\"name\":\"T\u0171zfalcsoport\",\"url\":\"http:\/\/tuzfalcsoport.blog\/\",\"logo\":{\"@type\":\"ImageObject\",\"inLanguage\":\"hu\",\"@id\":\"http:\/\/tuzfalcsoport.blog\/#\/schema\/logo\/image\/\",\"url\":\"http:\/\/tuzfalcsoport.blog\/wp-content\/uploads\/2026\/01\/TCS_borito3-scaled.jpg\",\"contentUrl\":\"http:\/\/tuzfalcsoport.blog\/wp-content\/uploads\/2026\/01\/TCS_borito3-scaled.jpg\",\"width\":2560,\"height\":640,\"caption\":\"T\u0171zfalcsoport\"},\"image\":{\"@id\":\"http:\/\/tuzfalcsoport.blog\/#\/schema\/logo\/image\/\"}},{\"@type\":\"Person\",\"@id\":\"http:\/\/tuzfalcsoport.blog\/#\/schema\/person\/0dbc8ce6fe1c972173556c4bea45d879\",\"name\":\"T\u0171zfalcsoport\",\"image\":{\"@type\":\"ImageObject\",\"inLanguage\":\"hu\",\"@id\":\"http:\/\/tuzfalcsoport.blog\/#\/schema\/person\/image\/\",\"url\":\"https:\/\/secure.gravatar.com\/avatar\/6a89eb668c2a2380540f358d8a1dd366bd36bf902c70e9d4bbb8f5b85d9e363b?s=96&d=mm&r=g\",\"contentUrl\":\"https:\/\/secure.gravatar.com\/avatar\/6a89eb668c2a2380540f358d8a1dd366bd36bf902c70e9d4bbb8f5b85d9e363b?s=96&d=mm&r=g\",\"caption\":\"T\u0171zfalcsoport\"},\"sameAs\":[\"http:\/\/tuzfalcsoport.blog\"],\"url\":\"http:\/\/tuzfalcsoport.blog\/?author=1\"}]}<\/script>\n<!-- \/ Yoast SEO plugin. -->","yoast_head_json":{"title":"\ud83d\udccc Kicsoda Ruff B\u00e1lint, aki R\u00e1kosi szlogennel kamp\u00e1nyoltatta a f\u0151n\u00f6k\u00e9t? - T\u0171zfalcsoport","robots":{"index":"index","follow":"follow","max-snippet":"max-snippet:-1","max-image-preview":"max-image-preview:large","max-video-preview":"max-video-preview:-1"},"canonical":"http:\/\/tuzfalcsoport.blog\/?p=970","og_locale":"hu_HU","og_type":"article","og_title":"\ud83d\udccc Kicsoda Ruff B\u00e1lint, aki R\u00e1kosi szlogennel kamp\u00e1nyoltatta a f\u0151n\u00f6k\u00e9t? - T\u0171zfalcsoport","og_description":"\u26a0\ufe0f\u00a0Mark\u00e1nsan baloldali gondolkod\u00e1s, R\u00e1kosi M\u00e1ty\u00e1st\u00f3l k\u00f6lcs\u00f6nz\u00f6tt kamp\u00e1nyszlogen \u00e9s Gyurcs\u00e1ny Ferenc m\u00e9ltat\u00e1sa m\u00e9g 2021-ben is. C\u00edmszavakban \u00edgy foghat\u00f3 \u00f6ssze annak a Ruff B\u00e1lintnak a politikai p\u00e1lya\u00edve, akit M\u00e1rki-Zay P\u00e9ter minisztereln\u00f6k-jel\u00f6ltk\u00e9nt m\u00e9g visszautas\u00edtott, Magyar P\u00e9tern\u00e9l azonban m\u00e1r c\u00e9lt \u00e9rt. Magyar P\u00e9ter Ruff B\u00e1lintot jel\u00f6lte ki a Minisztereln\u00f6ks\u00e9get vezet\u0151 miniszternek. Azt a Ruff B\u00e1lintot, akit miniszterjel\u00f6lti min\u0151s\u00e9g\u00e9ben adott ... Olvass tov\u00e1bb","og_url":"http:\/\/tuzfalcsoport.blog\/?p=970","og_site_name":"T\u0171zfalcsoport","article_published_time":"2026-04-29T06:41:28+00:00","article_modified_time":"2026-04-29T06:44:48+00:00","og_image":[{"width":1855,"height":998,"url":"http:\/\/tuzfalcsoport.blog\/wp-content\/uploads\/2026\/04\/IMG_2742.jpeg","type":"image\/jpeg"}],"author":"T\u0171zfalcsoport","twitter_card":"summary_large_image","twitter_misc":{"Szerz\u0151:":"T\u0171zfalcsoport","Becs\u00fclt olvas\u00e1si id\u0151":"3 perc"},"schema":{"@context":"https:\/\/schema.org","@graph":[{"@type":"Article","@id":"http:\/\/tuzfalcsoport.blog\/?p=970#article","isPartOf":{"@id":"http:\/\/tuzfalcsoport.blog\/?p=970"},"author":{"name":"T\u0171zfalcsoport","@id":"http:\/\/tuzfalcsoport.blog\/#\/schema\/person\/0dbc8ce6fe1c972173556c4bea45d879"},"headline":"\ud83d\udccc Kicsoda Ruff B\u00e1lint, aki R\u00e1kosi szlogennel kamp\u00e1nyoltatta a f\u0151n\u00f6k\u00e9t?","datePublished":"2026-04-29T06:41:28+00:00","dateModified":"2026-04-29T06:44:48+00:00","mainEntityOfPage":{"@id":"http:\/\/tuzfalcsoport.blog\/?p=970"},"wordCount":708,"commentCount":0,"publisher":{"@id":"http:\/\/tuzfalcsoport.blog\/#organization"},"image":{"@id":"http:\/\/tuzfalcsoport.blog\/?p=970#primaryimage"},"thumbnailUrl":"http:\/\/tuzfalcsoport.blog\/wp-content\/uploads\/2026\/04\/IMG_2742.jpeg","articleSection":["Uncategorized"],"inLanguage":"hu","potentialAction":[{"@type":"CommentAction","name":"Comment","target":["http:\/\/tuzfalcsoport.blog\/?p=970#respond"]}]},{"@type":"WebPage","@id":"http:\/\/tuzfalcsoport.blog\/?p=970","url":"http:\/\/tuzfalcsoport.blog\/?p=970","name":"\ud83d\udccc Kicsoda Ruff B\u00e1lint, aki R\u00e1kosi szlogennel kamp\u00e1nyoltatta a f\u0151n\u00f6k\u00e9t? - T\u0171zfalcsoport","isPartOf":{"@id":"http:\/\/tuzfalcsoport.blog\/#website"},"primaryImageOfPage":{"@id":"http:\/\/tuzfalcsoport.blog\/?p=970#primaryimage"},"image":{"@id":"http:\/\/tuzfalcsoport.blog\/?p=970#primaryimage"},"thumbnailUrl":"http:\/\/tuzfalcsoport.blog\/wp-content\/uploads\/2026\/04\/IMG_2742.jpeg","datePublished":"2026-04-29T06:41:28+00:00","dateModified":"2026-04-29T06:44:48+00:00","breadcrumb":{"@id":"http:\/\/tuzfalcsoport.blog\/?p=970#breadcrumb"},"inLanguage":"hu","potentialAction":[{"@type":"ReadAction","target":["http:\/\/tuzfalcsoport.blog\/?p=970"]}]},{"@type":"ImageObject","inLanguage":"hu","@id":"http:\/\/tuzfalcsoport.blog\/?p=970#primaryimage","url":"http:\/\/tuzfalcsoport.blog\/wp-content\/uploads\/2026\/04\/IMG_2742.jpeg","contentUrl":"http:\/\/tuzfalcsoport.blog\/wp-content\/uploads\/2026\/04\/IMG_2742.jpeg","width":1855,"height":998,"caption":"Screenshot"},{"@type":"BreadcrumbList","@id":"http:\/\/tuzfalcsoport.blog\/?p=970#breadcrumb","itemListElement":[{"@type":"ListItem","position":1,"name":"Home","item":"http:\/\/tuzfalcsoport.blog\/"},{"@type":"ListItem","position":2,"name":"\ud83d\udccc Kicsoda Ruff B\u00e1lint, aki R\u00e1kosi szlogennel kamp\u00e1nyoltatta a f\u0151n\u00f6k\u00e9t?"}]},{"@type":"WebSite","@id":"http:\/\/tuzfalcsoport.blog\/#website","url":"http:\/\/tuzfalcsoport.blog\/","name":"T\u0171zfalcsoport","description":"","publisher":{"@id":"http:\/\/tuzfalcsoport.blog\/#organization"},"potentialAction":[{"@type":"SearchAction","target":{"@type":"EntryPoint","urlTemplate":"http:\/\/tuzfalcsoport.blog\/?s={search_term_string}"},"query-input":{"@type":"PropertyValueSpecification","valueRequired":true,"valueName":"search_term_string"}}],"inLanguage":"hu"},{"@type":"Organization","@id":"http:\/\/tuzfalcsoport.blog\/#organization","name":"T\u0171zfalcsoport","url":"http:\/\/tuzfalcsoport.blog\/","logo":{"@type":"ImageObject","inLanguage":"hu","@id":"http:\/\/tuzfalcsoport.blog\/#\/schema\/logo\/image\/","url":"http:\/\/tuzfalcsoport.blog\/wp-content\/uploads\/2026\/01\/TCS_borito3-scaled.jpg","contentUrl":"http:\/\/tuzfalcsoport.blog\/wp-content\/uploads\/2026\/01\/TCS_borito3-scaled.jpg","width":2560,"height":640,"caption":"T\u0171zfalcsoport"},"image":{"@id":"http:\/\/tuzfalcsoport.blog\/#\/schema\/logo\/image\/"}},{"@type":"Person","@id":"http:\/\/tuzfalcsoport.blog\/#\/schema\/person\/0dbc8ce6fe1c972173556c4bea45d879","name":"T\u0171zfalcsoport","image":{"@type":"ImageObject","inLanguage":"hu","@id":"http:\/\/tuzfalcsoport.blog\/#\/schema\/person\/image\/","url":"https:\/\/secure.gravatar.com\/avatar\/6a89eb668c2a2380540f358d8a1dd366bd36bf902c70e9d4bbb8f5b85d9e363b?s=96&d=mm&r=g","contentUrl":"https:\/\/secure.gravatar.com\/avatar\/6a89eb668c2a2380540f358d8a1dd366bd36bf902c70e9d4bbb8f5b85d9e363b?s=96&d=mm&r=g","caption":"T\u0171zfalcsoport"},"sameAs":["http:\/\/tuzfalcsoport.blog"],"url":"http:\/\/tuzfalcsoport.blog\/?author=1"}]}},"_links":{"self":[{"href":"http:\/\/tuzfalcsoport.blog\/index.php?rest_route=\/wp\/v2\/posts\/970","targetHints":{"allow":["GET"]}}],"collection":[{"href":"http:\/\/tuzfalcsoport.blog\/index.php?rest_route=\/wp\/v2\/posts"}],"about":[{"href":"http:\/\/tuzfalcsoport.blog\/index.php?rest_route=\/wp\/v2\/types\/post"}],"author":[{"embeddable":true,"href":"http:\/\/tuzfalcsoport.blog\/index.php?rest_route=\/wp\/v2\/users\/1"}],"replies":[{"embeddable":true,"href":"http:\/\/tuzfalcsoport.blog\/index.php?rest_route=%2Fwp%2Fv2%2Fcomments&post=970"}],"version-history":[{"count":4,"href":"http:\/\/tuzfalcsoport.blog\/index.php?rest_route=\/wp\/v2\/posts\/970\/revisions"}],"predecessor-version":[{"id":976,"href":"http:\/\/tuzfalcsoport.blog\/index.php?rest_route=\/wp\/v2\/posts\/970\/revisions\/976"}],"wp:featuredmedia":[{"embeddable":true,"href":"http:\/\/tuzfalcsoport.blog\/index.php?rest_route=\/wp\/v2\/media\/974"}],"wp:attachment":[{"href":"http:\/\/tuzfalcsoport.blog\/index.php?rest_route=%2Fwp%2Fv2%2Fmedia&parent=970"}],"wp:term":[{"taxonomy":"category","embeddable":true,"href":"http:\/\/tuzfalcsoport.blog\/index.php?rest_route=%2Fwp%2Fv2%2Fcategories&post=970"},{"taxonomy":"post_tag","embeddable":true,"href":"http:\/\/tuzfalcsoport.blog\/index.php?rest_route=%2Fwp%2Fv2%2Ftags&post=970"}],"curies":[{"name":"wp","href":"https:\/\/api.w.org\/{rel}","templated":true}]}}