{"id":977,"date":"2026-04-30T10:06:10","date_gmt":"2026-04-30T09:06:10","guid":{"rendered":"http:\/\/tuzfalcsoport.blog\/?p=977"},"modified":"2026-04-30T10:06:10","modified_gmt":"2026-04-30T09:06:10","slug":"%f0%9f%93%8cpistorius-fegyverkezesi-es-toborzasi-politikaja-mar-a-nemeteknek-is-sok","status":"publish","type":"post","link":"http:\/\/tuzfalcsoport.blog\/?p=977","title":{"rendered":"\ud83d\udcccPistorius fegyverkez\u00e9si \u00e9s toborz\u00e1si politik\u00e1ja m\u00e1r a n\u00e9meteknek is sok?"},"content":{"rendered":"<p class=\"p3\"><span class=\"s3\" style=\"font-size: inherit;\">\u26a0\ufe0fA n\u00e9met v\u00e9delmi miniszter t\u00f6rekv\u00e9sei kapcs\u00e1n Dominik Kettner <a href=\"https:\/\/www.forbes.at\/artikel\/Portrait-Dominik-Kettner\">k\u00f6zismert<\/a>\u00a0n\u00e9met nagyv\u00e1llalkoz\u00f3 <a href=\"https:\/\/x.com\/dominik_kettner\/status\/2047367397871657001?s=46\">szerint<\/a>\u00a0 <\/span><span class=\"s2\" style=\"font-size: inherit;\">a n\u00e9metorsz\u00e1gi katonai vezet\u0151k att\u00f3l tartanak, hogy a sork\u00f6telesek 25%-a muzulm\u00e1n lesz. Agg\u00e1lyaik vannak a muzulm\u00e1nok felfegyverz\u00e9se miatt. A fegyverek elt\u0171nhetnek, \u00e9s k\u00e9s\u0151bb egy polg\u00e1rh\u00e1bor\u00faban haszn\u00e1lhat\u00f3k fel szerinte.<\/span><\/p>\n<p class=\"p3\"><span class=\"s2\">A n\u00e9met t\u00f6rv\u00e9nyhoz\u00e1s h\u00e1ztart\u00e1si bizotts\u00e1ga m\u00e9g \u00e1prilisban le\u00e1ll\u00edtotta a v\u00e9delmi miniszt\u00e9rium k\u00f6vetkez\u0151 nagybeszerz\u00e9s\u00e9t: 902 darab speci\u00e1lis d\u00edzelkont\u00e9ner (tankkont\u00e9ner) v\u00e1s\u00e1rl\u00e1s\u00e1t, amelynek tervezett k\u00f6lts\u00e9ge 262,67 milli\u00f3 eur\u00f3 lett volna. A d\u00f6nt\u00e9s h\u00e1tter\u00e9ben nem a fegyverkez\u00e9s \u00e1ltal\u00e1nos elutas\u00edt\u00e1sa \u00e1llt, hanem a d\u00f6bbenetes \u00e1rrobban\u00e1s: 2021-ben m\u00e9g darabonk\u00e9nt 142 ezer eur\u00f3\u00e9rt v\u00e1s\u00e1roltak 153 kont\u00e9nert az Alfons Haar Maschinenbau GmbH-t\u00f3l, most pedig a darab\u00e1r 291 ezer eur\u00f3ra ugrott \u2013 t\u00f6bb mint dupl\u00e1j\u00e1ra \u2013, mik\u00f6zben a rendel\u00e9si mennyis\u00e9g jelent\u0151sen n\u0151tt. A piacokon hasonl\u00f3 kont\u00e9nerek 60 ezer eur\u00f3 k\u00f6r\u00fcl mozognak; a k\u00fcl\u00f6nbs\u00e9get alig magyar\u00e1zza a be\u00e9p\u00edtett tartal\u00e9k \u00e1ramfejleszt\u0151.<\/span><\/p>\n<p class=\"p3\"><span class=\"s2\">A Bundestagban n\u0151 a nemtetsz\u00e9s Pistorius v\u00e9delmi miniszter kiad\u00e1spolitik\u00e1ja miatt. <\/span><span class=\"s3\">M\u00e1r febru\u00e1rban a h\u00e1ztart\u00e1si bizotts\u00e1g t\u00f6bb mint egymilli\u00e1rd eur\u00f3t v\u00e1gott le t\u0151le dr\u00f3nv\u00e1s\u00e1rl\u00e1sokra.<\/span><span class=\"s2\"> BILD-inform\u00e1ci\u00f3i szerint \u00e1prilisban a k\u00e9pvisel\u0151k le\u00e1ll\u00edtott\u00e1k a v\u00e9delmi miniszt\u00e9rium k\u00f6vetkez\u0151 \u00f3ri\u00e1sprojektj\u00e9t\u2026\u201c<\/span><\/p>\n<p class=\"p3\"><span class=\"s2\">El\u0151bbi teh\u00e1t nem az els\u0151 eset, hogy a Bundestag lef\u00e9kezi Pistorius dr\u00e1ga beszerz\u00e9seit \u2013 kor\u00e1bban m\u00e1r jelent\u0151sen megnyirb\u00e1lt\u00e1k a dr\u00f3nprogramot is.<\/span><\/p>\n<p class=\"p3\"><span class=\"s2\">Mindezek egyik kiindul\u00f3pontja, hogy Boris Pistorius v\u00e9delmi miniszter (SPD) vezet\u00e9se alatt a v\u00e9delmi kiad\u00e1sok robban\u00e1sszer\u0171en n\u0151nek. A 2026-os k\u00f6lts\u00e9gvet\u00e9s tervei szerint a rendes v\u00e9delmi b\u00fcdzs\u00e9 82,69 milli\u00e1rd eur\u00f3, a k\u00fcl\u00f6n alapb\u00f3l pedig tov\u00e1bbi 25,51 milli\u00e1rd eur\u00f3 \u00e9rkezik \u2013 \u00f6sszesen mintegy 108 milli\u00e1rd eur\u00f3.<span class=\"Apple-converted-space\">\u00a0 <\/span>Pistorius maga is t\u00f6bbsz\u00f6r hangs\u00falyozta: N\u00e9metorsz\u00e1gnak \u201ekriegst\u00fcchtignek\u201d (h\u00e1bor\u00fara k\u00e9sznek) kell lennie 2029-re, hogy elrettentse Oroszorsz\u00e1got. <\/span><\/p>\n<p class=\"p3\"><span class=\"s2\">Nemr\u00e9giben pedig m\u00e9g ambici\u00f3zusabb c\u00e9lt fogalmazott meg: a Bundeswehrnek legal\u00e1bb <\/span><span class=\"s3\">460 ezer bevethet\u0151 katon\u00e1t<\/span><span class=\"s2\"> kell sz\u00e1ml\u00e1lnia. Egyes t\u00e1bornokok azonban ny\u00edltan agg\u00f3dnak amiatt, hogy a sork\u00f6telesek ak\u00e1r 25 sz\u00e1zal\u00e9ka muzulm\u00e1n lehet \u2013 \u00e9s att\u00f3l tartanak, hogy a fegyverek elt\u0171nhetnek, majd k\u00e9s\u0151bb polg\u00e1rh\u00e1bor\u00fas helyzetben ker\u00fclhetnek felhaszn\u00e1l\u00e1sra. Szak\u00e9rt\u0151k szerint a probl\u00e9ma nem csup\u00e1n a rossz szerz\u0151d\u00e9sk\u00f6t\u00e9sben \u00e9s a hadiipari profitokban rejlik, hanem mag\u00e1ban a militariz\u00e1ci\u00f3s logik\u00e1ban. S\u0151t, a 460 ezer f\u0151s hadsereg-terv m\u00e9g vil\u00e1gosabban mutatja a militariz\u00e1ci\u00f3 bels\u0151 ellentmond\u00e1sait: egy t\u00e1rsadalomban, ahol a demogr\u00e1fiai v\u00e1ltoz\u00e1sok miatt egyre t\u00f6bb a bev\u00e1ndorl\u00f3 h\u00e1tter\u0171 fiatal, a t\u00f6meges fegyverz\u00e9s nem egys\u00e9get teremt, hanem potenci\u00e1lis bels\u0151 fesz\u00fclts\u00e9geket gerjeszt. A gener\u00e1lisok aggodalm\u00e1t nem lehet egyszer\u0171en \u201eidegengy\u0171l\u00f6letnek\u201d b\u00e9lyegezni \u2013 ez a val\u00f3s k\u00f6vetkezm\u00e9nye annak, amikor egy orsz\u00e1g a b\u00e9ke helyett a h\u00e1bor\u00fas felk\u00e9sz\u00fcl\u00e9st teszi nemzeti c\u00e9ll\u00e1, an\u00e9lk\u00fcl hogy a t\u00e1rsadalmi koh\u00e9zi\u00f3t er\u0151s\u00edten\u00e9. A rendszer eg\u00e9sz\u00e9t kellene megk\u00e9rd\u0151jelezni.<\/span><\/p>\n<p class=\"p3\"><span class=\"s2\">N\u00e9metorsz\u00e1g 2022 \u00f3ta vesz\u00e9lyes, t\u00f6rt\u00e9nelmi l\u00e9pt\u00e9k\u0171 fordulatot tett: a 100 milli\u00e1rd eur\u00f3s k\u00fcl\u00f6n alap bevezet\u00e9s\u00e9vel, a NATO 2%-os GDP-ar\u00e1nyos v\u00e9delmi kiad\u00e1si c\u00e9lj\u00e1nak t\u00falteljes\u00edt\u00e9s\u00e9vel \u00e9s a \u201eEur\u00f3pa leger\u0151sebb konvencion\u00e1lis hadsereg\u00e9v\u00e9\u201d v\u00e1l\u00e1s amb\u00edci\u00f3j\u00e1val a b\u00e9keid\u0151szak ut\u00e1ni legnagyobb fegyverkez\u00e9si hull\u00e1mot ind\u00edtotta el. Ez a politika azonban paradox m\u00f3don nem n\u00f6veli a biztons\u00e1got, hanem ink\u00e1bb gerjeszti a fesz\u00fclts\u00e9get. A Litv\u00e1nia-brig\u00e1d \u00e9s a hozz\u00e1 tartoz\u00f3 logisztikai eszk\u00f6z\u00f6k (mint ezek a kont\u00e9nerek) egy\u00e9rtelm\u0171en az ukrajnai konfliktus katonai eszkal\u00e1ci\u00f3j\u00e1ra val\u00f3 felk\u00e9sz\u00fcl\u00e9st szolg\u00e1lj\u00e1k. \u00c1m a t\u00f6rt\u00e9nelem tan\u00fas\u00e1ga szerint ez a h\u00e1bor\u00fap\u00e1rti politika ritk\u00e1n vezet tart\u00f3s b\u00e9k\u00e9hez \u2013 ink\u00e1bb \u00faj fegyverkez\u00e9si ciklusokat ind\u00edt el.<\/span><\/p>\n<p class=\"p3\"><span class=\"s2\">A Bundestag d\u00f6nt\u00e9se n\u00e9mik\u00e9pp rem\u00e9nykelt\u0151 lehet, mert mutatja: m\u00e9g a koal\u00edci\u00f3s t\u00f6bbs\u00e9g soraiban is n\u00f6vekszik az ellen\u00e1ll\u00e1s a korl\u00e1tlan p\u00e9nzsz\u00f3r\u00e1ssal szemben. Az Uni\u00f3 (CDU\/CSU) k\u00e9pvisel\u0151i m\u00e1r \u00e9venk\u00e9nti \u201ek\u00e9pess\u00e9g-ellen\u0151rz\u00e9st\u201d (F\u00e4higkeitscontrolling) k\u00f6vetelnek, hogy l\u00e1ss\u00e1k, a milli\u00e1rdok val\u00f3ban n\u00f6velik-e a Bundeswehr harck\u00e9pess\u00e9g\u00e9t. <\/span><\/p>\n<p class=\"p3\"><span class=\"s2\">\u00d6sszess\u00e9g\u00e9ben ugyanakkor ez a helyzet figyelmeztet\u00e9s: a militariz\u00e1ci\u00f3 nem csak k\u00f6lts\u00e9ges, hanem kontraprodukt\u00edv is. N\u00e9metorsz\u00e1g \u2013 \u00e9s vele eg\u00e9sz Eur\u00f3pa \u2013 el\u0151tt ott a v\u00e1laszt\u00e1s: folytatja-e a v\u00e9gtelen fegyverkez\u00e9si spir\u00e1lt, vagy visszat\u00e9r a diplom\u00e1cia, a t\u00e1rgyal\u00e1s \u00e9s a k\u00f6z\u00f6s eur\u00f3pai biztons\u00e1gpolitika \u00fatj\u00e1ra? A b\u00e9kep\u00e1rti er\u0151knak most az a feladatuk, hogy ne csak a pazarl\u00e1st kritiz\u00e1lj\u00e1k, hanem alternat\u00edv\u00e1t is k\u00edn\u00e1ljanak: egy olyan biztons\u00e1gi paradigm\u00e1t, ahol a b\u00e9ke nem mell\u00e9kterm\u00e9k, hanem a politika k\u00f6zponti c\u00e9lja.<\/span><\/p>\n<p class=\"p3\"><span class=\"s3\">L\u00e1bjegyzetek<\/span><\/p>\n<p class=\"p3\"><span class=\"s2\">\u00b9 <a href=\"http:\/\/bild.de\/\">Bild.de<\/a>: \u201eDiese Preisexplosion ist eine Frechheit\u201c: Bundestag stoppt n\u00e4chstes Pistorius-Projekt! (2026. \u00e1prilis 26.\/29.)<\/span><\/p>\n<p class=\"p3\"><span class=\"s2\">\u00b2 Bundesregierung \u00e9s Bundestag dokumentumai a 2026-os v\u00e9delmi k\u00f6lts\u00e9gvet\u00e9sr\u0151l (Einzelplan 14).<\/span><\/p>\n<p class=\"p3\"><span class=\"s2\">\u00b3 Boris Pistorius nyilatkozata a Bundestagban: \u201eWir m\u00fcssen bis 2029 kriegst\u00fcchtig sein\u201d (2024\u20132025-\u00f6s parlamenti vit\u00e1k).<\/span><\/p>\n<p><iframe loading=\"lazy\" title=\"\ud83d\udcccPistorius fegyverkez\u00e9si \u00e9s toborz\u00e1si politik\u00e1ja m\u00e1r a n\u00e9meteknek is sok?\" width=\"1200\" height=\"900\" src=\"https:\/\/www.youtube.com\/embed\/ybcu09UNzZI?feature=oembed\" frameborder=\"0\" allow=\"accelerometer; autoplay; clipboard-write; encrypted-media; gyroscope; picture-in-picture; web-share\" referrerpolicy=\"strict-origin-when-cross-origin\" allowfullscreen><\/iframe><\/p>\n","protected":false},"excerpt":{"rendered":"<p>\u26a0\ufe0fA n\u00e9met v\u00e9delmi miniszter t\u00f6rekv\u00e9sei kapcs\u00e1n Dominik Kettner k\u00f6zismert\u00a0n\u00e9met nagyv\u00e1llalkoz\u00f3 szerint\u00a0 a n\u00e9metorsz\u00e1gi katonai vezet\u0151k att\u00f3l tartanak, hogy a sork\u00f6telesek 25%-a muzulm\u00e1n lesz. Agg\u00e1lyaik vannak a muzulm\u00e1nok felfegyverz\u00e9se miatt. A fegyverek elt\u0171nhetnek, \u00e9s k\u00e9s\u0151bb egy polg\u00e1rh\u00e1bor\u00faban haszn\u00e1lhat\u00f3k fel szerinte. A n\u00e9met t\u00f6rv\u00e9nyhoz\u00e1s h\u00e1ztart\u00e1si bizotts\u00e1ga m\u00e9g \u00e1prilisban le\u00e1ll\u00edtotta a v\u00e9delmi miniszt\u00e9rium k\u00f6vetkez\u0151 nagybeszerz\u00e9s\u00e9t: 902 darab speci\u00e1lis &#8230; <a title=\"\ud83d\udcccPistorius fegyverkez\u00e9si \u00e9s toborz\u00e1si politik\u00e1ja m\u00e1r a n\u00e9meteknek is sok?\" class=\"read-more\" href=\"http:\/\/tuzfalcsoport.blog\/?p=977\" aria-label=\"Read more about \ud83d\udcccPistorius fegyverkez\u00e9si \u00e9s toborz\u00e1si politik\u00e1ja m\u00e1r a n\u00e9meteknek is sok?\">Olvass tov\u00e1bb<\/a><\/p>\n","protected":false},"author":1,"featured_media":0,"comment_status":"open","ping_status":"open","sticky":false,"template":"","format":"standard","meta":{"footnotes":""},"categories":[1],"tags":[],"class_list":["post-977","post","type-post","status-publish","format-standard","hentry","category-uncategorized"],"yoast_head":"<!-- This site is optimized with the Yoast SEO plugin v26.7 - https:\/\/yoast.com\/wordpress\/plugins\/seo\/ -->\n<title>\ud83d\udcccPistorius fegyverkez\u00e9si \u00e9s toborz\u00e1si politik\u00e1ja m\u00e1r a n\u00e9meteknek is sok? - T\u0171zfalcsoport<\/title>\n<meta name=\"robots\" content=\"index, follow, max-snippet:-1, max-image-preview:large, max-video-preview:-1\" \/>\n<link rel=\"canonical\" href=\"http:\/\/tuzfalcsoport.blog\/?p=977\" \/>\n<meta property=\"og:locale\" content=\"hu_HU\" \/>\n<meta property=\"og:type\" content=\"article\" \/>\n<meta property=\"og:title\" content=\"\ud83d\udcccPistorius fegyverkez\u00e9si \u00e9s toborz\u00e1si politik\u00e1ja m\u00e1r a n\u00e9meteknek is sok? - T\u0171zfalcsoport\" \/>\n<meta property=\"og:description\" content=\"\u26a0\ufe0fA n\u00e9met v\u00e9delmi miniszter t\u00f6rekv\u00e9sei kapcs\u00e1n Dominik Kettner k\u00f6zismert\u00a0n\u00e9met nagyv\u00e1llalkoz\u00f3 szerint\u00a0 a n\u00e9metorsz\u00e1gi katonai vezet\u0151k att\u00f3l tartanak, hogy a sork\u00f6telesek 25%-a muzulm\u00e1n lesz. Agg\u00e1lyaik vannak a muzulm\u00e1nok felfegyverz\u00e9se miatt. A fegyverek elt\u0171nhetnek, \u00e9s k\u00e9s\u0151bb egy polg\u00e1rh\u00e1bor\u00faban haszn\u00e1lhat\u00f3k fel szerinte. A n\u00e9met t\u00f6rv\u00e9nyhoz\u00e1s h\u00e1ztart\u00e1si bizotts\u00e1ga m\u00e9g \u00e1prilisban le\u00e1ll\u00edtotta a v\u00e9delmi miniszt\u00e9rium k\u00f6vetkez\u0151 nagybeszerz\u00e9s\u00e9t: 902 darab speci\u00e1lis ... Olvass tov\u00e1bb\" \/>\n<meta property=\"og:url\" content=\"http:\/\/tuzfalcsoport.blog\/?p=977\" \/>\n<meta property=\"og:site_name\" content=\"T\u0171zfalcsoport\" \/>\n<meta property=\"article:published_time\" content=\"2026-04-30T09:06:10+00:00\" \/>\n<meta name=\"author\" content=\"T\u0171zfalcsoport\" \/>\n<meta name=\"twitter:card\" content=\"summary_large_image\" \/>\n<meta name=\"twitter:label1\" content=\"Szerz\u0151:\" \/>\n\t<meta name=\"twitter:data1\" content=\"T\u0171zfalcsoport\" \/>\n\t<meta name=\"twitter:label2\" content=\"Becs\u00fclt olvas\u00e1si id\u0151\" \/>\n\t<meta name=\"twitter:data2\" content=\"4 perc\" \/>\n<script type=\"application\/ld+json\" class=\"yoast-schema-graph\">{\"@context\":\"https:\/\/schema.org\",\"@graph\":[{\"@type\":\"Article\",\"@id\":\"http:\/\/tuzfalcsoport.blog\/?p=977#article\",\"isPartOf\":{\"@id\":\"http:\/\/tuzfalcsoport.blog\/?p=977\"},\"author\":{\"name\":\"T\u0171zfalcsoport\",\"@id\":\"http:\/\/tuzfalcsoport.blog\/#\/schema\/person\/0dbc8ce6fe1c972173556c4bea45d879\"},\"headline\":\"\ud83d\udcccPistorius fegyverkez\u00e9si \u00e9s toborz\u00e1si politik\u00e1ja m\u00e1r a n\u00e9meteknek is sok?\",\"datePublished\":\"2026-04-30T09:06:10+00:00\",\"mainEntityOfPage\":{\"@id\":\"http:\/\/tuzfalcsoport.blog\/?p=977\"},\"wordCount\":1026,\"commentCount\":0,\"publisher\":{\"@id\":\"http:\/\/tuzfalcsoport.blog\/#organization\"},\"articleSection\":[\"Uncategorized\"],\"inLanguage\":\"hu\",\"potentialAction\":[{\"@type\":\"CommentAction\",\"name\":\"Comment\",\"target\":[\"http:\/\/tuzfalcsoport.blog\/?p=977#respond\"]}]},{\"@type\":\"WebPage\",\"@id\":\"http:\/\/tuzfalcsoport.blog\/?p=977\",\"url\":\"http:\/\/tuzfalcsoport.blog\/?p=977\",\"name\":\"\ud83d\udcccPistorius fegyverkez\u00e9si \u00e9s toborz\u00e1si politik\u00e1ja m\u00e1r a n\u00e9meteknek is sok? - T\u0171zfalcsoport\",\"isPartOf\":{\"@id\":\"http:\/\/tuzfalcsoport.blog\/#website\"},\"datePublished\":\"2026-04-30T09:06:10+00:00\",\"breadcrumb\":{\"@id\":\"http:\/\/tuzfalcsoport.blog\/?p=977#breadcrumb\"},\"inLanguage\":\"hu\",\"potentialAction\":[{\"@type\":\"ReadAction\",\"target\":[\"http:\/\/tuzfalcsoport.blog\/?p=977\"]}]},{\"@type\":\"BreadcrumbList\",\"@id\":\"http:\/\/tuzfalcsoport.blog\/?p=977#breadcrumb\",\"itemListElement\":[{\"@type\":\"ListItem\",\"position\":1,\"name\":\"Home\",\"item\":\"http:\/\/tuzfalcsoport.blog\/\"},{\"@type\":\"ListItem\",\"position\":2,\"name\":\"\ud83d\udcccPistorius fegyverkez\u00e9si \u00e9s toborz\u00e1si politik\u00e1ja m\u00e1r a n\u00e9meteknek is sok?\"}]},{\"@type\":\"WebSite\",\"@id\":\"http:\/\/tuzfalcsoport.blog\/#website\",\"url\":\"http:\/\/tuzfalcsoport.blog\/\",\"name\":\"T\u0171zfalcsoport\",\"description\":\"\",\"publisher\":{\"@id\":\"http:\/\/tuzfalcsoport.blog\/#organization\"},\"potentialAction\":[{\"@type\":\"SearchAction\",\"target\":{\"@type\":\"EntryPoint\",\"urlTemplate\":\"http:\/\/tuzfalcsoport.blog\/?s={search_term_string}\"},\"query-input\":{\"@type\":\"PropertyValueSpecification\",\"valueRequired\":true,\"valueName\":\"search_term_string\"}}],\"inLanguage\":\"hu\"},{\"@type\":\"Organization\",\"@id\":\"http:\/\/tuzfalcsoport.blog\/#organization\",\"name\":\"T\u0171zfalcsoport\",\"url\":\"http:\/\/tuzfalcsoport.blog\/\",\"logo\":{\"@type\":\"ImageObject\",\"inLanguage\":\"hu\",\"@id\":\"http:\/\/tuzfalcsoport.blog\/#\/schema\/logo\/image\/\",\"url\":\"http:\/\/tuzfalcsoport.blog\/wp-content\/uploads\/2026\/01\/TCS_borito3-scaled.jpg\",\"contentUrl\":\"http:\/\/tuzfalcsoport.blog\/wp-content\/uploads\/2026\/01\/TCS_borito3-scaled.jpg\",\"width\":2560,\"height\":640,\"caption\":\"T\u0171zfalcsoport\"},\"image\":{\"@id\":\"http:\/\/tuzfalcsoport.blog\/#\/schema\/logo\/image\/\"}},{\"@type\":\"Person\",\"@id\":\"http:\/\/tuzfalcsoport.blog\/#\/schema\/person\/0dbc8ce6fe1c972173556c4bea45d879\",\"name\":\"T\u0171zfalcsoport\",\"image\":{\"@type\":\"ImageObject\",\"inLanguage\":\"hu\",\"@id\":\"http:\/\/tuzfalcsoport.blog\/#\/schema\/person\/image\/\",\"url\":\"https:\/\/secure.gravatar.com\/avatar\/6a89eb668c2a2380540f358d8a1dd366bd36bf902c70e9d4bbb8f5b85d9e363b?s=96&d=mm&r=g\",\"contentUrl\":\"https:\/\/secure.gravatar.com\/avatar\/6a89eb668c2a2380540f358d8a1dd366bd36bf902c70e9d4bbb8f5b85d9e363b?s=96&d=mm&r=g\",\"caption\":\"T\u0171zfalcsoport\"},\"sameAs\":[\"http:\/\/tuzfalcsoport.blog\"],\"url\":\"http:\/\/tuzfalcsoport.blog\/?author=1\"}]}<\/script>\n<!-- \/ Yoast SEO plugin. -->","yoast_head_json":{"title":"\ud83d\udcccPistorius fegyverkez\u00e9si \u00e9s toborz\u00e1si politik\u00e1ja m\u00e1r a n\u00e9meteknek is sok? - T\u0171zfalcsoport","robots":{"index":"index","follow":"follow","max-snippet":"max-snippet:-1","max-image-preview":"max-image-preview:large","max-video-preview":"max-video-preview:-1"},"canonical":"http:\/\/tuzfalcsoport.blog\/?p=977","og_locale":"hu_HU","og_type":"article","og_title":"\ud83d\udcccPistorius fegyverkez\u00e9si \u00e9s toborz\u00e1si politik\u00e1ja m\u00e1r a n\u00e9meteknek is sok? - T\u0171zfalcsoport","og_description":"\u26a0\ufe0fA n\u00e9met v\u00e9delmi miniszter t\u00f6rekv\u00e9sei kapcs\u00e1n Dominik Kettner k\u00f6zismert\u00a0n\u00e9met nagyv\u00e1llalkoz\u00f3 szerint\u00a0 a n\u00e9metorsz\u00e1gi katonai vezet\u0151k att\u00f3l tartanak, hogy a sork\u00f6telesek 25%-a muzulm\u00e1n lesz. Agg\u00e1lyaik vannak a muzulm\u00e1nok felfegyverz\u00e9se miatt. A fegyverek elt\u0171nhetnek, \u00e9s k\u00e9s\u0151bb egy polg\u00e1rh\u00e1bor\u00faban haszn\u00e1lhat\u00f3k fel szerinte. A n\u00e9met t\u00f6rv\u00e9nyhoz\u00e1s h\u00e1ztart\u00e1si bizotts\u00e1ga m\u00e9g \u00e1prilisban le\u00e1ll\u00edtotta a v\u00e9delmi miniszt\u00e9rium k\u00f6vetkez\u0151 nagybeszerz\u00e9s\u00e9t: 902 darab speci\u00e1lis ... Olvass tov\u00e1bb","og_url":"http:\/\/tuzfalcsoport.blog\/?p=977","og_site_name":"T\u0171zfalcsoport","article_published_time":"2026-04-30T09:06:10+00:00","author":"T\u0171zfalcsoport","twitter_card":"summary_large_image","twitter_misc":{"Szerz\u0151:":"T\u0171zfalcsoport","Becs\u00fclt olvas\u00e1si id\u0151":"4 perc"},"schema":{"@context":"https:\/\/schema.org","@graph":[{"@type":"Article","@id":"http:\/\/tuzfalcsoport.blog\/?p=977#article","isPartOf":{"@id":"http:\/\/tuzfalcsoport.blog\/?p=977"},"author":{"name":"T\u0171zfalcsoport","@id":"http:\/\/tuzfalcsoport.blog\/#\/schema\/person\/0dbc8ce6fe1c972173556c4bea45d879"},"headline":"\ud83d\udcccPistorius fegyverkez\u00e9si \u00e9s toborz\u00e1si politik\u00e1ja m\u00e1r a n\u00e9meteknek is sok?","datePublished":"2026-04-30T09:06:10+00:00","mainEntityOfPage":{"@id":"http:\/\/tuzfalcsoport.blog\/?p=977"},"wordCount":1026,"commentCount":0,"publisher":{"@id":"http:\/\/tuzfalcsoport.blog\/#organization"},"articleSection":["Uncategorized"],"inLanguage":"hu","potentialAction":[{"@type":"CommentAction","name":"Comment","target":["http:\/\/tuzfalcsoport.blog\/?p=977#respond"]}]},{"@type":"WebPage","@id":"http:\/\/tuzfalcsoport.blog\/?p=977","url":"http:\/\/tuzfalcsoport.blog\/?p=977","name":"\ud83d\udcccPistorius fegyverkez\u00e9si \u00e9s toborz\u00e1si politik\u00e1ja m\u00e1r a n\u00e9meteknek is sok? - T\u0171zfalcsoport","isPartOf":{"@id":"http:\/\/tuzfalcsoport.blog\/#website"},"datePublished":"2026-04-30T09:06:10+00:00","breadcrumb":{"@id":"http:\/\/tuzfalcsoport.blog\/?p=977#breadcrumb"},"inLanguage":"hu","potentialAction":[{"@type":"ReadAction","target":["http:\/\/tuzfalcsoport.blog\/?p=977"]}]},{"@type":"BreadcrumbList","@id":"http:\/\/tuzfalcsoport.blog\/?p=977#breadcrumb","itemListElement":[{"@type":"ListItem","position":1,"name":"Home","item":"http:\/\/tuzfalcsoport.blog\/"},{"@type":"ListItem","position":2,"name":"\ud83d\udcccPistorius fegyverkez\u00e9si \u00e9s toborz\u00e1si politik\u00e1ja m\u00e1r a n\u00e9meteknek is sok?"}]},{"@type":"WebSite","@id":"http:\/\/tuzfalcsoport.blog\/#website","url":"http:\/\/tuzfalcsoport.blog\/","name":"T\u0171zfalcsoport","description":"","publisher":{"@id":"http:\/\/tuzfalcsoport.blog\/#organization"},"potentialAction":[{"@type":"SearchAction","target":{"@type":"EntryPoint","urlTemplate":"http:\/\/tuzfalcsoport.blog\/?s={search_term_string}"},"query-input":{"@type":"PropertyValueSpecification","valueRequired":true,"valueName":"search_term_string"}}],"inLanguage":"hu"},{"@type":"Organization","@id":"http:\/\/tuzfalcsoport.blog\/#organization","name":"T\u0171zfalcsoport","url":"http:\/\/tuzfalcsoport.blog\/","logo":{"@type":"ImageObject","inLanguage":"hu","@id":"http:\/\/tuzfalcsoport.blog\/#\/schema\/logo\/image\/","url":"http:\/\/tuzfalcsoport.blog\/wp-content\/uploads\/2026\/01\/TCS_borito3-scaled.jpg","contentUrl":"http:\/\/tuzfalcsoport.blog\/wp-content\/uploads\/2026\/01\/TCS_borito3-scaled.jpg","width":2560,"height":640,"caption":"T\u0171zfalcsoport"},"image":{"@id":"http:\/\/tuzfalcsoport.blog\/#\/schema\/logo\/image\/"}},{"@type":"Person","@id":"http:\/\/tuzfalcsoport.blog\/#\/schema\/person\/0dbc8ce6fe1c972173556c4bea45d879","name":"T\u0171zfalcsoport","image":{"@type":"ImageObject","inLanguage":"hu","@id":"http:\/\/tuzfalcsoport.blog\/#\/schema\/person\/image\/","url":"https:\/\/secure.gravatar.com\/avatar\/6a89eb668c2a2380540f358d8a1dd366bd36bf902c70e9d4bbb8f5b85d9e363b?s=96&d=mm&r=g","contentUrl":"https:\/\/secure.gravatar.com\/avatar\/6a89eb668c2a2380540f358d8a1dd366bd36bf902c70e9d4bbb8f5b85d9e363b?s=96&d=mm&r=g","caption":"T\u0171zfalcsoport"},"sameAs":["http:\/\/tuzfalcsoport.blog"],"url":"http:\/\/tuzfalcsoport.blog\/?author=1"}]}},"_links":{"self":[{"href":"http:\/\/tuzfalcsoport.blog\/index.php?rest_route=\/wp\/v2\/posts\/977","targetHints":{"allow":["GET"]}}],"collection":[{"href":"http:\/\/tuzfalcsoport.blog\/index.php?rest_route=\/wp\/v2\/posts"}],"about":[{"href":"http:\/\/tuzfalcsoport.blog\/index.php?rest_route=\/wp\/v2\/types\/post"}],"author":[{"embeddable":true,"href":"http:\/\/tuzfalcsoport.blog\/index.php?rest_route=\/wp\/v2\/users\/1"}],"replies":[{"embeddable":true,"href":"http:\/\/tuzfalcsoport.blog\/index.php?rest_route=%2Fwp%2Fv2%2Fcomments&post=977"}],"version-history":[{"count":2,"href":"http:\/\/tuzfalcsoport.blog\/index.php?rest_route=\/wp\/v2\/posts\/977\/revisions"}],"predecessor-version":[{"id":979,"href":"http:\/\/tuzfalcsoport.blog\/index.php?rest_route=\/wp\/v2\/posts\/977\/revisions\/979"}],"wp:attachment":[{"href":"http:\/\/tuzfalcsoport.blog\/index.php?rest_route=%2Fwp%2Fv2%2Fmedia&parent=977"}],"wp:term":[{"taxonomy":"category","embeddable":true,"href":"http:\/\/tuzfalcsoport.blog\/index.php?rest_route=%2Fwp%2Fv2%2Fcategories&post=977"},{"taxonomy":"post_tag","embeddable":true,"href":"http:\/\/tuzfalcsoport.blog\/index.php?rest_route=%2Fwp%2Fv2%2Ftags&post=977"}],"curies":[{"name":"wp","href":"https:\/\/api.w.org\/{rel}","templated":true}]}}