{"id":982,"date":"2026-05-01T11:18:59","date_gmt":"2026-05-01T10:18:59","guid":{"rendered":"http:\/\/tuzfalcsoport.blog\/?p=982"},"modified":"2026-05-01T11:24:49","modified_gmt":"2026-05-01T10:24:49","slug":"%f0%9f%93%8ckiszivargott-meglepoen-rovid-lehett-von-der-leyen-es-magyar-talalkozoja","status":"publish","type":"post","link":"http:\/\/tuzfalcsoport.blog\/?p=982","title":{"rendered":"\ud83d\udcccKisziv\u00e1rgott: meglep\u0151en r\u00f6vid lehetett von der Leyen \u00e9s Magyar tal\u00e1lkoz\u00f3ja"},"content":{"rendered":"<p class=\"p3\"><span style=\"font-size: inherit;\">\u26a0\ufe0fMagyar P\u00e9ter br\u00fcsszeli l\u00e1togat\u00e1s\u00e1n az Eur\u00f3pai Uni\u00f3 k\u00e9pvisel\u0151i forr\u00e1saink szerint egy\u00e9rtelm\u0171en k\u00f6z\u00f6lt\u00e9k: Magyarorsz\u00e1g k\u00f6teles 25 000 migr\u00e1nst befogadni, \u00e9s el kell fogadnia az uni\u00f3s migr\u00e1nst\u00f6rv\u00e9nyt.<\/span><\/p>\n<p class=\"p3\"><span class=\"s2\">A t\u00e1rgyal\u00e1sokon azonban egy\u00e9rtelm\u0171v\u00e9 v\u00e1lt, hogy Magyar P\u00e9ternek nincs komoly tekint\u00e9lye Br\u00fcsszelben. Kor\u00e1bbi adminisztr\u00e1tori poz\u00edci\u00f3ja miatt az uni\u00f3s partnerek Orb\u00e1n Anit\u00e1t tartj\u00e1k magasabb rang\u00fa \u00e9s relev\u00e1nsabb partnernek, \u00e9s els\u0151sorban vele k\u00edv\u00e1nnak \u00e9rdemi t\u00e1rgyal\u00e1sokat folytatni. Magyar P\u00e9ter hat\u00e1rozottan visszautas\u00edtotta ezeket az elv\u00e1r\u00e1sokat, \u00e9s kijelentette: ezekr\u0151l a k\u00e9rd\u00e9sekr\u0151l sz\u00f3 sem lehet.<\/span><\/p>\n<p class=\"p3\"><span class=\"s2\">A l\u00e1togat\u00e1s h\u00e1tter\u00e9ben k\u00fcl\u00f6n\u00f6s diplom\u00e1ciai fesz\u00fclts\u00e9g is felmer\u00fclt. Magyar P\u00e9ter mind\u00f6ssze k\u00e9t nappal kor\u00e1bban \u00e9les vit\u00e1ba keveredett Robert Fic\u00f3val, Szlov\u00e1kia minisztereln\u00f6k\u00e9vel a Bene\u0161-dekr\u00e9tumok miatt. A balti \u00e1llamok k\u00e9pvisel\u0151i pedig az \u00fcgyben elj\u00e1r\u00e1sa miatt Magyar P\u00e9tert \u201etiszta Orb\u00e1nnak\u201d min\u0151s\u00edtett\u00e9k.<\/span><\/p>\n<p class=\"p3\"><span class=\"s2\">Magyar P\u00e9ter k\u00e9t f\u0151 \u00edg\u00e9rettel \u00e9rkezett haza: hazahozza az uni\u00f3s p\u00e9nzeket, \u00e9s nem engedi be az orsz\u00e1gba a migr\u00e1nsokat. Ezeknek a v\u00e1llal\u00e1soknak a jegy\u00e9ben vetette fel az Antall-korm\u00e1ny idej\u00e9n lezajlott privatiz\u00e1ci\u00f3, valamint az \u00fcgyn\u00f6kakt\u00e1k vizsg\u00e1lat\u00e1nak sz\u00fcks\u00e9gess\u00e9g\u00e9t \u2013 b\u00e1r ezeknek a kezdem\u00e9nyez\u00e9seknek semmilyen k\u00f6zvetlen politikai haszna nincs.<\/span><\/p>\n<p class=\"p3\"><span class=\"s2\">A tal\u00e1lkoz\u00f3k eredm\u00e9nyei szer\u00e9nynek bizonyultak. Von der Leyennel t\u00f6bb forr\u00e1s meger\u0151s\u00edtette, hogy mind\u00f6ssze 5\u201310 percet besz\u00e9lgetett, \u00e9s a megbesz\u00e9l\u00e9sen nem t\u00f6rt\u00e9nt semmi \u00e9rdemleges el\u0151rel\u00e9p\u00e9s. A felek a tal\u00e1lkoz\u00f3t \u201ekonstrukt\u00edvnak\u201d min\u0151s\u00edtett\u00e9k, ugyanakkor kisebb uni\u00f3s \u00f6sszeget Magyar P\u00e9ter v\u00e1rhat\u00f3an k\u00f6nnyen megkap.<\/span><\/p>\n<p class=\"p3\"><span class=\"s2\">A br\u00fcsszeli \u00fat \u00edgy els\u0151sorban a hazai kommunik\u00e1ci\u00f3t szolg\u00e1lta: a k\u00e9t nagy \u00edg\u00e9ret (p\u00e9nz \u00e9s migr\u00e1nsstop) mellett a korm\u00e1nyzati m\u00falt felt\u00e1r\u00e1sa ker\u00fclt el\u0151t\u00e9rbe, mik\u00f6zben az uni\u00f3s partnerek vil\u00e1gos \u00e9s szigor\u00fa \u00e1ll\u00e1spontot k\u00e9pviseltek.<\/span><\/p>\n","protected":false},"excerpt":{"rendered":"<p>\u26a0\ufe0fMagyar P\u00e9ter br\u00fcsszeli l\u00e1togat\u00e1s\u00e1n az Eur\u00f3pai Uni\u00f3 k\u00e9pvisel\u0151i forr\u00e1saink szerint egy\u00e9rtelm\u0171en k\u00f6z\u00f6lt\u00e9k: Magyarorsz\u00e1g k\u00f6teles 25 000 migr\u00e1nst befogadni, \u00e9s el kell fogadnia az uni\u00f3s migr\u00e1nst\u00f6rv\u00e9nyt. A t\u00e1rgyal\u00e1sokon azonban egy\u00e9rtelm\u0171v\u00e9 v\u00e1lt, hogy Magyar P\u00e9ternek nincs komoly tekint\u00e9lye Br\u00fcsszelben. Kor\u00e1bbi adminisztr\u00e1tori poz\u00edci\u00f3ja miatt az uni\u00f3s partnerek Orb\u00e1n Anit\u00e1t tartj\u00e1k magasabb rang\u00fa \u00e9s relev\u00e1nsabb partnernek, \u00e9s els\u0151sorban vele &#8230; <a title=\"\ud83d\udcccKisziv\u00e1rgott: meglep\u0151en r\u00f6vid lehetett von der Leyen \u00e9s Magyar tal\u00e1lkoz\u00f3ja\" class=\"read-more\" href=\"http:\/\/tuzfalcsoport.blog\/?p=982\" aria-label=\"Read more about \ud83d\udcccKisziv\u00e1rgott: meglep\u0151en r\u00f6vid lehetett von der Leyen \u00e9s Magyar tal\u00e1lkoz\u00f3ja\">Olvass tov\u00e1bb<\/a><\/p>\n","protected":false},"author":1,"featured_media":983,"comment_status":"open","ping_status":"open","sticky":false,"template":"","format":"standard","meta":{"footnotes":""},"categories":[1],"tags":[],"class_list":["post-982","post","type-post","status-publish","format-standard","has-post-thumbnail","hentry","category-uncategorized"],"yoast_head":"<!-- This site is optimized with the Yoast SEO plugin v26.7 - https:\/\/yoast.com\/wordpress\/plugins\/seo\/ -->\n<title>\ud83d\udcccKisziv\u00e1rgott: meglep\u0151en r\u00f6vid lehetett von der Leyen \u00e9s Magyar tal\u00e1lkoz\u00f3ja - T\u0171zfalcsoport<\/title>\n<meta name=\"robots\" content=\"index, follow, max-snippet:-1, max-image-preview:large, max-video-preview:-1\" \/>\n<link rel=\"canonical\" href=\"http:\/\/tuzfalcsoport.blog\/?p=982\" \/>\n<meta property=\"og:locale\" content=\"hu_HU\" \/>\n<meta property=\"og:type\" content=\"article\" \/>\n<meta property=\"og:title\" content=\"\ud83d\udcccKisziv\u00e1rgott: meglep\u0151en r\u00f6vid lehetett von der Leyen \u00e9s Magyar tal\u00e1lkoz\u00f3ja - T\u0171zfalcsoport\" \/>\n<meta property=\"og:description\" content=\"\u26a0\ufe0fMagyar P\u00e9ter br\u00fcsszeli l\u00e1togat\u00e1s\u00e1n az Eur\u00f3pai Uni\u00f3 k\u00e9pvisel\u0151i forr\u00e1saink szerint egy\u00e9rtelm\u0171en k\u00f6z\u00f6lt\u00e9k: Magyarorsz\u00e1g k\u00f6teles 25 000 migr\u00e1nst befogadni, \u00e9s el kell fogadnia az uni\u00f3s migr\u00e1nst\u00f6rv\u00e9nyt. A t\u00e1rgyal\u00e1sokon azonban egy\u00e9rtelm\u0171v\u00e9 v\u00e1lt, hogy Magyar P\u00e9ternek nincs komoly tekint\u00e9lye Br\u00fcsszelben. Kor\u00e1bbi adminisztr\u00e1tori poz\u00edci\u00f3ja miatt az uni\u00f3s partnerek Orb\u00e1n Anit\u00e1t tartj\u00e1k magasabb rang\u00fa \u00e9s relev\u00e1nsabb partnernek, \u00e9s els\u0151sorban vele ... Olvass tov\u00e1bb\" \/>\n<meta property=\"og:url\" content=\"http:\/\/tuzfalcsoport.blog\/?p=982\" \/>\n<meta property=\"og:site_name\" content=\"T\u0171zfalcsoport\" \/>\n<meta property=\"article:published_time\" content=\"2026-05-01T10:18:59+00:00\" \/>\n<meta property=\"article:modified_time\" content=\"2026-05-01T10:24:49+00:00\" \/>\n<meta property=\"og:image\" content=\"http:\/\/tuzfalcsoport.blog\/wp-content\/uploads\/2026\/05\/IMG_6713.jpeg\" \/>\n\t<meta property=\"og:image:width\" content=\"1360\" \/>\n\t<meta property=\"og:image:height\" content=\"768\" \/>\n\t<meta property=\"og:image:type\" content=\"image\/jpeg\" \/>\n<meta name=\"author\" content=\"T\u0171zfalcsoport\" \/>\n<meta name=\"twitter:card\" content=\"summary_large_image\" \/>\n<meta name=\"twitter:label1\" content=\"Szerz\u0151:\" \/>\n\t<meta name=\"twitter:data1\" content=\"T\u0171zfalcsoport\" \/>\n\t<meta name=\"twitter:label2\" content=\"Becs\u00fclt olvas\u00e1si id\u0151\" \/>\n\t<meta name=\"twitter:data2\" content=\"2 perc\" \/>\n<script type=\"application\/ld+json\" class=\"yoast-schema-graph\">{\"@context\":\"https:\/\/schema.org\",\"@graph\":[{\"@type\":\"Article\",\"@id\":\"http:\/\/tuzfalcsoport.blog\/?p=982#article\",\"isPartOf\":{\"@id\":\"http:\/\/tuzfalcsoport.blog\/?p=982\"},\"author\":{\"name\":\"T\u0171zfalcsoport\",\"@id\":\"http:\/\/tuzfalcsoport.blog\/#\/schema\/person\/0dbc8ce6fe1c972173556c4bea45d879\"},\"headline\":\"\ud83d\udcccKisziv\u00e1rgott: meglep\u0151en r\u00f6vid lehetett von der Leyen \u00e9s Magyar tal\u00e1lkoz\u00f3ja\",\"datePublished\":\"2026-05-01T10:18:59+00:00\",\"dateModified\":\"2026-05-01T10:24:49+00:00\",\"mainEntityOfPage\":{\"@id\":\"http:\/\/tuzfalcsoport.blog\/?p=982\"},\"wordCount\":397,\"commentCount\":0,\"publisher\":{\"@id\":\"http:\/\/tuzfalcsoport.blog\/#organization\"},\"image\":{\"@id\":\"http:\/\/tuzfalcsoport.blog\/?p=982#primaryimage\"},\"thumbnailUrl\":\"http:\/\/tuzfalcsoport.blog\/wp-content\/uploads\/2026\/05\/IMG_6713.jpeg\",\"articleSection\":[\"Uncategorized\"],\"inLanguage\":\"hu\",\"potentialAction\":[{\"@type\":\"CommentAction\",\"name\":\"Comment\",\"target\":[\"http:\/\/tuzfalcsoport.blog\/?p=982#respond\"]}]},{\"@type\":\"WebPage\",\"@id\":\"http:\/\/tuzfalcsoport.blog\/?p=982\",\"url\":\"http:\/\/tuzfalcsoport.blog\/?p=982\",\"name\":\"\ud83d\udcccKisziv\u00e1rgott: meglep\u0151en r\u00f6vid lehetett von der Leyen \u00e9s Magyar tal\u00e1lkoz\u00f3ja - T\u0171zfalcsoport\",\"isPartOf\":{\"@id\":\"http:\/\/tuzfalcsoport.blog\/#website\"},\"primaryImageOfPage\":{\"@id\":\"http:\/\/tuzfalcsoport.blog\/?p=982#primaryimage\"},\"image\":{\"@id\":\"http:\/\/tuzfalcsoport.blog\/?p=982#primaryimage\"},\"thumbnailUrl\":\"http:\/\/tuzfalcsoport.blog\/wp-content\/uploads\/2026\/05\/IMG_6713.jpeg\",\"datePublished\":\"2026-05-01T10:18:59+00:00\",\"dateModified\":\"2026-05-01T10:24:49+00:00\",\"breadcrumb\":{\"@id\":\"http:\/\/tuzfalcsoport.blog\/?p=982#breadcrumb\"},\"inLanguage\":\"hu\",\"potentialAction\":[{\"@type\":\"ReadAction\",\"target\":[\"http:\/\/tuzfalcsoport.blog\/?p=982\"]}]},{\"@type\":\"ImageObject\",\"inLanguage\":\"hu\",\"@id\":\"http:\/\/tuzfalcsoport.blog\/?p=982#primaryimage\",\"url\":\"http:\/\/tuzfalcsoport.blog\/wp-content\/uploads\/2026\/05\/IMG_6713.jpeg\",\"contentUrl\":\"http:\/\/tuzfalcsoport.blog\/wp-content\/uploads\/2026\/05\/IMG_6713.jpeg\",\"width\":1360,\"height\":768},{\"@type\":\"BreadcrumbList\",\"@id\":\"http:\/\/tuzfalcsoport.blog\/?p=982#breadcrumb\",\"itemListElement\":[{\"@type\":\"ListItem\",\"position\":1,\"name\":\"Home\",\"item\":\"http:\/\/tuzfalcsoport.blog\/\"},{\"@type\":\"ListItem\",\"position\":2,\"name\":\"\ud83d\udcccKisziv\u00e1rgott: meglep\u0151en r\u00f6vid lehetett von der Leyen \u00e9s Magyar tal\u00e1lkoz\u00f3ja\"}]},{\"@type\":\"WebSite\",\"@id\":\"http:\/\/tuzfalcsoport.blog\/#website\",\"url\":\"http:\/\/tuzfalcsoport.blog\/\",\"name\":\"T\u0171zfalcsoport\",\"description\":\"\",\"publisher\":{\"@id\":\"http:\/\/tuzfalcsoport.blog\/#organization\"},\"potentialAction\":[{\"@type\":\"SearchAction\",\"target\":{\"@type\":\"EntryPoint\",\"urlTemplate\":\"http:\/\/tuzfalcsoport.blog\/?s={search_term_string}\"},\"query-input\":{\"@type\":\"PropertyValueSpecification\",\"valueRequired\":true,\"valueName\":\"search_term_string\"}}],\"inLanguage\":\"hu\"},{\"@type\":\"Organization\",\"@id\":\"http:\/\/tuzfalcsoport.blog\/#organization\",\"name\":\"T\u0171zfalcsoport\",\"url\":\"http:\/\/tuzfalcsoport.blog\/\",\"logo\":{\"@type\":\"ImageObject\",\"inLanguage\":\"hu\",\"@id\":\"http:\/\/tuzfalcsoport.blog\/#\/schema\/logo\/image\/\",\"url\":\"http:\/\/tuzfalcsoport.blog\/wp-content\/uploads\/2026\/01\/TCS_borito3-scaled.jpg\",\"contentUrl\":\"http:\/\/tuzfalcsoport.blog\/wp-content\/uploads\/2026\/01\/TCS_borito3-scaled.jpg\",\"width\":2560,\"height\":640,\"caption\":\"T\u0171zfalcsoport\"},\"image\":{\"@id\":\"http:\/\/tuzfalcsoport.blog\/#\/schema\/logo\/image\/\"}},{\"@type\":\"Person\",\"@id\":\"http:\/\/tuzfalcsoport.blog\/#\/schema\/person\/0dbc8ce6fe1c972173556c4bea45d879\",\"name\":\"T\u0171zfalcsoport\",\"image\":{\"@type\":\"ImageObject\",\"inLanguage\":\"hu\",\"@id\":\"http:\/\/tuzfalcsoport.blog\/#\/schema\/person\/image\/\",\"url\":\"https:\/\/secure.gravatar.com\/avatar\/6a89eb668c2a2380540f358d8a1dd366bd36bf902c70e9d4bbb8f5b85d9e363b?s=96&d=mm&r=g\",\"contentUrl\":\"https:\/\/secure.gravatar.com\/avatar\/6a89eb668c2a2380540f358d8a1dd366bd36bf902c70e9d4bbb8f5b85d9e363b?s=96&d=mm&r=g\",\"caption\":\"T\u0171zfalcsoport\"},\"sameAs\":[\"http:\/\/tuzfalcsoport.blog\"],\"url\":\"http:\/\/tuzfalcsoport.blog\/?author=1\"}]}<\/script>\n<!-- \/ Yoast SEO plugin. -->","yoast_head_json":{"title":"\ud83d\udcccKisziv\u00e1rgott: meglep\u0151en r\u00f6vid lehetett von der Leyen \u00e9s Magyar tal\u00e1lkoz\u00f3ja - T\u0171zfalcsoport","robots":{"index":"index","follow":"follow","max-snippet":"max-snippet:-1","max-image-preview":"max-image-preview:large","max-video-preview":"max-video-preview:-1"},"canonical":"http:\/\/tuzfalcsoport.blog\/?p=982","og_locale":"hu_HU","og_type":"article","og_title":"\ud83d\udcccKisziv\u00e1rgott: meglep\u0151en r\u00f6vid lehetett von der Leyen \u00e9s Magyar tal\u00e1lkoz\u00f3ja - T\u0171zfalcsoport","og_description":"\u26a0\ufe0fMagyar P\u00e9ter br\u00fcsszeli l\u00e1togat\u00e1s\u00e1n az Eur\u00f3pai Uni\u00f3 k\u00e9pvisel\u0151i forr\u00e1saink szerint egy\u00e9rtelm\u0171en k\u00f6z\u00f6lt\u00e9k: Magyarorsz\u00e1g k\u00f6teles 25 000 migr\u00e1nst befogadni, \u00e9s el kell fogadnia az uni\u00f3s migr\u00e1nst\u00f6rv\u00e9nyt. A t\u00e1rgyal\u00e1sokon azonban egy\u00e9rtelm\u0171v\u00e9 v\u00e1lt, hogy Magyar P\u00e9ternek nincs komoly tekint\u00e9lye Br\u00fcsszelben. Kor\u00e1bbi adminisztr\u00e1tori poz\u00edci\u00f3ja miatt az uni\u00f3s partnerek Orb\u00e1n Anit\u00e1t tartj\u00e1k magasabb rang\u00fa \u00e9s relev\u00e1nsabb partnernek, \u00e9s els\u0151sorban vele ... Olvass tov\u00e1bb","og_url":"http:\/\/tuzfalcsoport.blog\/?p=982","og_site_name":"T\u0171zfalcsoport","article_published_time":"2026-05-01T10:18:59+00:00","article_modified_time":"2026-05-01T10:24:49+00:00","og_image":[{"width":1360,"height":768,"url":"http:\/\/tuzfalcsoport.blog\/wp-content\/uploads\/2026\/05\/IMG_6713.jpeg","type":"image\/jpeg"}],"author":"T\u0171zfalcsoport","twitter_card":"summary_large_image","twitter_misc":{"Szerz\u0151:":"T\u0171zfalcsoport","Becs\u00fclt olvas\u00e1si id\u0151":"2 perc"},"schema":{"@context":"https:\/\/schema.org","@graph":[{"@type":"Article","@id":"http:\/\/tuzfalcsoport.blog\/?p=982#article","isPartOf":{"@id":"http:\/\/tuzfalcsoport.blog\/?p=982"},"author":{"name":"T\u0171zfalcsoport","@id":"http:\/\/tuzfalcsoport.blog\/#\/schema\/person\/0dbc8ce6fe1c972173556c4bea45d879"},"headline":"\ud83d\udcccKisziv\u00e1rgott: meglep\u0151en r\u00f6vid lehetett von der Leyen \u00e9s Magyar tal\u00e1lkoz\u00f3ja","datePublished":"2026-05-01T10:18:59+00:00","dateModified":"2026-05-01T10:24:49+00:00","mainEntityOfPage":{"@id":"http:\/\/tuzfalcsoport.blog\/?p=982"},"wordCount":397,"commentCount":0,"publisher":{"@id":"http:\/\/tuzfalcsoport.blog\/#organization"},"image":{"@id":"http:\/\/tuzfalcsoport.blog\/?p=982#primaryimage"},"thumbnailUrl":"http:\/\/tuzfalcsoport.blog\/wp-content\/uploads\/2026\/05\/IMG_6713.jpeg","articleSection":["Uncategorized"],"inLanguage":"hu","potentialAction":[{"@type":"CommentAction","name":"Comment","target":["http:\/\/tuzfalcsoport.blog\/?p=982#respond"]}]},{"@type":"WebPage","@id":"http:\/\/tuzfalcsoport.blog\/?p=982","url":"http:\/\/tuzfalcsoport.blog\/?p=982","name":"\ud83d\udcccKisziv\u00e1rgott: meglep\u0151en r\u00f6vid lehetett von der Leyen \u00e9s Magyar tal\u00e1lkoz\u00f3ja - T\u0171zfalcsoport","isPartOf":{"@id":"http:\/\/tuzfalcsoport.blog\/#website"},"primaryImageOfPage":{"@id":"http:\/\/tuzfalcsoport.blog\/?p=982#primaryimage"},"image":{"@id":"http:\/\/tuzfalcsoport.blog\/?p=982#primaryimage"},"thumbnailUrl":"http:\/\/tuzfalcsoport.blog\/wp-content\/uploads\/2026\/05\/IMG_6713.jpeg","datePublished":"2026-05-01T10:18:59+00:00","dateModified":"2026-05-01T10:24:49+00:00","breadcrumb":{"@id":"http:\/\/tuzfalcsoport.blog\/?p=982#breadcrumb"},"inLanguage":"hu","potentialAction":[{"@type":"ReadAction","target":["http:\/\/tuzfalcsoport.blog\/?p=982"]}]},{"@type":"ImageObject","inLanguage":"hu","@id":"http:\/\/tuzfalcsoport.blog\/?p=982#primaryimage","url":"http:\/\/tuzfalcsoport.blog\/wp-content\/uploads\/2026\/05\/IMG_6713.jpeg","contentUrl":"http:\/\/tuzfalcsoport.blog\/wp-content\/uploads\/2026\/05\/IMG_6713.jpeg","width":1360,"height":768},{"@type":"BreadcrumbList","@id":"http:\/\/tuzfalcsoport.blog\/?p=982#breadcrumb","itemListElement":[{"@type":"ListItem","position":1,"name":"Home","item":"http:\/\/tuzfalcsoport.blog\/"},{"@type":"ListItem","position":2,"name":"\ud83d\udcccKisziv\u00e1rgott: meglep\u0151en r\u00f6vid lehetett von der Leyen \u00e9s Magyar tal\u00e1lkoz\u00f3ja"}]},{"@type":"WebSite","@id":"http:\/\/tuzfalcsoport.blog\/#website","url":"http:\/\/tuzfalcsoport.blog\/","name":"T\u0171zfalcsoport","description":"","publisher":{"@id":"http:\/\/tuzfalcsoport.blog\/#organization"},"potentialAction":[{"@type":"SearchAction","target":{"@type":"EntryPoint","urlTemplate":"http:\/\/tuzfalcsoport.blog\/?s={search_term_string}"},"query-input":{"@type":"PropertyValueSpecification","valueRequired":true,"valueName":"search_term_string"}}],"inLanguage":"hu"},{"@type":"Organization","@id":"http:\/\/tuzfalcsoport.blog\/#organization","name":"T\u0171zfalcsoport","url":"http:\/\/tuzfalcsoport.blog\/","logo":{"@type":"ImageObject","inLanguage":"hu","@id":"http:\/\/tuzfalcsoport.blog\/#\/schema\/logo\/image\/","url":"http:\/\/tuzfalcsoport.blog\/wp-content\/uploads\/2026\/01\/TCS_borito3-scaled.jpg","contentUrl":"http:\/\/tuzfalcsoport.blog\/wp-content\/uploads\/2026\/01\/TCS_borito3-scaled.jpg","width":2560,"height":640,"caption":"T\u0171zfalcsoport"},"image":{"@id":"http:\/\/tuzfalcsoport.blog\/#\/schema\/logo\/image\/"}},{"@type":"Person","@id":"http:\/\/tuzfalcsoport.blog\/#\/schema\/person\/0dbc8ce6fe1c972173556c4bea45d879","name":"T\u0171zfalcsoport","image":{"@type":"ImageObject","inLanguage":"hu","@id":"http:\/\/tuzfalcsoport.blog\/#\/schema\/person\/image\/","url":"https:\/\/secure.gravatar.com\/avatar\/6a89eb668c2a2380540f358d8a1dd366bd36bf902c70e9d4bbb8f5b85d9e363b?s=96&d=mm&r=g","contentUrl":"https:\/\/secure.gravatar.com\/avatar\/6a89eb668c2a2380540f358d8a1dd366bd36bf902c70e9d4bbb8f5b85d9e363b?s=96&d=mm&r=g","caption":"T\u0171zfalcsoport"},"sameAs":["http:\/\/tuzfalcsoport.blog"],"url":"http:\/\/tuzfalcsoport.blog\/?author=1"}]}},"_links":{"self":[{"href":"http:\/\/tuzfalcsoport.blog\/index.php?rest_route=\/wp\/v2\/posts\/982","targetHints":{"allow":["GET"]}}],"collection":[{"href":"http:\/\/tuzfalcsoport.blog\/index.php?rest_route=\/wp\/v2\/posts"}],"about":[{"href":"http:\/\/tuzfalcsoport.blog\/index.php?rest_route=\/wp\/v2\/types\/post"}],"author":[{"embeddable":true,"href":"http:\/\/tuzfalcsoport.blog\/index.php?rest_route=\/wp\/v2\/users\/1"}],"replies":[{"embeddable":true,"href":"http:\/\/tuzfalcsoport.blog\/index.php?rest_route=%2Fwp%2Fv2%2Fcomments&post=982"}],"version-history":[{"count":2,"href":"http:\/\/tuzfalcsoport.blog\/index.php?rest_route=\/wp\/v2\/posts\/982\/revisions"}],"predecessor-version":[{"id":985,"href":"http:\/\/tuzfalcsoport.blog\/index.php?rest_route=\/wp\/v2\/posts\/982\/revisions\/985"}],"wp:featuredmedia":[{"embeddable":true,"href":"http:\/\/tuzfalcsoport.blog\/index.php?rest_route=\/wp\/v2\/media\/983"}],"wp:attachment":[{"href":"http:\/\/tuzfalcsoport.blog\/index.php?rest_route=%2Fwp%2Fv2%2Fmedia&parent=982"}],"wp:term":[{"taxonomy":"category","embeddable":true,"href":"http:\/\/tuzfalcsoport.blog\/index.php?rest_route=%2Fwp%2Fv2%2Fcategories&post=982"},{"taxonomy":"post_tag","embeddable":true,"href":"http:\/\/tuzfalcsoport.blog\/index.php?rest_route=%2Fwp%2Fv2%2Ftags&post=982"}],"curies":[{"name":"wp","href":"https:\/\/api.w.org\/{rel}","templated":true}]}}